{"id":221911,"date":"2025-07-03T00:26:30","date_gmt":"2025-07-03T00:26:30","guid":{"rendered":"https:\/\/www.europesays.com\/fr\/221911\/"},"modified":"2025-07-03T00:26:30","modified_gmt":"2025-07-03T00:26:30","slug":"des-eleves-au-firmament-de-concours-nationaux","status":"publish","type":"post","link":"https:\/\/www.europesays.com\/fr\/221911\/","title":{"rendered":"des \u00e9l\u00e8ves au firmament de concours nationaux"},"content":{"rendered":"<p>La magnifique deuxi\u00e8me place nationale de Nina au D\u00e9fi\u2019Mots de fran\u00e7ais face aux 5\u00a0793 candidats du niveau quatri\u00e8me est particuli\u00e8rement remarquable. La 36e place d\u2019\u00c9lise sur 11\u00a0159 inscrits en cinqui\u00e8me, le 114e rang sur 14\u00a0193 de Manon, \u00e9l\u00e8ve de sixi\u00e8me qui a aussi affront\u00e9 le concours de math\u00e9matiques, et en troisi\u00e8me, Justine qui termine 264e sur 3\u00a0577, le sont aussi.<\/p>\n<p>\u00ab Se mesurer \u00e0 d\u2019autres donne aux cours une dimension palpable \u00bb<\/p>\n<p>\u00ab\u00a0Les jeunes sont plong\u00e9s dans des situations concr\u00e8tes de l\u2019apprentissage de la langue fran\u00e7aise&#8230;.<\/p>\n","protected":false},"excerpt":{"rendered":"La magnifique deuxi\u00e8me place nationale de Nina au D\u00e9fi\u2019Mots de fran\u00e7ais face aux 5\u00a0793 candidats du niveau quatri\u00e8me&hellip;\n","protected":false},"author":2,"featured_media":221912,"comment_status":"","ping_status":"","sticky":false,"template":"","format":"standard","meta":{"footnotes":""},"categories":[9653],"tags":[1111,11,2430,3599,7539,1057,1777,674,1011,27,12,25,9669,9670,4001],"class_list":{"0":"post-221911","1":"post","2":"type-post","3":"status-publish","4":"format-standard","5":"has-post-thumbnail","7":"category-saint-etienne","8":"tag-actu","9":"tag-actualites","10":"tag-auvergne-rhone-alpes","11":"tag-college-lycee","12":"tag-edition-loire-sud","13":"tag-education","14":"tag-eu","15":"tag-europe","16":"tag-fr","17":"tag-france","18":"tag-news","19":"tag-republique-francaise","20":"tag-saint-chamond","21":"tag-saint-chamond-ville","22":"tag-saint-etienne"},"share_on_mastodon":{"url":"https:\/\/pubeurope.com\/@fr\/114786466812873820","error":""},"_links":{"self":[{"href":"https:\/\/www.europesays.com\/fr\/wp-json\/wp\/v2\/posts\/221911","targetHints":{"allow":["GET"]}}],"collection":[{"href":"https:\/\/www.europesays.com\/fr\/wp-json\/wp\/v2\/posts"}],"about":[{"href":"https:\/\/www.europesays.com\/fr\/wp-json\/wp\/v2\/types\/post"}],"author":[{"embeddable":true,"href":"https:\/\/www.europesays.com\/fr\/wp-json\/wp\/v2\/users\/2"}],"replies":[{"embeddable":true,"href":"https:\/\/www.europesays.com\/fr\/wp-json\/wp\/v2\/comments?post=221911"}],"version-history":[{"count":0,"href":"https:\/\/www.europesays.com\/fr\/wp-json\/wp\/v2\/posts\/221911\/revisions"}],"wp:featuredmedia":[{"embeddable":true,"href":"https:\/\/www.europesays.com\/fr\/wp-json\/wp\/v2\/media\/221912"}],"wp:attachment":[{"href":"https:\/\/www.europesays.com\/fr\/wp-json\/wp\/v2\/media?parent=221911"}],"wp:term":[{"taxonomy":"category","embeddable":true,"href":"https:\/\/www.europesays.com\/fr\/wp-json\/wp\/v2\/categories?post=221911"},{"taxonomy":"post_tag","embeddable":true,"href":"https:\/\/www.europesays.com\/fr\/wp-json\/wp\/v2\/tags?post=221911"}],"curies":[{"name":"wp","href":"https:\/\/api.w.org\/{rel}","templated":true}]}}