{"id":221915,"date":"2025-07-03T00:28:12","date_gmt":"2025-07-03T00:28:12","guid":{"rendered":"https:\/\/www.europesays.com\/fr\/221915\/"},"modified":"2025-07-03T00:28:12","modified_gmt":"2025-07-03T00:28:12","slug":"la-departementale-115b-fermee-jusquen-septembre","status":"publish","type":"post","link":"https:\/\/www.europesays.com\/fr\/221915\/","title":{"rendered":"la d\u00e9partementale 115b ferm\u00e9e jusqu\u2019en septembre"},"content":{"rendered":"<p>Les op\u00e9rations s\u2019annoncent \u00abspectaculaires\u00bb, avertit d\u2019ores et d\u00e9j\u00e0 le D\u00e9partement. Les trois ponts de M\u00e9r\u00e9ville qui enjambent la Moselle vont bient\u00f4t \u00eatre d\u00e9mont\u00e9s : les premi\u00e8res interventions d\u00e9buteront ce lundi 7 juillet. Cons\u00e9quence, la route d\u00e9partementale 115b sera ferm\u00e9e \u00e0 partir de cette date et ce jusqu\u2019\u00e0 fin septembre 2025. Cette interdiction de circulation concerne les voitures et les camions mais aussi les pi\u00e9tons et les cyclistes.<\/p>\n<p>Ce contenu est bloqu\u00e9 car vous n&rsquo;avez pas accept\u00e9 les cookies et autres traceurs.<\/p>\n<p>En cliquant sur \u00ab J\u2019accepte \u00bb, les cookies et autres traceurs seront d\u00e9pos\u00e9s et vous pourrez visualiser les contenus  (<a href=\"\" class=\"consentModule_policy\" target=\"_blank\" title=\"Consulter la politique de protection des donn\u00e9es du fournisseur\">plus d&rsquo;informations<\/a>).<\/p>\n<p>En cliquant sur \u00ab J\u2019accepte tous les cookies \u00bb, vous autorisez des d\u00e9p\u00f4ts de cookies et autres traceurs pour le stockage de vos donn\u00e9es sur nos sites et applications \u00e0 des fins de personnalisation et de ciblage publicitaire.<\/p>\n<p class=\"consentModule_secondaryText\">Vous gardez la possibilit\u00e9 de retirer votre consentement \u00e0 tout moment en consultant notre <a href=\"https:\/\/www.estrepublicain.fr\/protection-des-donnees\" target=\"_blank\" title=\"Consulter notre politique de protection des donn\u00e9es\" rel=\"noopener\">politique de protection des donn\u00e9es<\/a>. <br \/>&#13;<br \/>\n            <a href=\"https:\/\/www.estrepublicain.fr\/economie\/2025\/07\/02\/javascript:Didomi.notice.show()\" class=\"consentModule_cmp\" target=\"_blank\" rel=\"noopener\">G\u00e9rer mes choix<\/a>&#13;\n        <\/p>\n<p>&#13;<br \/>\n                        J&rsquo;accepte&#13;<br \/>\n            J&rsquo;accepte tous les cookies&#13;\n        <\/p>\n<p>Le temps fort de la d\u00e9construction des ponts de M\u00e9r\u00e9ville devrait avoir lieu \u00ab entre le 21 et le 25 juillet \u00bb, pr\u00e9cise le D\u00e9partement, qui rappelle que <a href=\"https:\/\/www.estrepublicain.fr\/education\/2025\/05\/31\/pont-de-mereville-le-chantier-du-btp-s-ouvre-aux-collegiens\" target=\"_blank\" rel=\"noopener\">le chantier<\/a> est interdit au public.<\/p>\n<p>Vieillissants et en fin de vie, ces trois ponts successifs qui supportent la d\u00e9partementale 115b vont \u00eatre <a href=\"https:\/\/www.estrepublicain.fr\/transport\/2024\/06\/15\/plus-de-8-m-et-15-mois-de-travaux-pour-le-futur-pont-sur-la-moselle\" target=\"_blank\" rel=\"noopener\">remplac\u00e9s par un \u00e9difice unique.<\/a> D\u2019une longueur de 155 m\u00e8tres et d\u2019une dur\u00e9e de vie de \u00ab100 ans minimum\u00bb, <a href=\"https:\/\/www.estrepublicain.fr\/education\/2024\/09\/09\/le-futur-pont-a-la-base-d-un-projet-avec-le-college-jules-ferry\" target=\"_blank\" rel=\"noopener\">ce pont<\/a> devrait ouvrir pour septembre 2025.<\/p>\n<p>Il s\u2019agit du pont \u00ab le plus cher que la collectivit\u00e9 ait jamais construit mais aussi l\u2019un des plus respectueux de l\u2019environnement \u00bb, avait pr\u00e9cis\u00e9 <a href=\"https:\/\/www.estrepublicain.fr\/economie\/2024\/11\/25\/n-allons-nous-pas-devenir-une-succursale-prefectorale-s-interroge-la-conseillere-departementale-de-meurthe-et-moselle-audrey-bardot\" target=\"_blank\" rel=\"noopener\">Audrey Bardot, vice-pr\u00e9sidente du D\u00e9partement d\u00e9l\u00e9gu\u00e9e aux infrastructures et aux mobilit\u00e9s.<\/a><\/p>\n<p>Co\u00fbt de l\u2019op\u00e9ration pour le D\u00e9partement : 8,5 millions d\u2019euros.<\/p>\n","protected":false},"excerpt":{"rendered":"Les op\u00e9rations s\u2019annoncent \u00abspectaculaires\u00bb, avertit d\u2019ores et d\u00e9j\u00e0 le D\u00e9partement. Les trois ponts de M\u00e9r\u00e9ville qui enjambent la&hellip;\n","protected":false},"author":2,"featured_media":221916,"comment_status":"","ping_status":"","sticky":false,"template":"","format":"standard","meta":{"footnotes":""},"categories":[9635],"tags":[1111,11,4749,9848,3542,33,1704,1777,674,1011,27,775,36101,3457,1702,12,25,104,2803],"class_list":{"0":"post-221915","1":"post","2":"type-post","3":"status-publish","4":"format-standard","5":"has-post-thumbnail","7":"category-nancy","8":"tag-actu","9":"tag-actualites","10":"tag-btp-et-chantiers","11":"tag-cc-moselle-et-madon-54b","12":"tag-circulation","13":"tag-economie","14":"tag-edition-nancy-et-agglomeration","15":"tag-eu","16":"tag-europe","17":"tag-fr","18":"tag-france","19":"tag-grand-est","20":"tag-mereville","21":"tag-meurthe-et-moselle","22":"tag-nancy","23":"tag-news","24":"tag-republique-francaise","25":"tag-societe","26":"tag-transport"},"share_on_mastodon":{"url":"https:\/\/pubeurope.com\/@fr\/114786474767224641","error":""},"_links":{"self":[{"href":"https:\/\/www.europesays.com\/fr\/wp-json\/wp\/v2\/posts\/221915","targetHints":{"allow":["GET"]}}],"collection":[{"href":"https:\/\/www.europesays.com\/fr\/wp-json\/wp\/v2\/posts"}],"about":[{"href":"https:\/\/www.europesays.com\/fr\/wp-json\/wp\/v2\/types\/post"}],"author":[{"embeddable":true,"href":"https:\/\/www.europesays.com\/fr\/wp-json\/wp\/v2\/users\/2"}],"replies":[{"embeddable":true,"href":"https:\/\/www.europesays.com\/fr\/wp-json\/wp\/v2\/comments?post=221915"}],"version-history":[{"count":0,"href":"https:\/\/www.europesays.com\/fr\/wp-json\/wp\/v2\/posts\/221915\/revisions"}],"wp:featuredmedia":[{"embeddable":true,"href":"https:\/\/www.europesays.com\/fr\/wp-json\/wp\/v2\/media\/221916"}],"wp:attachment":[{"href":"https:\/\/www.europesays.com\/fr\/wp-json\/wp\/v2\/media?parent=221915"}],"wp:term":[{"taxonomy":"category","embeddable":true,"href":"https:\/\/www.europesays.com\/fr\/wp-json\/wp\/v2\/categories?post=221915"},{"taxonomy":"post_tag","embeddable":true,"href":"https:\/\/www.europesays.com\/fr\/wp-json\/wp\/v2\/tags?post=221915"}],"curies":[{"name":"wp","href":"https:\/\/api.w.org\/{rel}","templated":true}]}}