{"id":221917,"date":"2025-07-03T00:29:12","date_gmt":"2025-07-03T00:29:12","guid":{"rendered":"https:\/\/www.europesays.com\/fr\/221917\/"},"modified":"2025-07-03T00:29:12","modified_gmt":"2025-07-03T00:29:12","slug":"un-mort-lors-dune-rixe-avec-des-coups-de-couteau-dans-un-foyer","status":"publish","type":"post","link":"https:\/\/www.europesays.com\/fr\/221917\/","title":{"rendered":"Un mort lors d\u2019une rixe avec des coups de couteau dans un foyer"},"content":{"rendered":"<p>Un drame a eu lieu en d\u00e9but de semaine \u00e0 <a href=\"https:\/\/www.20minutes.fr\/dossier\/nancy\" target=\"_blank\" class=\"color-ultramarine c-link\" rel=\"nofollow noopener\">Nancy<\/a>. Un homme est mort et deux autres ont \u00e9t\u00e9 bless\u00e9s lors d\u2019une <a href=\"https:\/\/www.20minutes.fr\/societe\/rixe\/\" target=\"_blank\" class=\"color-ultramarine c-link\" rel=\"nofollow noopener\">rixe<\/a> \u00e0 l\u2019arme blanche lundi soir.<\/p>\n<p>Les faits ont eu lieu dans un foyer pour majeurs dans cette ville de <a href=\"https:\/\/www.20minutes.fr\/dossier\/meurthe-et-moselle\" target=\"_blank\" class=\"color-ultramarine c-link\" rel=\"nofollow noopener\">Meurthe-et-Moselle<\/a>, selon une source polici\u00e8re mercredi. L\u2019auteur des coups de couteau a \u00e9t\u00e9 interpell\u00e9 et plac\u00e9 en garde \u00e0 vue.<\/p>\n<p>Une victime bless\u00e9e au thorax<\/p>\n<p>Les trois victimes sont \u00e2g\u00e9es respectivement de 33, 43 et 79 ans, sans que l\u2019on sache \u00e0 ce stade lequel est mort et lesquels ont \u00e9t\u00e9 bless\u00e9s. L\u2019un des bless\u00e9s l\u2019a \u00e9t\u00e9 au thorax, l\u2019autre au bras.<\/p>\n<\/p>\n<p>Sollicit\u00e9, le parquet de Nancy n\u2019a pas apport\u00e9 de pr\u00e9cision dans l\u2019imm\u00e9diat.<\/p>\n","protected":false},"excerpt":{"rendered":"Un drame a eu lieu en d\u00e9but de semaine \u00e0 Nancy. Un homme est mort et deux autres&hellip;\n","protected":false},"author":2,"featured_media":221918,"comment_status":"","ping_status":"","sticky":false,"template":"","format":"standard","meta":{"footnotes":""},"categories":[9635],"tags":[1111,47,11,7623,1777,674,118,1011,27,775,776,3457,1702,12,25,5510,133],"class_list":{"0":"post-221917","1":"post","2":"type-post","3":"status-publish","4":"format-standard","5":"has-post-thumbnail","7":"category-nancy","8":"tag-actu","9":"tag-actualite","10":"tag-actualites","11":"tag-coup-de-couteau","12":"tag-eu","13":"tag-europe","14":"tag-faits-divers","15":"tag-fr","16":"tag-france","17":"tag-grand-est","18":"tag-lorraine","19":"tag-meurthe-et-moselle","20":"tag-nancy","21":"tag-news","22":"tag-republique-francaise","23":"tag-rixe","24":"tag-video"},"share_on_mastodon":{"url":"https:\/\/pubeurope.com\/@fr\/114786478537386820","error":""},"_links":{"self":[{"href":"https:\/\/www.europesays.com\/fr\/wp-json\/wp\/v2\/posts\/221917","targetHints":{"allow":["GET"]}}],"collection":[{"href":"https:\/\/www.europesays.com\/fr\/wp-json\/wp\/v2\/posts"}],"about":[{"href":"https:\/\/www.europesays.com\/fr\/wp-json\/wp\/v2\/types\/post"}],"author":[{"embeddable":true,"href":"https:\/\/www.europesays.com\/fr\/wp-json\/wp\/v2\/users\/2"}],"replies":[{"embeddable":true,"href":"https:\/\/www.europesays.com\/fr\/wp-json\/wp\/v2\/comments?post=221917"}],"version-history":[{"count":0,"href":"https:\/\/www.europesays.com\/fr\/wp-json\/wp\/v2\/posts\/221917\/revisions"}],"wp:featuredmedia":[{"embeddable":true,"href":"https:\/\/www.europesays.com\/fr\/wp-json\/wp\/v2\/media\/221918"}],"wp:attachment":[{"href":"https:\/\/www.europesays.com\/fr\/wp-json\/wp\/v2\/media?parent=221917"}],"wp:term":[{"taxonomy":"category","embeddable":true,"href":"https:\/\/www.europesays.com\/fr\/wp-json\/wp\/v2\/categories?post=221917"},{"taxonomy":"post_tag","embeddable":true,"href":"https:\/\/www.europesays.com\/fr\/wp-json\/wp\/v2\/tags?post=221917"}],"curies":[{"name":"wp","href":"https:\/\/api.w.org\/{rel}","templated":true}]}}