{"id":221919,"date":"2025-07-03T00:30:18","date_gmt":"2025-07-03T00:30:18","guid":{"rendered":"https:\/\/www.europesays.com\/fr\/221919\/"},"modified":"2025-07-03T00:30:18","modified_gmt":"2025-07-03T00:30:18","slug":"le-ministre-des-armees-sebastien-lecornu-attendu-a-toulon-ce-vendredi-2","status":"publish","type":"post","link":"https:\/\/www.europesays.com\/fr\/221919\/","title":{"rendered":"Le ministre des Arm\u00e9es S\u00e9bastien Lecornu attendu \u00e0 Toulon ce vendredi"},"content":{"rendered":"<p>D\u2019apr\u00e8s nos informations, S\u00e9bastien Lecornu sera en d\u00e9placement \u00e0 Toulon ce vendredi 4 juillet.<\/p>\n<p>Le ministre des Arm\u00e9es est attendu le matin \u00e0 la base navale o\u00f9 il pr\u00e9sidera la c\u00e9r\u00e9monie d\u2019admission au service actif du Tourville, troisi\u00e8me sous-marin nucl\u00e9aire d\u2019attaque de la classe Suffren. .<\/p>\n<p>Dans la foul\u00e9e, S\u00e9bastien Lecornu devrait se rendre aux Rencontres \u00e9conomiques d\u2019Aix-en-Provence o\u00f9 il interviendra sur le th\u00e8me de l\u2019\u00e9conomie de guerre.<\/p>\n","protected":false},"excerpt":{"rendered":"D\u2019apr\u00e8s nos informations, S\u00e9bastien Lecornu sera en d\u00e9placement \u00e0 Toulon ce vendredi 4 juillet. Le ministre des Arm\u00e9es&hellip;\n","protected":false},"author":2,"featured_media":219107,"comment_status":"","ping_status":"","sticky":false,"template":"","format":"standard","meta":{"footnotes":""},"categories":[9619],"tags":[1111,11,554,1777,674,1011,27,6128,12,882,25,2310],"class_list":{"0":"post-221919","1":"post","2":"type-post","3":"status-publish","4":"format-standard","5":"has-post-thumbnail","7":"category-toulon","8":"tag-actu","9":"tag-actualites","10":"tag-defense","11":"tag-eu","12":"tag-europe","13":"tag-fr","14":"tag-france","15":"tag-marine","16":"tag-news","17":"tag-provence-alpes-cote-dazur","18":"tag-republique-francaise","19":"tag-toulon"},"share_on_mastodon":{"url":"https:\/\/pubeurope.com\/@fr\/114786482472754365","error":""},"_links":{"self":[{"href":"https:\/\/www.europesays.com\/fr\/wp-json\/wp\/v2\/posts\/221919","targetHints":{"allow":["GET"]}}],"collection":[{"href":"https:\/\/www.europesays.com\/fr\/wp-json\/wp\/v2\/posts"}],"about":[{"href":"https:\/\/www.europesays.com\/fr\/wp-json\/wp\/v2\/types\/post"}],"author":[{"embeddable":true,"href":"https:\/\/www.europesays.com\/fr\/wp-json\/wp\/v2\/users\/2"}],"replies":[{"embeddable":true,"href":"https:\/\/www.europesays.com\/fr\/wp-json\/wp\/v2\/comments?post=221919"}],"version-history":[{"count":0,"href":"https:\/\/www.europesays.com\/fr\/wp-json\/wp\/v2\/posts\/221919\/revisions"}],"wp:featuredmedia":[{"embeddable":true,"href":"https:\/\/www.europesays.com\/fr\/wp-json\/wp\/v2\/media\/219107"}],"wp:attachment":[{"href":"https:\/\/www.europesays.com\/fr\/wp-json\/wp\/v2\/media?parent=221919"}],"wp:term":[{"taxonomy":"category","embeddable":true,"href":"https:\/\/www.europesays.com\/fr\/wp-json\/wp\/v2\/categories?post=221919"},{"taxonomy":"post_tag","embeddable":true,"href":"https:\/\/www.europesays.com\/fr\/wp-json\/wp\/v2\/tags?post=221919"}],"curies":[{"name":"wp","href":"https:\/\/api.w.org\/{rel}","templated":true}]}}