{"id":221928,"date":"2025-07-03T00:38:11","date_gmt":"2025-07-03T00:38:11","guid":{"rendered":"https:\/\/www.europesays.com\/fr\/221928\/"},"modified":"2025-07-03T00:38:11","modified_gmt":"2025-07-03T00:38:11","slug":"un-festival-melant-musique-metal-et-univers-medieval-ce-week-end","status":"publish","type":"post","link":"https:\/\/www.europesays.com\/fr\/221928\/","title":{"rendered":"un festival m\u00ealant musique metal et univers m\u00e9di\u00e9val ce week-end"},"content":{"rendered":"<p>            Par<br \/>\n        <strong><br \/>\n            <a href=\"https:\/\/actu.fr\/auteur\/redaction-jv\" title=\"Consulter tous les articles de R\u00e9daction Vitr\u00e9\" rel=\"nofollow noopener\" target=\"_blank\">R\u00e9daction Vitr\u00e9<\/a><br \/>\n        <\/strong><\/p>\n<p>        Publi\u00e9 le<\/p>\n<p>            2 juil. 2025 \u00e0 18h08        <\/p>\n<p>Des musiques rock\u2026 orient\u00e9es metal\u2026 dans un <b>univers m\u00e9di\u00e9val<\/b>. Voil\u00e0 l\u2019ambiance du festival Ar\u2019Vran <a href=\"https:\/\/actu.fr\/?s=metal\" rel=\"nofollow noopener\" target=\"_blank\">metal<\/a> qui revient pour une troisi\u00e8me ann\u00e9e en Ille-et-Vilaine \u00e0 Janz\u00e9, avec <b>des styles folk, black ou encore pagan<\/b>*.<\/p>\n<p class=\" wall-content\">Pour les amateurs, <b>quatorze groupes<\/b> se produiront, dont la moiti\u00e9 <b>\u00e9trangers <\/b>(allemands, \u00e9cossais, irlandais, belges et n\u00e9erlandais).<\/p>\n<p class=\" wall-content\">Tout cela \u00e0 la salle du Gentieg et sur le site de l\u2019Yve.<\/p>\n<p class=\" wall-content\">\u00ab\u2009Au Gentieg, nous disposons d\u2019une <b>salle plus grande <\/b>pour accueillir le public. Janz\u00e9 est une ville culturelle\u2009\u00bb, souligne Patrice Gaston, le responsable de l\u2019organisation.<\/p>\n<p>La programmation<\/p>\n<p class=\" wall-content\"><b>Vendredi 4\u00a0juillet<\/b>. \u00c0 21h30 au bar Ty Grou, ZA La Chauveli\u00e8re, concert de Pagan m\u00e9tal. Gratuit.<\/p>\n<p>Vid\u00e9os : en ce moment sur Actu<\/p>\n<p class=\" wall-content\"><b>Samedi 5\u00a0juillet.<\/b> \u00c0 12h30-13h15\u2009: Tan Noz\u2009; 13\u2009h\u200945-14h30\u2009: Mourning Wood\u2009; 15h20-16h20\u2009: Orkys\u2009; 17h10-18h10\u2009: Cave Growl\u2009; 19h-20h\u2009: Obscurity\u2009; 20h30- 21h30\u2009: Aktarum\u2009; 22h30-23h30\u2009: Saor\u2009; 00h-1h15\u2009: Equilibrium.<\/p>\n<p class=\" wall-content\"><b>Dimanche 6\u00a0juillet.<\/b> Concerts \u00e0 14h-14h40\u2009: Glyphe\u2009; 15h30-16h30\u2009: Pitkan Matkan\u2009; 17h20-18h10\u2009: Les Chants de Nihil\u2009; 19h-19h45\u2009: Belenos\u2009; 20h35-21h35\u2009: Cruachan\u2009; 22h45-23h45\u2009: Heidevolk.<\/p>\n<p class=\" wall-content\"><b>Samedi 4\u00a0juillet<\/b> \u00e0 11h30, conf\u00e9rence d\u2019Alexandre Jamin\u2009; 14h40\u2009: contes les Escrimousses\u2009; 16h30\u2009: concert\u2009: Dourgan\u2009; 18h20\u2009: contes\u2009: les Escrimousses\u2009: 21h40\u2009: d\u00e9mo jonglerie Bar Ty Grou\u2009; 21h50\u2009: concert\u2009: Laurence Bouvin\u2009; 23h40\u2009: spectacle de feu\u2009: Duasard concept\u2009; en continu\u2009: Camp m\u00e9di\u00e9val Ar Laouen Broc\u2019h\u2009; Forgeron La Forge des Lords\u2009; Troll ball les Escrimousses\u2009; musique\u2009: Le chaudron noir du chaos.<\/p>\n<p class=\" wall-content\"><b>Dimanche 6\u00a0juillet. <\/b>11h30\u2009: contes les Escrimousses\u2009; 14h50\u2009: conf\u00e9rence Alexandre Jamin\u2009; 16h40\u2009: concert Laurence Bouvin\u2009; 18h20\u2009: contes Les Escrimousses\u2009; 19h55\u2009: concert Dourgan\u2009; 21h45\u2009: D\u00e9mo jonglerie bar Ty Grou\u2009; 21h55\u2009: concert Lannog\u2009; en continu\u2009: camp m\u00e9di\u00e9val Ar Laouen Broc\u2019h\u2009; Forgeron La forge des lords\u2009; Troll ball Les Escrimousses\u2009; musique Le chaudron noir du chaos.<\/p>\n<p class=\" wall-content\">Durant tout le week-end de festivit\u00e9s, le public pourra assister \u00e0 diverses animations\u2009: conf\u00e9rences, concerts gratuits, march\u00e9 m\u00e9di\u00e9val avec 40 artisans\u2026 Une buvette proposera bi\u00e8res artisanales et softs. Un espace bivouac est \u00e9galement pr\u00e9vu.<\/p>\n<p class=\" wall-content\">*Ar\u2019Vran signifie le Corbeau en breton<\/p>\n<p class=\" wall-content\">*le pagan metal est un sous-genre du metal qui m\u00eale des \u00e9l\u00e9ments de musique traditionnelle et des th\u00e8mes inspir\u00e9s de mythologies pa\u00efennes, principalement nordiques, celtiques, slaves ou germaniques.<\/p>\n<p><a href=\"https:\/\/arvranfest.fr\/billetterie\/?fbclid=IwZXh0bgNhZW0CMTAAYnJpZBEwN0w1MXpRQ1c3U2haN3U5dwEejSp2mIYxGv4CgW1YTOyIVhu6zAYqLv-KZIsx4EHiDCiSo78RpoVgJBf09So_aem_Ss2e_eNMenUbku7yPNOEbQ\" rel=\"nofollow noopener\" target=\"_blank\">Billetterie en ligne<\/a> (69\u20ac le pass 2\u00a0jours, 75\u20ac sur place) et \u00e9v\u00e8nement <a href=\"https:\/\/fb.me\/e\/9Z098Z2AO\" rel=\"nofollow noopener\" target=\"_blank\">Facebook.<\/a> March\u00e9 m\u00e9di\u00e9val samedi de 10h \u00e0 22h et dimanche de 10h \u00e0 18h.<\/p>\n<p class=\" wall-content\">Suivez toute l\u2019actualit\u00e9 de vos villes et m\u00e9dias favoris en vous inscrivant \u00e0 <a href=\"https:\/\/moncompte.actu.fr\" title=\"D\u00e9couvez Mon Actu\" rel=\"nofollow noopener\" data-trk=\"{&quot;cta&quot;:{&quot;action&quot;:&quot;https:\\\/\\\/moncompte.actu.fr&quot;,&quot;category&quot;:&quot;mon compte&quot;,&quot;from&quot;:&quot;article footer&quot;,&quot;name&quot;:&quot;Mon actu&quot;,&quot;type&quot;:&quot;cta&quot;}}\" target=\"_blank\">Mon Actu<\/a>.<\/p>\n","protected":false},"excerpt":{"rendered":"Par R\u00e9daction Vitr\u00e9 Publi\u00e9 le 2 juil. 2025 \u00e0 18h08 Des musiques rock\u2026 orient\u00e9es metal\u2026 dans un univers&hellip;\n","protected":false},"author":2,"featured_media":221929,"comment_status":"","ping_status":"","sticky":false,"template":"","format":"standard","meta":{"footnotes":""},"categories":[2821],"tags":[1111,11,829,1697,1777,674,1011,27,1652,12,584,25],"class_list":{"0":"post-221928","1":"post","2":"type-post","3":"status-publish","4":"format-standard","5":"has-post-thumbnail","7":"category-rennes","8":"tag-actu","9":"tag-actualites","10":"tag-bretagne","11":"tag-concert","12":"tag-eu","13":"tag-europe","14":"tag-fr","15":"tag-france","16":"tag-loisirs-culture","17":"tag-news","18":"tag-rennes","19":"tag-republique-francaise"},"share_on_mastodon":{"url":"https:\/\/pubeurope.com\/@fr\/114786513894598535","error":""},"_links":{"self":[{"href":"https:\/\/www.europesays.com\/fr\/wp-json\/wp\/v2\/posts\/221928","targetHints":{"allow":["GET"]}}],"collection":[{"href":"https:\/\/www.europesays.com\/fr\/wp-json\/wp\/v2\/posts"}],"about":[{"href":"https:\/\/www.europesays.com\/fr\/wp-json\/wp\/v2\/types\/post"}],"author":[{"embeddable":true,"href":"https:\/\/www.europesays.com\/fr\/wp-json\/wp\/v2\/users\/2"}],"replies":[{"embeddable":true,"href":"https:\/\/www.europesays.com\/fr\/wp-json\/wp\/v2\/comments?post=221928"}],"version-history":[{"count":0,"href":"https:\/\/www.europesays.com\/fr\/wp-json\/wp\/v2\/posts\/221928\/revisions"}],"wp:featuredmedia":[{"embeddable":true,"href":"https:\/\/www.europesays.com\/fr\/wp-json\/wp\/v2\/media\/221929"}],"wp:attachment":[{"href":"https:\/\/www.europesays.com\/fr\/wp-json\/wp\/v2\/media?parent=221928"}],"wp:term":[{"taxonomy":"category","embeddable":true,"href":"https:\/\/www.europesays.com\/fr\/wp-json\/wp\/v2\/categories?post=221928"},{"taxonomy":"post_tag","embeddable":true,"href":"https:\/\/www.europesays.com\/fr\/wp-json\/wp\/v2\/tags?post=221928"}],"curies":[{"name":"wp","href":"https:\/\/api.w.org\/{rel}","templated":true}]}}