{"id":221945,"date":"2025-07-03T00:51:13","date_gmt":"2025-07-03T00:51:13","guid":{"rendered":"https:\/\/www.europesays.com\/fr\/221945\/"},"modified":"2025-07-03T00:51:13","modified_gmt":"2025-07-03T00:51:13","slug":"sortir-a-toulouse-waterugby-festivals-expos-voici-10-idees-sympas-pour-profiter-du-week-end","status":"publish","type":"post","link":"https:\/\/www.europesays.com\/fr\/221945\/","title":{"rendered":"Sortir \u00e0 Toulouse. WateRugby, festivals, expos&#8230; Voici 10 id\u00e9es sympas pour profiter du week-end"},"content":{"rendered":"<p>            Par<br \/>\n        <strong><br \/>\n            <a href=\"https:\/\/actu.fr\/auteur\/gabriel-kenedi\" title=\"Consulter tous les articles de Gabriel Kenedi\" rel=\"nofollow noopener\" target=\"_blank\">Gabriel Kenedi<\/a><br \/>\n        <\/strong><\/p>\n<p>        Publi\u00e9 le<\/p>\n<p>            2 juil. 2025 \u00e0 19h08        <\/p>\n<p>Non, <strong>Toulouse<\/strong> n\u2019est pas encore entr\u00e9e dans son habituelle torpeur estivale ! La preuve ? De tr\u00e8s nombreux \u00e9v\u00e9nements sont organis\u00e9s ce week-end, dans la Ville rose. Ce week-end, on vous propose du rugby sur la Garonne, un festival au bord de l\u2019eau, une cr\u00e9ation sp\u00e9ciale, de la danse, des expos ou m\u00eame un march\u00e9 de cr\u00e9ateurs\u2026 Suivez-le guide et d\u00e9couvrez dix (chouettes) id\u00e9es \u00e0 faire du vendredi 4 au dimanche 6 juillet 2025.\u00a0\u00a0<\/p>\n<p>#1. Le WateRugby<br \/>\n    <img   decoding=\"async\" loading=\"lazy\" src=\"https:\/\/www.europesays.com\/fr\/wp-content\/uploads\/2025\/07\/edenpark-waterugby-toulouse-garonne-vincent-clerc-960x640.jpg\" alt=\"Au WateRugby, ni touche, ni en-but : pour marquer, les joueurs et joueuses doivent (vraiment) plonger, \u00e0 l'instar de la l\u00e9gende toulousaine Vincent Clerc.\" width=\"960\" height=\"640\"\/><br \/>\n    Au WateRugby, ni touche, ni en-but : pour marquer, les joueurs et joueuses doivent (vraiment) plonger, \u00e0 l\u2019instar de la l\u00e9gende toulousaine Vincent Clerc. (\u00a9Eden Park WateRugby)<\/p>\n<p class=\" wall-content\">\u00c0 Toulouse, on aime tellement le rugby qu\u2019on le pratique m\u00eame sur l\u2019eau ! Le concept du WateRugby a fait ses preuves : deux terrains de rugby flottant de 40m de long et de 35m de large assembl\u00e9s sur l\u2019eau, recouvert de pelouse synth\u00e9tique afin d\u2019acc\u00e9l\u00e9rer le jeu. Pas d\u2019en-but, pas de touche : l\u2019eau comme seule limite. Il faut plonger pour marquer !<\/p>\n<p class=\" wall-content\">Petits et grands, femmes et hommes, \u00e9tudiants, amateurs : au total, plus de 700 joueurs vont fouler la pelouse et plonger dans la Garonne. 50 l\u00e9gendes du rugby hexagonal et international seront \u00e9galement pr\u00e9sentes. Autant vous dire qu\u2019il va y avoir du spectacle du c\u00f4t\u00e9 de La Daurade, transform\u00e9 en village du WateRugby pour l\u2019occasion (avec buvette, food-truck et de nombreuses animations).\u00a0<\/p>\n<p>Du 3 au 6 juillet, au Port de La Daurade, \u00e0 Toulouse. Plus d\u2019infos <strong><a href=\"https:\/\/www.waterugby.com\/\" rel=\"nofollow noopener\" target=\"_blank\">sur le site de l\u2019\u00e9v\u00e8nement<\/a><\/strong>.\u00a0#1. Le Festival Convivencia fait escale \u00e0 Toulouse\u00a0<br \/>\n    <img   decoding=\"async\" loading=\"lazy\" src=\"https:\/\/www.europesays.com\/fr\/wp-content\/uploads\/2025\/07\/2b88d755a2a461f88d755a2a4e298dv-960x640.jpg\" alt=\"La p\u00e9niche du festival Convivencia va s'arr\u00eater dans plusieurs communes du Lauragais.\" width=\"960\" height=\"640\"\/><br \/>\n    La p\u00e9niche du festival Convivencia va s\u2019arr\u00eater dans plusieurs communes\u2026 mais aussi \u00e0 Toulouse. (\u00a9Youn\u00e8s Farhi)<\/p>\n<p class=\" wall-content\">Le festival gratuit et itin\u00e9rant qui fait vibrer les berges du canal du Midi est de retour en Occitanie jusqu\u2019au 21 juillet 2025 avec une programmation haute en couleur !\u00a0 \u00c0 Toulouse, Convivencia fera escale au Port de l\u2019Embouchure, les jeudi 3 et vendredi 4 juillet, avec des concerts de Rosh\u00e2ni (20h), Aziz Konkrite ft Walid Rakik (21h30) le 3 juillet et de Christine Salem (20h) et Fleuves (21h30) le 4 juillet. Et c\u2019est totalement gratuit ! Alors n\u2019h\u00e9sitez pas \u00e0 faire un tour au port de l\u2019Embouchure !\u00a0<\/p>\n<p>Plus d\u2019infos <a href=\"https:\/\/convivencia.eu\/festival-convivencia\/\" rel=\"nofollow noopener\" target=\"_blank\">sur le site du festival<\/a>.\u00a0#2. Les escales du canal au Bassin des Filtres<\/p>\n<p class=\" wall-content\">Le premier week-end de juillet, le canal du Midi est en f\u00eate ! Apr\u00e8s le succ\u00e8s des trois premi\u00e8res \u00e9ditions, \u00ab Les escales du canal \u00bb reviennent en 2025 dans plus de 20 communes situ\u00e9es le long du canal du Midi, du vendredi 4 au dimanche 6 juillet 2025.<\/p>\n<p class=\" wall-content\">A Toulouse, c\u2019est <strong>au Bassin des Filtres<\/strong> (quartier des Amidonniers), que \u00e7a se passe. Au programme ? Un atelier de fabrication de mobilier \u00ab\u00a0Grand Par canal\u00a0\u00bb, de 15h \u00e0 19h, le samedi et surtout des ateliers, expositions, concerts et projections sur place le samedi d\u00e8s 18 heures et le dimanche d\u00e8s 16 heures, en partenariat avec le Festival Faites de l\u2019image. Et c\u2019est gratuit !\u00a0<\/p>\n<p>Au Bassin des Filtres, \u00e0 Toulouse, les 5 et 6 juillet. Retrouvez le programme d\u00e9taill\u00e9 et l\u2019int\u00e9gralit\u00e9 des escales<a href=\"https:\/\/www.canal-du-midi.com\/actualites\/les-escales-du-canal-du-4-au-6-juillet-2025\/\" rel=\"nofollow noopener\" target=\"_blank\"> sur le site internet de l\u2019\u00e9v\u00e9nement<\/a>.#3. Pierre de Maere en concert !\u00a0<br \/>\n    <img   decoding=\"async\" loading=\"lazy\" src=\"https:\/\/www.europesays.com\/fr\/wp-content\/uploads\/2025\/07\/pierre-de-maere-c-isaac-calpe-10-960x640.jpg\" alt=\"Pierre de Maere. \" width=\"960\" height=\"640\"\/><br \/>\n    Pierre de Maere. (\u00a9Isaac Calpe)<\/p>\n<p class=\" wall-content\">La quatri\u00e8me \u00e9dition du <strong>Festival de Toulouse<\/strong> bat son plein ! Et ce week-end, il y a du lourd ! Le prodige belge <strong>Pierre de Maere<\/strong> donnera en effet <strong>deux concerts exceptionnels<\/strong> au Th\u00e9\u00e2tre de la Cit\u00e9, les 5 et 6 juillet, avec l\u2019Orchestre national du Capitole.<\/p>\n<p class=\" wall-content\">Et il a h\u00e2te : \u00ab\u00a0Jouer avec un orchestre, \u00e7a change de tout. C\u2019est quelque chose que je n\u2019ai jamais fait. J\u2019ai beaucoup d\u2019attentes autour de ce concert, car c\u2019est une premi\u00e8re pour moi\u2009! Tout va se jouer dans l\u2019alchimie entre les musiciens et moi\u2026 Je suis donc curieux et excit\u00e9 ! Il y aura des chansons de mon r\u00e9pertoire mais aussi plusieurs belles reprises, que je ne d\u00e9voilerai pas car je pr\u00e9f\u00e8re r\u00e9server la surprise\u2009!\u00a0\u00bb, confie-t-il \u00e0 Actu Toulouse.<\/p>\n<p class=\" wall-content\"><strong>Son interview est \u00e0 retrouver ici :\u00a0<\/strong><\/p>\n<p>Pierre de Maere en concert avec l\u2019Orchestre national du Capitole, les 5 et 6 juillet 2025, \u00e0 Toulouse. Tarifs : de 20\u20ac \u00e0 59\u20ac (gratuit pour les \u2013 de 13 ans). Plus d\u2019infos et r\u00e9servations <a href=\"https:\/\/metropole.toulouse.fr\/actualites\/festival-de-toulouse\" rel=\"nofollow noopener\" target=\"_blank\">sur le site du\u00a0Festival de Toulouse<\/a>.\u00a0#4. Faire un tour \u00e0 l\u2019expo immersive sur Claude Monet<\/p>\n<p class=\" wall-content\">C\u2019est sans doute <strong>l\u2019expo de l\u2019\u00e9t\u00e9 \u00e0 Toulouse<\/strong>. Les Espaces EDF Bazacle accueillent une nouvelle exposition immersive, cette fois-ci consacr\u00e9e \u00e0 Claude Monet.<\/p>\n<p class=\" wall-content\">Le concept ? Admirez les \u0153uvres les plus mythiques du peintre dans une salle immersive \u00e0 360 degr\u00e9s, o\u00f9 chaque d\u00e9tail prend vie. \u00ab\u00a0Profitez d\u2019un <strong>spectacle son et lumi\u00e8re grandiose <\/strong>magnifi\u00e9 par une hauteur d\u2019\u00e9cran \u00e9quivalente \u00e0 deux \u00e9tages !\u00a0\u00bb, assurent les organisateurs de cette expo itin\u00e9rante, qui pose ses valises \u00e0 Toulouse jusqu\u2019au 31 ao\u00fbt 2025.\u00a0<\/p>\n<p>\u00ab\u00a0Monet : The Immersive Experience\u00a0\u00bb. Tarifs : 19,90\u20ac \u00e0 26,90\u20ac pour un adulte ; 10,90 \u00e0 17,90\u20ac pour un enfant (jusqu\u2019\u00e0 12 ans). Aux Espaces EDF Bazacle. Plus d\u2019infos <a href=\"https:\/\/www.monetexpo.fr\/\" rel=\"nofollow noopener\" target=\"_blank\">sur le site de l\u2019expo<\/a>.\u00a0#5. Tangopostale<\/p>\n<p class=\" wall-content\">Ce festival international de tango r\u00e9unit les passionn\u00e9s pour des bals en plein air et en salle, pour des concerts, des stages, des balades, initiations, conf\u00e9rences, expos, projections\u2026 il y en a pour tous les go\u00fbts !<\/p>\n<p class=\" wall-content\">Et dimanche 6 juillet, le festival organisera au Mas Tolosa une superbe journ\u00e9e de cl\u00f4ture, avec au programme, du tango traditionnel, des concerts, des stands\u2026 dans un lieu atypique et bucolique !\u00a0<\/p>\n<p>Jusqu\u2019au 6 juillet. Plus d\u2019infos et tarifs <a href=\"https:\/\/tangopostale.com\/\" rel=\"nofollow noopener\" target=\"_blank\">sur le site du festival Tango postale<\/a>.\u00a0#6. Brocante des All\u00e9es<\/p>\n<p class=\" wall-content\">C\u2019est une tradition \u00e0 Toulouse. Chaque premier week-end du mois, <strong>la Brocante des All\u00e9es<\/strong> revient sur les all\u00e9es Fran\u00e7ois Verdier. Plus de 100 exposants vous proposent des objets rares et curieux \u00ab\u00a0pour toutes les bourses pendant trois jours\u00a0\u00bb.<\/p>\n<p class=\" wall-content\">Du tableau \u00e0 l\u2019objet de d\u00e9co unique, tout en passant par du mobilier contemporain ou ancien, vous y trouverez assur\u00e9ment votre bonheur ! Les amateurs de livres et de gravures ne seront pas en reste !<\/p>\n<p>Du vendredi 4 au dimanche 6 juillet. Horaires : vendredi \u00e0 partir de 7h jusqu\u2019\u00e0 17h30. Le samedi et dimanche 9h30-18h. Deux camions de restauration chaude, grillades, snack, cr\u00eapes, plats maison et buvette sur place.\u00a0<\/p>\n<p>#7. Mus\u00e9es gratuits<br \/>\n    <img   decoding=\"async\" loading=\"lazy\" src=\"https:\/\/www.europesays.com\/fr\/wp-content\/uploads\/2025\/07\/cc6bb450b5066b07bb450b506747bbv-960x640.jpg\" alt=\"L'exposition \" width=\"960\" height=\"640\"\/><br \/>\n    L\u2019exposition \u00ab\u00a0Cathares. Toulouse dans la Croisade\u00a0\u00bb, est \u00e0 d\u00e9couvrir pendant neuf mois au Mus\u00e9e Saint-Raymond et aux Jacobins. (\u00a9Gabriel Kenedi \/ Actu Toulouse)<\/p>\n<p class=\" wall-content\">C\u2019est le bon plan du premier dimanche du mois ! Dimanche 6 juillet, <strong>certains mus\u00e9es seront gratuits<\/strong>. Une belle occasion de d\u00e9couvrir ou red\u00e9couvrir le patrimoine et l\u2019architecture des mus\u00e9es toulousains au travers de leurs expositions permanentes (attention, les expositions temporaires restent payantes).<\/p>\n<p class=\" wall-content\"><strong>Les mus\u00e9es et monuments concern\u00e9s et ouverts au public sont :<\/strong><\/p>\n<ul class=\" wall-content\">\n<li>Le Clo\u00eetre des Jacobins<\/li>\n<li>Le mus\u00e9e Saint-Raymond<\/li>\n<li>Le mus\u00e9e des Abattoirs<\/li>\n<li>La Chapelle Saint-Joseph de la Grave<\/li>\n<li>La galerie du Ch\u00e2teau d\u2019Eau (temporairement install\u00e9e all\u00e9e Charles de Fitte)<\/li>\n<li>Le Mus\u00e9um d\u2019Histoire Naturelle<\/li>\n<li>Le Quai des Savoirs<\/li>\n<li>Le mus\u00e9e Paul Dupuy<\/li>\n<\/ul>\n<p>Plus d\u2019infos sur le site de la <a href=\"https:\/\/metropole.toulouse.fr\/sortir\/culture-et-loisirs\/bons-plans-culturels#musees-gratuits\" rel=\"nofollow noopener\" target=\"_blank\">mairie de Toulouse<\/a>.\u00a0#8. Festival Ravensare\u00a0<\/p>\n<p class=\" wall-content\">Cet \u00e9v\u00e9nement m\u00eale tous les styles de danses en plein air au jardin Raymond VI pour des spectacles gratuits, accessibles \u00e0 tous. Le festival c\u00e9l\u00e8bre la danse dans toute sa splendeur, mais c\u2019est avant tout un rendez-vous o\u00f9 les c\u0153urs et les esprits se rencontrent, o\u00f9 les fronti\u00e8res s\u2019estompent et o\u00f9 les r\u00eaves prennent vie, et tout cela nich\u00e9 dans l\u2019un des plus beaux jardins de la ville.<\/p>\n<p class=\" wall-content\">Au programme, le samedi ? Des concerts gratuits d\u00e8s 14 heures, puis des sc\u00e8nes ouvertes de danse amateur (17h30, r\u00e9servation obligatoire) et une sc\u00e8ne Tremplin (\u00e0 20h, r\u00e9servation obligatoire). Et le dimanche ? Des sc\u00e8nes ouvertes de danses amateurs (r\u00e9sa obligatoire) et une sc\u00e8ne tremplin (r\u00e9servation obligatoire).\u00a0<\/p>\n<p>Les 5 et 6 juillet\u00a0Au Jardin Raymond VI. Infos sur : <a href=\"http:\/\/www.festivalravensare.com\/\" rel=\"nofollow noopener\" target=\"_blank\">www.festivalravensare.com\/<\/a>#9. March\u00e9 de cr\u00e9ateurs \u00e0 Lay Up<\/p>\n<p class=\" wall-content\"><strong>L\u2019exposition d\u2019art urbain Lay Up<\/strong> accueille la 2e \u00e9dition de son march\u00e9 des cr\u00e9ateurs ! Mode, illustrations, objets faits main, design, \u00e9dition, accessoires\u2026 Retrouvez sur place une quarantaine de jeunes cr\u00e9ateurs et talents confirm\u00e9s. L\u2019occasion parfaite pour d\u00e9nicher des objets uniques.<\/p>\n<p class=\" wall-content\">Au programme \u00e9galement : stand de tattoo, barber, jaguar, atelier graffiti\u2026\u00a0 Et pour prolonger la journ\u00e9e, l\u2019exposition reste ouverte samedi soir avec un DJ set jusqu\u2019\u00e0 23h.<\/p>\n<p>Les 5 et 6 juillet, de 11h \u00e0 19h. Entr\u00e9e libre. Plus d\u2019infos <a href=\"https:\/\/www.expolayup.com\/\" rel=\"nofollow noopener\" target=\"_blank\">sur le site de l\u2019expo<\/a>.\u00a0#10. F\u00eates du Grand F\u00e9n\u00e9tra\u00a0<br \/>\n    <img   decoding=\"async\" loading=\"lazy\" src=\"https:\/\/www.europesays.com\/fr\/wp-content\/uploads\/2025\/07\/1525022_509786455789590_97998324708357878_n-854x568-1-768x511.jpg\" alt=\"Le Poutou de Toulouse et d'autres groupes folkloriques, de France et d'ailleurs, seront pr\u00e9sents pour c\u00e9l\u00e9brer la f\u00eate du Grand F\u00e9n\u00e9tra.\" width=\"768\" height=\"511\"\/><br \/>\n    Le Poutou de Toulouse et d\u2019autres groupes folkloriques, de France et d\u2019ailleurs, seront pr\u00e9sents pour c\u00e9l\u00e9brer la f\u00eate du Grand F\u00e9n\u00e9tra. (\u00a9Facebook \/ Le Poutou de Toulouse)<\/p>\n<p class=\" wall-content\">Le F\u00e9n\u00e9tra est \u00e0 l\u2019origine une f\u00eate purement toulousaine, qui remonte au temps des gallo-romains. <strong>Le Grand F\u00e9n\u00e9tra<\/strong> est maintenant <strong>une f\u00eate traditionnelle de Toulouse<\/strong>. Les participants en costume font d\u00e9couvrir leurs danses et musiques sur diverses places publiques de la ville, puis convergent vers le Capitole pour l\u2019inauguration qui aura lieu le samedi soir \u00e0 17h30.\u00a0<\/p>\n<p class=\" wall-content\">Suivent pendant plusieurs jours des spectacles de danses, chants et musiques traditionnels propos\u00e9s par des groupes venus de France et d\u2019ailleurs (notamment au Jardin des Plantes et sur la place Saint-Georges).\u00a0<\/p>\n<p>Le programme complet est \u00e0 d\u00e9couvrir <a href=\"http:\/\/fenetra.free.fr\/blog\/?page_id=1155\" rel=\"nofollow noopener\" target=\"_blank\">sur le site du Grand F\u00e9n\u00e9tra<\/a>.\u00a0<\/p>\n<p class=\" wall-content\">Suivez toute l\u2019actualit\u00e9 de vos villes et m\u00e9dias favoris en vous inscrivant \u00e0 <a href=\"https:\/\/moncompte.actu.fr\" title=\"D\u00e9couvez Mon Actu\" rel=\"nofollow noopener\" data-trk=\"{&quot;cta&quot;:{&quot;action&quot;:&quot;https:\\\/\\\/moncompte.actu.fr&quot;,&quot;category&quot;:&quot;mon compte&quot;,&quot;from&quot;:&quot;article footer&quot;,&quot;name&quot;:&quot;Mon actu&quot;,&quot;type&quot;:&quot;cta&quot;}}\" target=\"_blank\">Mon Actu<\/a>.<\/p>\n","protected":false},"excerpt":{"rendered":"Par Gabriel Kenedi Publi\u00e9 le 2 juil. 2025 \u00e0 19h08 Non, Toulouse n\u2019est pas encore entr\u00e9e dans son&hellip;\n","protected":false},"author":2,"featured_media":221946,"comment_status":"","ping_status":"","sticky":false,"template":"","format":"standard","meta":{"footnotes":""},"categories":[2816],"tags":[1111,11,1777,674,1011,27,1652,12,2680,25,1341,2312],"class_list":{"0":"post-221945","1":"post","2":"type-post","3":"status-publish","4":"format-standard","5":"has-post-thumbnail","7":"category-toulouse","8":"tag-actu","9":"tag-actualites","10":"tag-eu","11":"tag-europe","12":"tag-fr","13":"tag-france","14":"tag-loisirs-culture","15":"tag-news","16":"tag-occitanie","17":"tag-republique-francaise","18":"tag-sortir-a-toulouse","19":"tag-toulouse"},"share_on_mastodon":{"url":"https:\/\/pubeurope.com\/@fr\/114786565233607032","error":""},"_links":{"self":[{"href":"https:\/\/www.europesays.com\/fr\/wp-json\/wp\/v2\/posts\/221945","targetHints":{"allow":["GET"]}}],"collection":[{"href":"https:\/\/www.europesays.com\/fr\/wp-json\/wp\/v2\/posts"}],"about":[{"href":"https:\/\/www.europesays.com\/fr\/wp-json\/wp\/v2\/types\/post"}],"author":[{"embeddable":true,"href":"https:\/\/www.europesays.com\/fr\/wp-json\/wp\/v2\/users\/2"}],"replies":[{"embeddable":true,"href":"https:\/\/www.europesays.com\/fr\/wp-json\/wp\/v2\/comments?post=221945"}],"version-history":[{"count":0,"href":"https:\/\/www.europesays.com\/fr\/wp-json\/wp\/v2\/posts\/221945\/revisions"}],"wp:featuredmedia":[{"embeddable":true,"href":"https:\/\/www.europesays.com\/fr\/wp-json\/wp\/v2\/media\/221946"}],"wp:attachment":[{"href":"https:\/\/www.europesays.com\/fr\/wp-json\/wp\/v2\/media?parent=221945"}],"wp:term":[{"taxonomy":"category","embeddable":true,"href":"https:\/\/www.europesays.com\/fr\/wp-json\/wp\/v2\/categories?post=221945"},{"taxonomy":"post_tag","embeddable":true,"href":"https:\/\/www.europesays.com\/fr\/wp-json\/wp\/v2\/tags?post=221945"}],"curies":[{"name":"wp","href":"https:\/\/api.w.org\/{rel}","templated":true}]}}