{"id":221953,"date":"2025-07-03T00:55:11","date_gmt":"2025-07-03T00:55:11","guid":{"rendered":"https:\/\/www.europesays.com\/fr\/221953\/"},"modified":"2025-07-03T00:55:11","modified_gmt":"2025-07-03T00:55:11","slug":"previsions-du-jeudi-3-juillet-2025-7","status":"publish","type":"post","link":"https:\/\/www.europesays.com\/fr\/221953\/","title":{"rendered":"pr\u00e9visions du jeudi 3 juillet 2025"},"content":{"rendered":"<p>Cette journ\u00e9e sera synonyme de grand soleil pour Marseille. Ce sera un bel \u00e9t\u00e9 : les valeurs s&rsquo;\u00e9chelonneront entre 26 et 31\u00b0C. D\u00e8s le matin, les temp\u00e9ratures \u00e9volueront entre 27 et 31\u2009\u00b0C. Les valeurs seront comprises entre 27\u00b0C et 31\u00b0C, donnant aux habitants l&rsquo;occasion de profiter de la p\u00e9riode estivale. Une modeste brise de nord-ouest sera ressentie par les habitants. L&rsquo;\u00e9pisode d&rsquo;importantes chaleurs est bien l\u00e0, avec des temp\u00e9ratures qui pourront aller \u00e0 31\u00b0C l&rsquo;apr\u00e8s-midi. Mauvais temps : on annonce des pluies \u00e9parses pour le soir. Les temp\u00e9ratures avoisineront les 28\u00b0C. Le ciel sera d\u00e9pourvu de nuages dans la nuit de jeudi \u00e0 vendredi.<\/p>\n<p>Demain, un beau soleil brillera sur Marseille. Les grosses chaleurs sont install\u00e9es. Avec des valeurs \u00e9chelonn\u00e9es entre 26 et 32\u00b0C. Les temp\u00e9ratures afficheront entre 26 et 32\u00b0C, un temps vraiment de saison. Le matin, de tr\u00e8s fortes chaleurs (entre 27\u00b0C et 32\u00b0C) sont attendues. Il va faire chaud avec des valeurs qui s&rsquo;\u00e9chelonneront entre 27 et 32\u00b0C. Un vent de nord-ouest rafra\u00eechira quelque peu l&rsquo;atmosph\u00e8re. L&rsquo;apr\u00e8s-midi va \u00eatre tr\u00e8s chaud : jusqu&rsquo;\u00e0 32\u00b0C. Les temp\u00e9ratures maximums annonc\u00e9es demain soir sont \u00e9lev\u00e9es, avec 32\u00b0C. Un vent de nord-ouest soufflera un peu, avec 17 km\/h.<\/p>\n<p>Les jours passent et se ressemblent. Il va faire un temps plut\u00f4t ensoleill\u00e9 avec des temp\u00e9ratures autour de 31\u00b0C.<\/p>\n<p>Il est indispensable de veiller \u00e0 boire correctement en p\u00e9riode de fortes chaleurs. Prenez soin d&rsquo;offrir \u00e0 boire aux enfants en bas \u00e2ge et aux personnes \u00e2g\u00e9es. Un brumisateur sera aussi votre alli\u00e9 durant ces fortes chaleurs !<\/p>\n","protected":false},"excerpt":{"rendered":"Cette journ\u00e9e sera synonyme de grand soleil pour Marseille. Ce sera un bel \u00e9t\u00e9 : les valeurs s&rsquo;\u00e9chelonneront&hellip;\n","protected":false},"author":2,"featured_media":221954,"comment_status":"","ping_status":"","sticky":false,"template":"","format":"standard","meta":{"footnotes":""},"categories":[2814],"tags":[1111,11,1777,674,1011,27,884,12,2119,882,25],"class_list":{"0":"post-221953","1":"post","2":"type-post","3":"status-publish","4":"format-standard","5":"has-post-thumbnail","7":"category-marseille","8":"tag-actu","9":"tag-actualites","10":"tag-eu","11":"tag-europe","12":"tag-fr","13":"tag-france","14":"tag-marseille","15":"tag-news","16":"tag-previsions-meteo","17":"tag-provence-alpes-cote-dazur","18":"tag-republique-francaise"},"share_on_mastodon":{"url":"https:\/\/pubeurope.com\/@fr\/114786580796080904","error":""},"_links":{"self":[{"href":"https:\/\/www.europesays.com\/fr\/wp-json\/wp\/v2\/posts\/221953","targetHints":{"allow":["GET"]}}],"collection":[{"href":"https:\/\/www.europesays.com\/fr\/wp-json\/wp\/v2\/posts"}],"about":[{"href":"https:\/\/www.europesays.com\/fr\/wp-json\/wp\/v2\/types\/post"}],"author":[{"embeddable":true,"href":"https:\/\/www.europesays.com\/fr\/wp-json\/wp\/v2\/users\/2"}],"replies":[{"embeddable":true,"href":"https:\/\/www.europesays.com\/fr\/wp-json\/wp\/v2\/comments?post=221953"}],"version-history":[{"count":0,"href":"https:\/\/www.europesays.com\/fr\/wp-json\/wp\/v2\/posts\/221953\/revisions"}],"wp:featuredmedia":[{"embeddable":true,"href":"https:\/\/www.europesays.com\/fr\/wp-json\/wp\/v2\/media\/221954"}],"wp:attachment":[{"href":"https:\/\/www.europesays.com\/fr\/wp-json\/wp\/v2\/media?parent=221953"}],"wp:term":[{"taxonomy":"category","embeddable":true,"href":"https:\/\/www.europesays.com\/fr\/wp-json\/wp\/v2\/categories?post=221953"},{"taxonomy":"post_tag","embeddable":true,"href":"https:\/\/www.europesays.com\/fr\/wp-json\/wp\/v2\/tags?post=221953"}],"curies":[{"name":"wp","href":"https:\/\/api.w.org\/{rel}","templated":true}]}}