{"id":221955,"date":"2025-07-03T00:56:16","date_gmt":"2025-07-03T00:56:16","guid":{"rendered":"https:\/\/www.europesays.com\/fr\/221955\/"},"modified":"2025-07-03T00:56:16","modified_gmt":"2025-07-03T00:56:16","slug":"lyon-3e-a-lecole-anatole-france-les-parents-deleves-sont-inquiets-et-en-colere","status":"publish","type":"post","link":"https:\/\/www.europesays.com\/fr\/221955\/","title":{"rendered":"Lyon 3e. A l\u2019\u00e9cole Anatole-France, les parents d\u2019\u00e9l\u00e8ves sont inquiets et en col\u00e8re"},"content":{"rendered":"<p>Le b\u00e2timent est imposant\u00a0: une belle \u00e9cole comme la R\u00e9publique en a tant construit au d\u00e9but du XXe \u00a0si\u00e8cle. 265 \u00e9l\u00e8ves s\u2019instruisent entre ses murs qui n\u2019ont pas \u00e9t\u00e9 con\u00e7us pour affronter le d\u00e9r\u00e8glement climatique. Des promesses ont \u00e9t\u00e9 faites aux parents d\u2019\u00e9l\u00e8ves, qui ne voient rien venir et alertent.<\/p>\n<p>\u00ab\u00a0Lors du pr\u00e9c\u00e9dent mandat, la mairie nous avait promis des travaux. A l\u2019arriv\u00e9e de la municipalit\u00e9 \u00e9cologiste, Isabelle Prin (adjointe \u00e0 l\u2019\u00c9ducation et aux Affaires scolaires) a promis pour la rentr\u00e9e 2026 des dispositifs contre la canicule. Mais le mandat s\u2019ach\u00e8ve\u00a0: comment savoir si en 2026, la prochaine municipalit\u00e9 tiendra ces promesses\u00a0?\u00a0\u00bb<\/p>\n<p>\u00ab\u00a0Des olympiades \u00e9taient organis\u00e9es ce mardi \u00e0 l\u2019\u00e9cole\u00a0: une partie a d\u00fb \u00eatre&#8230;<\/p>\n","protected":false},"excerpt":{"rendered":"Le b\u00e2timent est imposant\u00a0: une belle \u00e9cole comme la R\u00e9publique en a tant construit au d\u00e9but du XXe&hellip;\n","protected":false},"author":2,"featured_media":221956,"comment_status":"","ping_status":"","sticky":false,"template":"","format":"standard","meta":{"footnotes":""},"categories":[1889],"tags":[1111,11,2430,6698,2757,436,1777,674,1011,27,2428,4751,4750,12,25],"class_list":{"0":"post-221955","1":"post","2":"type-post","3":"status-publish","4":"format-standard","5":"has-post-thumbnail","7":"category-lyon","8":"tag-actu","9":"tag-actualites","10":"tag-auvergne-rhone-alpes","11":"tag-canicule","12":"tag-edition-lyon-villeurbanne","13":"tag-environnement","14":"tag-eu","15":"tag-europe","16":"tag-fr","17":"tag-france","18":"tag-lyon","19":"tag-lyon-3e","20":"tag-lyon-3e-arrondissement","21":"tag-news","22":"tag-republique-francaise"},"share_on_mastodon":{"url":"https:\/\/pubeurope.com\/@fr\/114786584773432225","error":""},"_links":{"self":[{"href":"https:\/\/www.europesays.com\/fr\/wp-json\/wp\/v2\/posts\/221955","targetHints":{"allow":["GET"]}}],"collection":[{"href":"https:\/\/www.europesays.com\/fr\/wp-json\/wp\/v2\/posts"}],"about":[{"href":"https:\/\/www.europesays.com\/fr\/wp-json\/wp\/v2\/types\/post"}],"author":[{"embeddable":true,"href":"https:\/\/www.europesays.com\/fr\/wp-json\/wp\/v2\/users\/2"}],"replies":[{"embeddable":true,"href":"https:\/\/www.europesays.com\/fr\/wp-json\/wp\/v2\/comments?post=221955"}],"version-history":[{"count":0,"href":"https:\/\/www.europesays.com\/fr\/wp-json\/wp\/v2\/posts\/221955\/revisions"}],"wp:featuredmedia":[{"embeddable":true,"href":"https:\/\/www.europesays.com\/fr\/wp-json\/wp\/v2\/media\/221956"}],"wp:attachment":[{"href":"https:\/\/www.europesays.com\/fr\/wp-json\/wp\/v2\/media?parent=221955"}],"wp:term":[{"taxonomy":"category","embeddable":true,"href":"https:\/\/www.europesays.com\/fr\/wp-json\/wp\/v2\/categories?post=221955"},{"taxonomy":"post_tag","embeddable":true,"href":"https:\/\/www.europesays.com\/fr\/wp-json\/wp\/v2\/tags?post=221955"}],"curies":[{"name":"wp","href":"https:\/\/api.w.org\/{rel}","templated":true}]}}