{"id":221957,"date":"2025-07-03T00:57:11","date_gmt":"2025-07-03T00:57:11","guid":{"rendered":"https:\/\/www.europesays.com\/fr\/221957\/"},"modified":"2025-07-03T00:57:11","modified_gmt":"2025-07-03T00:57:11","slug":"cinq-points-de-deal-demanteles-en-six-mois-dans-le-quartier-du-tonkin-par-la-nouvelle-brigade-specialisee","status":"publish","type":"post","link":"https:\/\/www.europesays.com\/fr\/221957\/","title":{"rendered":"cinq points de deal d\u00e9mantel\u00e9s en six mois dans le quartier du Tonkin par la nouvelle brigade sp\u00e9cialis\u00e9e"},"content":{"rendered":"<p>Cinq points de deal sur huit ont \u00e9t\u00e9 d\u00e9mantel\u00e9s en six mois dans le quartier du Tonkin, \u00e0 Villeurbanne, depuis l\u2019entr\u00e9e en fonction de la nouvelle brigade de policiers de terrain \u00e0 la fin du mois de novembre.<\/p>\n<p class=\"fig-paragraph\">Presque un point de deal par mois. La pr\u00e9fecture du Rh\u00f4ne a pr\u00e9sent\u00e9 ce mercredi le premier bilan de la nouvelle Brigade sp\u00e9cialis\u00e9e de terrain (BST), d\u00e9ploy\u00e9e \u00e0 la fin du mois de novembre dans\u00a0<a href=\"http:\/\/www.lefigaro.fr\/flash-actu\/une-personne-blessee-par-balle-a-villeurbanne-20241210\" data-fig-type=\"NewsFlash\" data-gtm-custom-categorie=\"navigation\" data-gtm-custom-action=\"crossclick\" data-gtm-custom-label=\"Contextuel\" data-gtm-event=\"customEventSPE\" data-fig-domain=\"LEFIGARO\" target=\"_blank\" rel=\"noopener\">le quartier du Tonkin , \u00e0 Villeurbanne<\/a>. Sur les huit points de vente r\u00e9pertori\u00e9s dans ce\u00a0<a href=\"http:\/\/www.lefigaro.fr\/lyon\/villeurbanne-la-nouvelle-brigade-de-police-anti-point-de-deal-va-arriver-au-tonkin-avant-la-fin-de-l-annee-20241120\" data-fig-type=\"NewsFlash\" data-gtm-custom-categorie=\"navigation\" data-gtm-custom-action=\"crossclick\" data-gtm-custom-label=\"Contextuel\" data-gtm-event=\"customEventSPE\" data-fig-domain=\"LEFIGARO\" target=\"_blank\" rel=\"noopener\">bastion du trafic de drogue<\/a>\u00a0de l\u2019agglom\u00e9ration lyonnaise, les fonctionnaires en ont d\u00e9mantel\u00e9 cinq depuis leur arriv\u00e9e.<\/p>\n<p class=\"fig-paragraph\">\u00abIl en reste trois\u00bb et l\u2019action ne fait \u00abque commencer\u00bb, \u00abl\u2019objectif est de les fermer tous et d\u2019emp\u00eacher qu\u2019ils se reconstituent ici ou ailleurs\u00bb, a promis Antoine Gu\u00e9rin, le Pr\u00e9fet d\u00e9l\u00e9gu\u00e9 pour la D\u00e9fense et la S\u00e9curit\u00e9 du Rh\u00f4ne. Le d\u00e9ploiement depuis fin novembre 2024 d&rsquo;une Brigade sp\u00e9cialis\u00e9e de terrain (BST) dans le quartier du Tonkin \u00aba permis l&rsquo;extinction de cinq points de deal, l&rsquo;interpellation de 250 individus\u00bb et 370 verbalisations pour trafic ou usage de stup\u00e9fiants ou occupation illicite de hall d&rsquo;immeuble, a-t-il d\u00e9taill\u00e9.<\/p>\n<p>                                    <a class=\"fig-a11y-skip a11y-hidden\" href=\"#fig-a11y-skip-main-inarticle\"><br \/>\n        Passer la publicit\u00e9<br \/>\n    <\/a><\/p>\n<p>\u00abUne police de proximit\u00e9 pour tenir le terra\u00bb<\/p>\n<p class=\"fig-paragraph\">Cette brigade de 13 agents a \u00e9t\u00e9 d\u00e9ploy\u00e9e fin 2024, un an apr\u00e8s une s\u00e9rie de fusillades li\u00e9es au trafic de drogues au Tonkin. Cr\u00e9\u00e9es en 2010, les BST, en tenue, ont pour mission principale d&rsquo;assurer une pr\u00e9sence polici\u00e8re visible et active, en patrouille \u00e0 pied l&rsquo;essentiel du temps pour un meilleur contact avec les habitants, mais ont aussi et surtout \u00abun r\u00f4le de r\u00e9pression\u00bb, a tenu \u00e0 rappeler le pr\u00e9fet d\u00e9l\u00e9gu\u00e9 lors d&rsquo;une visite dans le quartier.<\/p>\n<p class=\"fig-body-link\">\n            \u00c0 lire aussi<br \/>\n        <a class=\"fig-body-link__link\" href=\"http:\/\/www.lefigaro.fr\/lyon\/on-en-a-ras-le-bol-des-habitants-au-maire-la-colere-des-villeurbannais-apres-une-nouvelle-fusillade-20231108\" data-fig-type=\"Article\" data-gtm-custom-categorie=\"navigation\" data-gtm-custom-action=\"crossclick\" data-gtm-custom-label=\"Contextuel\" data-gtm-event=\"customEventSPE\" data-fig-domain=\"LEFIGARO\" target=\"_blank\" rel=\"noopener\">\u00abOn en a ras le bol\u00bb\u00a0: des habitants au maire, la col\u00e8re des Villeurbannais apr\u00e8s une nouvelle fusillade<br \/>\n    <\/a>\n<\/p>\n<p class=\"fig-paragraph\">\u00abC&rsquo;est une police de proximit\u00e9 mais pas pour se promener, c&rsquo;est une police de proximit\u00e9 pour tenir le terrain et interpeller les d\u00e9linquants\u00bb, a-t-il martel\u00e9. En collaboration avec d&rsquo;autres unit\u00e9s des polices nationale et municipale. Le Tonkin, qui touche la ville m\u00eame de Lyon, g\u00e9n\u00e8re la majorit\u00e9 du trafic de stup\u00e9fiants de Villeurbanne, ville tr\u00e8s \u00e9tendue de quelque 160.000 habitants, o\u00f9 la police avait recens\u00e9 23 point de deal il y a six mois, dont huit au Tonkin.<\/p>\n","protected":false},"excerpt":{"rendered":"Cinq points de deal sur huit ont \u00e9t\u00e9 d\u00e9mantel\u00e9s en six mois dans le quartier du Tonkin, \u00e0&hellip;\n","protected":false},"author":2,"featured_media":221958,"comment_status":"","ping_status":"","sticky":false,"template":"","format":"standard","meta":{"footnotes":""},"categories":[1889],"tags":[1111,11,2430,3675,1777,674,1011,27,2428,12,25,887],"class_list":{"0":"post-221957","1":"post","2":"type-post","3":"status-publish","4":"format-standard","5":"has-post-thumbnail","7":"category-lyon","8":"tag-actu","9":"tag-actualites","10":"tag-auvergne-rhone-alpes","11":"tag-cannabis","12":"tag-eu","13":"tag-europe","14":"tag-fr","15":"tag-france","16":"tag-lyon","17":"tag-news","18":"tag-republique-francaise","19":"tag-trafic-de-drogue"},"share_on_mastodon":{"url":"https:\/\/pubeurope.com\/@fr\/114786588647766167","error":""},"_links":{"self":[{"href":"https:\/\/www.europesays.com\/fr\/wp-json\/wp\/v2\/posts\/221957","targetHints":{"allow":["GET"]}}],"collection":[{"href":"https:\/\/www.europesays.com\/fr\/wp-json\/wp\/v2\/posts"}],"about":[{"href":"https:\/\/www.europesays.com\/fr\/wp-json\/wp\/v2\/types\/post"}],"author":[{"embeddable":true,"href":"https:\/\/www.europesays.com\/fr\/wp-json\/wp\/v2\/users\/2"}],"replies":[{"embeddable":true,"href":"https:\/\/www.europesays.com\/fr\/wp-json\/wp\/v2\/comments?post=221957"}],"version-history":[{"count":0,"href":"https:\/\/www.europesays.com\/fr\/wp-json\/wp\/v2\/posts\/221957\/revisions"}],"wp:featuredmedia":[{"embeddable":true,"href":"https:\/\/www.europesays.com\/fr\/wp-json\/wp\/v2\/media\/221958"}],"wp:attachment":[{"href":"https:\/\/www.europesays.com\/fr\/wp-json\/wp\/v2\/media?parent=221957"}],"wp:term":[{"taxonomy":"category","embeddable":true,"href":"https:\/\/www.europesays.com\/fr\/wp-json\/wp\/v2\/categories?post=221957"},{"taxonomy":"post_tag","embeddable":true,"href":"https:\/\/www.europesays.com\/fr\/wp-json\/wp\/v2\/tags?post=221957"}],"curies":[{"name":"wp","href":"https:\/\/api.w.org\/{rel}","templated":true}]}}