{"id":221969,"date":"2025-07-03T01:04:14","date_gmt":"2025-07-03T01:04:14","guid":{"rendered":"https:\/\/www.europesays.com\/fr\/221969\/"},"modified":"2025-07-03T01:04:14","modified_gmt":"2025-07-03T01:04:14","slug":"multimedia-la-3e-session-de-pourparlers-entre-la-russie-et-lukraine-se-tiendra-bientot-kremlin-xinhua","status":"publish","type":"post","link":"https:\/\/www.europesays.com\/fr\/221969\/","title":{"rendered":"(Multim\u00e9dia) La 3e session de pourparlers entre la Russie et l&rsquo;Ukraine se tiendra bient\u00f4t (Kremlin) &#8211; Xinhua"},"content":{"rendered":"<p><img decoding=\"async\" controls=\"controls\" src=\"https:\/\/www.europesays.com\/fr\/wp-content\/uploads\/2025\/07\/20250703044d2198b1ed4acd8fb8fe4eb2b1d121_XxjifrF007002_20250703_CBMFN0A001.JPG\"\/>Photo prise le 18 mars 2025 du Kremlin \u00e0 Moscou, capitale de la Russie. (Xinhua\/Bai Xueqi)<\/p>\n<p><strong>Les dates de la troisi\u00e8me session de pourparlers entre la Russie et l&rsquo;Ukraine seront finalis\u00e9es \u00ab\u00a0dans un avenir proche\u00a0\u00bb, a d\u00e9clar\u00e9 mercredi le porte-parole du Kremlin, Dmitri Peskov.<\/strong><\/p>\n<p>MOSCOU, 2 juillet (Xinhua) &#8212; Les dates de la troisi\u00e8me session de pourparlers entre la Russie et l&rsquo;Ukraine seront finalis\u00e9es \u00ab\u00a0dans un avenir proche\u00a0\u00bb, a d\u00e9clar\u00e9 mercredi le porte-parole du Kremlin, Dmitri Peskov.<\/p>\n<p>\u00ab\u00a0Nous pensons qu&rsquo;elles seront bient\u00f4t convenues\u00a0\u00bb, a indiqu\u00e9 M. Peskov, rappelant que la position de Moscou est que la planification des pourparlers doit \u00eatre r\u00e9alis\u00e9e d&rsquo;un commun accord.<\/p>\n<p>Le porte-parole a fait savoir qu&rsquo;aucune date sp\u00e9cifique n&rsquo;avait \u00e9t\u00e9 d\u00e9finie pour le moment et que le cadre de n\u00e9gociation \u00e9tait collaboratif par essence. \u00ab\u00a0C&rsquo;est un processus mutuel\u00a0\u00bb, a-t-il affirm\u00e9.<\/p>\n","protected":false},"excerpt":{"rendered":"Photo prise le 18 mars 2025 du Kremlin \u00e0 Moscou, capitale de la Russie. (Xinhua\/Bai Xueqi) Les dates&hellip;\n","protected":false},"author":2,"featured_media":221970,"comment_status":"","ping_status":"","sticky":false,"template":"","format":"standard","meta":{"footnotes":""},"categories":[1591],"tags":[11,1887,12,20354,1885,1886,132,220],"class_list":{"0":"post-221969","1":"post","2":"type-post","3":"status-publish","4":"format-standard","5":"has-post-thumbnail","7":"category-russie","8":"tag-actualites","9":"tag-federation-de-russie","10":"tag-news","11":"tag-pourparlers","12":"tag-russia","13":"tag-russian-federation","14":"tag-russie","15":"tag-ukraine"},"share_on_mastodon":{"url":"https:\/\/pubeurope.com\/@fr\/114786616251551499","error":""},"_links":{"self":[{"href":"https:\/\/www.europesays.com\/fr\/wp-json\/wp\/v2\/posts\/221969","targetHints":{"allow":["GET"]}}],"collection":[{"href":"https:\/\/www.europesays.com\/fr\/wp-json\/wp\/v2\/posts"}],"about":[{"href":"https:\/\/www.europesays.com\/fr\/wp-json\/wp\/v2\/types\/post"}],"author":[{"embeddable":true,"href":"https:\/\/www.europesays.com\/fr\/wp-json\/wp\/v2\/users\/2"}],"replies":[{"embeddable":true,"href":"https:\/\/www.europesays.com\/fr\/wp-json\/wp\/v2\/comments?post=221969"}],"version-history":[{"count":0,"href":"https:\/\/www.europesays.com\/fr\/wp-json\/wp\/v2\/posts\/221969\/revisions"}],"wp:featuredmedia":[{"embeddable":true,"href":"https:\/\/www.europesays.com\/fr\/wp-json\/wp\/v2\/media\/221970"}],"wp:attachment":[{"href":"https:\/\/www.europesays.com\/fr\/wp-json\/wp\/v2\/media?parent=221969"}],"wp:term":[{"taxonomy":"category","embeddable":true,"href":"https:\/\/www.europesays.com\/fr\/wp-json\/wp\/v2\/categories?post=221969"},{"taxonomy":"post_tag","embeddable":true,"href":"https:\/\/www.europesays.com\/fr\/wp-json\/wp\/v2\/tags?post=221969"}],"curies":[{"name":"wp","href":"https:\/\/api.w.org\/{rel}","templated":true}]}}