{"id":221980,"date":"2025-07-03T01:09:11","date_gmt":"2025-07-03T01:09:11","guid":{"rendered":"https:\/\/www.europesays.com\/fr\/221980\/"},"modified":"2025-07-03T01:09:11","modified_gmt":"2025-07-03T01:09:11","slug":"un-nouvel-accroc-a-schengen-liberation","status":"publish","type":"post","link":"https:\/\/www.europesays.com\/fr\/221980\/","title":{"rendered":"un nouvel accroc \u00e0 Schengen \u2013 Lib\u00e9ration"},"content":{"rendered":"<p class=\"sc-ksZaOG ehjQrN text-element\">Dix ans apr\u00e8s la <a href=\"https:\/\/www.liberation.fr\/planete\/2015\/10\/28\/c-est-ainsi-que-naissent-les-conflits_1409600\/\" target=\"_blank\" rel=\"noopener\" title=\"https:\/\/www.liberation.fr\/planete\/2015\/10\/28\/c-est-ainsi-que-naissent-les-conflits_1409600\/\">crise migratoire de 2015<\/a>, qui a lanc\u00e9 un grand <a href=\"https:\/\/www.liberation.fr\/planete\/2019\/11\/08\/en-2019-l-europe-compte-ses-murs_1762467\/\" target=\"_blank\" rel=\"noopener\" title=\"https:\/\/www.liberation.fr\/planete\/2019\/11\/08\/en-2019-l-europe-compte-ses-murs_1762467\/\">mouvement d\u2019emmurement de l\u2019Europe<\/a>, la surench\u00e8re s\u00e9curitaire aux fronti\u00e8res continue. Elle s\u2019applique aux limites ext\u00e9rieures de l\u2019Union europ\u00e9enne, comme \u00e0 celles entre Etats membres, pourtant cens\u00e9es avoir quasiment disparu dans le cadre de l\u2019espace Schengen. Mais sur les 29 pays (dont quatre hors UE) qui composent ce vaste espace de libre circulation, plus de dix ont r\u00e9introduit ou reconduit des contr\u00f4les exceptionnels aux fronti\u00e8res depuis le d\u00e9but de l\u2019ann\u00e9e. Le 1er juillet, c\u2019est la Pologne qui a rejoint la danse en annon\u00e7ant le retour de contr\u00f4les avec l\u2019Allemagne et la Lituanie \u00e0 partir de la semaine prochaine.<\/p>\n","protected":false},"excerpt":{"rendered":"Dix ans apr\u00e8s la crise migratoire de 2015, qui a lanc\u00e9 un grand mouvement d\u2019emmurement de l\u2019Europe, la&hellip;\n","protected":false},"author":2,"featured_media":221981,"comment_status":"","ping_status":"","sticky":false,"template":"","format":"standard","meta":{"footnotes":""},"categories":[1586],"tags":[11,672,19429,1777,674,1011,27,35286,12,2437,25,364],"class_list":{"0":"post-221980","1":"post","2":"type-post","3":"status-publish","4":"format-standard","5":"has-post-thumbnail","7":"category-europe","8":"tag-actualites","9":"tag-allemagne","10":"tag-donald-tusk","11":"tag-eu","12":"tag-europe","13":"tag-fr","14":"tag-france","15":"tag-migrants-files","16":"tag-news","17":"tag-pologne","18":"tag-republique-francaise","19":"tag-union-europeenne"},"share_on_mastodon":{"url":"https:\/\/pubeurope.com\/@fr\/114786635797511785","error":""},"_links":{"self":[{"href":"https:\/\/www.europesays.com\/fr\/wp-json\/wp\/v2\/posts\/221980","targetHints":{"allow":["GET"]}}],"collection":[{"href":"https:\/\/www.europesays.com\/fr\/wp-json\/wp\/v2\/posts"}],"about":[{"href":"https:\/\/www.europesays.com\/fr\/wp-json\/wp\/v2\/types\/post"}],"author":[{"embeddable":true,"href":"https:\/\/www.europesays.com\/fr\/wp-json\/wp\/v2\/users\/2"}],"replies":[{"embeddable":true,"href":"https:\/\/www.europesays.com\/fr\/wp-json\/wp\/v2\/comments?post=221980"}],"version-history":[{"count":0,"href":"https:\/\/www.europesays.com\/fr\/wp-json\/wp\/v2\/posts\/221980\/revisions"}],"wp:featuredmedia":[{"embeddable":true,"href":"https:\/\/www.europesays.com\/fr\/wp-json\/wp\/v2\/media\/221981"}],"wp:attachment":[{"href":"https:\/\/www.europesays.com\/fr\/wp-json\/wp\/v2\/media?parent=221980"}],"wp:term":[{"taxonomy":"category","embeddable":true,"href":"https:\/\/www.europesays.com\/fr\/wp-json\/wp\/v2\/categories?post=221980"},{"taxonomy":"post_tag","embeddable":true,"href":"https:\/\/www.europesays.com\/fr\/wp-json\/wp\/v2\/tags?post=221980"}],"curies":[{"name":"wp","href":"https:\/\/api.w.org\/{rel}","templated":true}]}}