{"id":221988,"date":"2025-07-03T01:13:27","date_gmt":"2025-07-03T01:13:27","guid":{"rendered":"https:\/\/www.europesays.com\/fr\/221988\/"},"modified":"2025-07-03T01:13:27","modified_gmt":"2025-07-03T01:13:27","slug":"tour-de-france-2025-le-parcours-complet-etape-par-etape","status":"publish","type":"post","link":"https:\/\/www.europesays.com\/fr\/221988\/","title":{"rendered":"Tour de France 2025 : le parcours complet \u00e9tape par \u00e9tape"},"content":{"rendered":"<p class=\"paragraph text_align_left lp-f-body-02\">Place au 112e Tour de France. Ce samedi 5 juillet, depuis Lille, la plus grande course cycliste du monde va s\u2019\u00e9lancer pour trois semaines de folie. Retrouvez le parcours complet de ce Tour 2025 \u00e9tape par \u00e9tape.<\/p>\n<p class=\"paragraph text_align_left lp-f-body-02\"><b>\u00c9tape\u202f1 \u2013 <\/b><a href=\"https:\/\/www.leparisien.fr\/sports\/cyclisme\/tour-de-france\/tour-de-france-2025-le-parcours-et-le-profil-de-letape-1-autour-de-lille-02-07-2025-GXY2Z6GPOJGNPO2IMP3EXOLBH4.php\" target=\"_blank\" rel=\"noreferrer nofollow noopener\"><b>Lille &gt; Lille, samedi 5 juillet <\/b><\/a><\/p>\n<p class=\"paragraph text_align_left lp-f-body-02\">Apr\u00e8s Copenhague, Bilbao et Florence, le Tour de France est de retour dans l\u2019hexagone pour son d\u00e9part en 2025, avec une boucle lilloise de 185\u202fkm riche en contrastes. Le parcours commence par des secteurs plats autour de la m\u00e9tropole, avant de s\u2019animer avec trois c\u00f4tes : Notre\u2011Dame\u2011de\u2011Lorette (1\u202fkm \u00e0 7,6%), le Mont Cassel, (2,3\u202fkm \u00e0 3,5%, et le Mont Noir (1,3\u202fkm \u00e0 6,4%).<\/p>\n<p><img decoding=\"async\" class=\"image \" loading=\"lazy\" src=\"https:\/\/www.europesays.com\/fr\/wp-content\/uploads\/2025\/07\/WUJHSEIU45AUXDXYNL3EJ5OIGE.jpg\" alt=\"\" align=\"\" data-rubrique-principale=\"\" data-article-type=\"\" fetchpriority=\"auto\"\/><\/p>\n<p class=\"paragraph text_align_left lp-f-body-02\">Des ascensions qui offriront l\u2019occasion aux coureurs de prendre les premiers points pour le maillot \u00e0 pois, d\u2019animer la course et de fatiguer le peloton. Le terrain, dans sa globalit\u00e9, reste favorable aux sprinteurs.<\/p>\n<p class=\"paragraph text_align_left lp-f-body-02\"><b>Etape 2 &#8211; <\/b><a href=\"https:\/\/www.leparisien.fr\/sports\/cyclisme\/tour-de-france\/tour-de-france-2025-le-parcours-et-le-profil-de-letape-2-entre-lauwin-planque-et-boulogne-sur-mer-02-07-2025-YTSMXEYDUZEPBERCLHSYF3RDE4.php\" target=\"_blank\" rel=\"noreferrer nofollow noopener\"><b>Lauwin-Planque &gt; Boulogne-sur-Mer<\/b><\/a><b>, dimanche 6 juillet<\/b><\/p>\n<p class=\"paragraph text_align_left lp-f-body-02\">Place aux premiers reliefs du Nord avec cette longue \u00e9tape de transition entre Lauwin-Planque et Boulogne-sur-Mer, sur 209\u202fkm. Le peloton traversera l\u2019Artois et le Boulonnais avant un final redoutable : trois c\u00f4tes dans les 10\u202fderniers kilom\u00e8tres, dont Saint-\u00c9tienne-au-Mont (1,1km \u00e0 5,9%) et Outreau (1,1km \u00e0 9,4%).<\/p>\n<p><img decoding=\"async\" class=\"image \" loading=\"lazy\" src=\"https:\/\/www.europesays.com\/fr\/wp-content\/uploads\/2025\/07\/SHHCB434QNEGVNUGGCDS43IOTA.jpg\" alt=\"\" align=\"\" data-rubrique-principale=\"\" data-article-type=\"\" fetchpriority=\"auto\"\/><\/p>\n<p class=\"paragraph text_align_left lp-f-body-02\">Dans le climat venteux du bord de mer, une \u00e9chapp\u00e9e costaude ou une attaque tranchante \u00e0 l\u2019approche du sprint final pourrait pi\u00e9ger les leaders inattentifs. Une premi\u00e8re s\u00e9lection naturelle pourrait donc s\u2019op\u00e9rer au sein des pr\u00e9tendants au g\u00e9n\u00e9ral \u00e0 travers cette \u00e9tape nerveuse, rythm\u00e9e, qui exigera vigilance et puissance.<\/p>\n<p class=\"paragraph text_align_left lp-f-body-02\"><b>Etape 3 &#8211; <\/b><a href=\"https:\/\/www.leparisien.fr\/sports\/cyclisme\/tour-de-france\/tour-de-france-2025-le-parcours-et-le-profil-de-letape-3-entre-valenciennes-et-dunkerque-02-07-2025-UBUBS4364FGEDAZ2NYXXXHIKIY.php\" target=\"_blank\" rel=\"noreferrer nofollow noopener\"><b>Valenciennes &gt; Dunkerque<\/b><\/a><b>, lundi 7 juillet<\/b><\/p>\n<p class=\"paragraph text_align_left lp-f-body-02\">La troisi\u00e8me \u00e9tape relie Valenciennes \u00e0 Dunkerque via un parcours de 178\u202fkm entre plaine et faible relief. Apr\u00e8s un d\u00e9part rapide, le peloton entame un passage par la c\u00f4te de Cassel (2,3km \u00e0 3,8km). Les organisateurs ont pr\u00e9vu une travers\u00e9e dans le bassin minier, suivi de 35\u202fkm finaux expos\u00e9s au vent de mer avec un gros sprint \u00e0 venir dans les rues de Dunkerque. Les \u00e9quipes de sprinteurs devront rester tr\u00e8s vigilantes pour \u00e9viter la casse dans ces portions strat\u00e9giques.<\/p>\n<p><img decoding=\"async\" class=\"image \" loading=\"lazy\" src=\"https:\/\/www.europesays.com\/fr\/wp-content\/uploads\/2025\/07\/O6JBPKC2ORA37CRMVPWQ345ME4.jpg\" alt=\"\" align=\"\" data-rubrique-principale=\"\" data-article-type=\"\" fetchpriority=\"auto\"\/><\/p>\n<p class=\"paragraph text_align_left lp-f-body-02\">Un sprint group\u00e9 reste l\u2019issue la plus probable si le peloton reste soud\u00e9. Cependant, une \u00e9chapp\u00e9e bien organis\u00e9e ou une attaque en groupe restreint ne peut \u00eatre \u00e9cart\u00e9e. Il s\u2019agit de la premi\u00e8re \u00e9tape avec un aspect tactique aussi important, avant les premi\u00e8res \u00e9ch\u00e9ances fortes qui ne sauraient plus tarder.<\/p>\n<p class=\"paragraph text_align_left lp-f-body-02\"><b>Etape 4 &#8211; <\/b><a href=\"https:\/\/www.leparisien.fr\/sports\/cyclisme\/tour-de-france\/tour-de-france-2025-le-parcours-et-le-profil-de-letape-4-entre-amiens-et-rouen-02-07-2025-WBZEUE6MCBGIFDGXED3QAALYYE.php\" target=\"_blank\" rel=\"noreferrer nofollow noopener\"><b>Amiens &gt; Rouen<\/b><\/a><b>, mardi 8 juillet<\/b><\/p>\n<p class=\"paragraph text_align_left lp-f-body-02\"><a href=\"https:\/\/www.leparisien.fr\/sports\/cyclisme\/tour-de-france\/\" target=\"_blank\" rel=\"noreferrer nofollow noopener\">Le Tour de France <\/a>quitte la r\u00e9gion des Hauts-de-France pour rallier la Normandie avec l\u2019\u00e9tape\u202f4 et 174\u202fkm vallonn\u00e9s entre Amiens et Rouen. Le trac\u00e9 devient plus s\u00e9lectif dans les 30\u202fkm finaux avec quatre c\u00f4tes : Bonsecours (900 m \u00e0 7,2%), Grand-Mare (1,8km \u00e0 5%), Saint-Hilaire (900m \u00e0 10,6%) et une derni\u00e8re ascension courte mais raide, jusqu\u2019\u00e0 15\u202f%. <\/p>\n<p><img decoding=\"async\" class=\"image \" loading=\"lazy\" src=\"https:\/\/www.europesays.com\/fr\/wp-content\/uploads\/2025\/07\/4OAE3G3GSNGEJKB3THPCGLYYNM.jpg\" alt=\"\" align=\"\" data-rubrique-principale=\"\" data-article-type=\"\" fetchpriority=\"auto\"\/><\/p>\n<p class=\"paragraph text_align_left lp-f-body-02\">Sans doute trop difficile pour le commun des sprinteurs, particuli\u00e8rement si les meilleurs puncheurs lancent les hostilit\u00e9s d\u2019assez loin.<\/p>\n<p class=\"paragraph text_align_left lp-f-body-02\"><b>Etape 5 &#8211; <\/b><a href=\"https:\/\/www.leparisien.fr\/sports\/cyclisme\/tour-de-france\/tour-de-france-2025-le-parcours-et-le-profil-de-letape-5-autour-de-caen-02-07-2025-ZZXJC7UVTFHEDJ7ACCKX72HQUY.php\" target=\"_blank\" rel=\"noreferrer nofollow noopener\"><b>Caen &gt; Caen<\/b><\/a><b>, mercredi 9 juillet<\/b><\/p>\n<p class=\"paragraph text_align_left lp-f-body-02\">Le Tour de France revient \u00e0 Caen pour la premi\u00e8re fois depuis presque vingt ans, pour une journ\u00e9e contre\u2011la\u2011montre organis\u00e9e sur 33\u202fkm autour de la ville normande. Sur un parcours parfaitement plat, les coureurs partiront tour \u00e0 tour depuis la tour Leroy avant de traverser les communes avoisinants Saint-Contest, Cambes-en-Plaine, Colomby-Anguerny, Le Fresne-Camilly, Thaon, Cairon, Rosel et Saint-Germain-la-Blanche-Herbe.<\/p>\n<p><img decoding=\"async\" class=\"image \" loading=\"lazy\" src=\"https:\/\/www.europesays.com\/fr\/wp-content\/uploads\/2025\/07\/BNIVQRFWLZGVZHDRJGD5FY4OLE.jpg\" alt=\"\" align=\"\" data-rubrique-principale=\"\" data-article-type=\"\" fetchpriority=\"auto\"\/><\/p>\n<p class=\"paragraph text_align_left lp-f-body-02\">Le retour \u00e0 Caen s\u2019effectuera ensuite par le nord de la ville pour une arriv\u00e9e pr\u00e9vue sur la place Foch. Une course id\u00e9ale pour les gros rouleurs, qui devront tout de m\u00eame se m\u00e9fier du vent qui souffle assez fort en Normandie. Les favoris du g\u00e9n\u00e9ral devront rester sur leurs gardes.<\/p>\n<p class=\"paragraph text_align_left lp-f-body-02\"><b>Etape 6 &#8211; <\/b><a href=\"https:\/\/www.leparisien.fr\/sports\/cyclisme\/tour-de-france\/tour-de-france-2025-le-parcours-et-le-profil-de-letape-6-entre-bayeux-et-vire-normandie-02-07-2025-ZSI7ROVOQJAYJHLVTOBVC2EEJM.php\" target=\"_blank\" rel=\"noreferrer nofollow noopener\"><b>Bayeux &gt; Vire Normandie<\/b><\/a><b>, jeudi 10 juillet<\/b><\/p>\n<p class=\"paragraph text_align_left lp-f-body-02\">C\u2019est encore trop t\u00f4t dans le Tour pour cr\u00e9er une vraie bagarre, mais cette \u00e9tape entre Bayeux et Vire Normandie ne sera pas pour autant de tout repos. Avec ces 3500m de d\u00e9nivel\u00e9 positif, les sprinteurs risquent de souffrir et la victoire pourrait se jouer dans un petit groupe avec les favoris et les puncheurs, qui auront une nouvelle chance de briller dans le final. <\/p>\n<p><img decoding=\"async\" class=\"image \" loading=\"lazy\" src=\"https:\/\/www.europesays.com\/fr\/wp-content\/uploads\/2025\/07\/BQJFRRVOOZDPBBZODRXOLA26EE.jpg\" alt=\"\" align=\"\" data-rubrique-principale=\"\" data-article-type=\"\" fetchpriority=\"auto\"\/><\/p>\n<p class=\"paragraph text_align_left lp-f-body-02\">La c\u00f4te de Vaudry (1,2 km \u00e0 7,2%), plac\u00e9e \u00e0 4 kilom\u00e8tres de l\u2019arriv\u00e9e, pourrait d\u00e9cider du sort de cette \u00e9tape.<\/p>\n<p class=\"paragraph text_align_left lp-f-body-02\"><b>Etape 7 &#8211; <\/b><a href=\"https:\/\/www.leparisien.fr\/sports\/cyclisme\/tour-de-france\/tour-de-france-2025-le-parcours-et-le-profil-de-letape-7-entre-saint-malo-et-mur-de-bretagne-02-07-2025-LBU3SEZLPRG6NGIW476PFMGQQ4.php\" target=\"_blank\" rel=\"noreferrer nofollow noopener\"><b>Saint-Malo &gt; M\u00fbr-de-Bretagne Guerl\u00e9dan<\/b><\/a><b>, vendredi 11 juillet<\/b><\/p>\n<p class=\"paragraph text_align_left lp-f-body-02\">Un premier r\u00e8glement de compte entre favoris ? Dans cette 100% bretonne en hommage aux 40 ans de la victoire de Bernard Hinault, la derni\u00e8re d\u2019un Fran\u00e7ais sur le Tour de France, le d\u00e9but de journ\u00e9e devrait \u00eatre plut\u00f4t calme. Jusqu\u2019au deux derniers kilom\u00e8tres les plus durs de la r\u00e9gion, le d\u00e9sormais c\u00e9l\u00e8bre M\u00fbr de Bretagne. Emprunt\u00e9 pour la premi\u00e8re fois en 2011, il a toujours donn\u00e9 lieu, gr\u00e2ce \u00e0 sa grosse portion \u00e0 10%, \u00e0 de sacr\u00e9es bagarres entre favoris.<\/p>\n<p><img decoding=\"async\" class=\"image \" loading=\"lazy\" src=\"https:\/\/www.europesays.com\/fr\/wp-content\/uploads\/2025\/07\/ABXHTVXLJRFXXESZZCFCYQ7QX4.jpg\" alt=\"\" align=\"\" data-rubrique-principale=\"\" data-article-type=\"\" fetchpriority=\"auto\"\/><\/p>\n<p class=\"paragraph text_align_left lp-f-body-02\">En 2021, c\u2019est Mathieu Van der Poel qui s\u2019\u00e9tait impos\u00e9 devant Tadej Pogacar. Et il y a 10 ans, c\u2019\u00e9tait le Fran\u00e7ais Alexis Vuillermoz qui avait surpris tout le monde, dont l\u2019intouchable Christopher Froome.<\/p>\n<p class=\"paragraph text_align_left lp-f-body-02\"><b>Etape 8 &#8211; <\/b><a href=\"https:\/\/www.leparisien.fr\/sports\/cyclisme\/tour-de-france-2025-le-parcours-et-le-profil-de-letape-8-entre-saint-meen-le-grand-et-laval-02-07-2025-FHFEL2Z6UNBIRBPLXD3UUVBL6U.php\" target=\"_blank\" rel=\"noreferrer nofollow noopener\"><b>Saint-M\u00e9en-le-Grand &gt; Laval Espace Mayenne<\/b><\/a><b>, samedi 12 juillet<\/b><\/p>\n<p class=\"paragraph text_align_left lp-f-body-02\">C\u2019est plat, c\u2019est plat, c\u2019est tr\u00e8s tr\u00e8s plat. Etape de transition sur le Tour de France depuis Saint-M\u00e9en-le-Grand jusqu\u2019\u00e0 Laval \u00e0 travers les routes de la Mayenne. Rien a priori ne semble pouvoir emp\u00eacher les \u00e9quipes de sprinteurs de contr\u00f4ler la course pour offrir une nouvelle explication \u00e0 leurs gladiateurs sur une arriv\u00e9e en faux plat montant.<\/p>\n<p><img decoding=\"async\" class=\"image \" loading=\"lazy\" src=\"https:\/\/www.europesays.com\/fr\/wp-content\/uploads\/2025\/07\/X34UHPXM4JHCHN2RO562ME2VMU.jpg\" alt=\"\" align=\"\" data-rubrique-principale=\"\" data-article-type=\"\" fetchpriority=\"auto\"\/><\/p>\n<p class=\"paragraph text_align_left lp-f-body-02\">A noter, quand m\u00eame, la petite c\u00f4te de Nuill\u00e9-sur-Vicoin, plac\u00e9e \u00e0 15 kilom\u00e8tres de l\u2019arriv\u00e9e et trop peu difficile pour \u00e9liminer qui que ce soit.<\/p>\n<p class=\"paragraph text_align_left lp-f-body-02\"><b>Etape 9 &#8211; <\/b><a href=\"https:\/\/www.leparisien.fr\/sports\/cyclisme\/tour-de-france\/tour-de-france-2025-le-parcours-et-le-profil-de-letape-9-entre-chinon-et-chateauroux-02-07-2025-GPRL34ISSZHN5CEFFSRVECIU7U.php\" target=\"_blank\" rel=\"noreferrer nofollow noopener\"><b>Chinon &gt; Ch\u00e2teauroux<\/b><\/a><b>, dimanche 13 juillet<\/b><\/p>\n<p class=\"paragraph text_align_left lp-f-body-02\">Deux \u00e0 la suite pour les sprinteurs ? L\u00e0-encore, avant de rejoindre le Massif Central pour une \u00e9tape qui promet beaucoup, le peloton du Tour de France devrait conna\u00eetre une journ\u00e9e plut\u00f4t tranquille entre Chinon et Ch\u00e2teauroux. <\/p>\n<p><img decoding=\"async\" class=\"image \" loading=\"lazy\" src=\"https:\/\/www.europesays.com\/fr\/wp-content\/uploads\/2025\/07\/KULE7FPMHVFHBCS26KZ4REPENA.jpg\" alt=\"\" align=\"\" data-rubrique-principale=\"\" data-article-type=\"\" fetchpriority=\"auto\"\/><\/p>\n<p class=\"paragraph text_align_left lp-f-body-02\">174 kilom\u00e8tres tout plats, sans la moindre c\u00f4te r\u00e9pertori\u00e9e. Pas de quoi donner envie aux baroudeurs de s\u2019essayer \u00e0 l\u2019avant de la course\u2026<\/p>\n<p class=\"paragraph text_align_left lp-f-body-02\"><b>Etape 10 &#8211; <\/b><a href=\"https:\/\/www.leparisien.fr\/sports\/cyclisme\/tour-de-france\/tour-de-france-2025-le-parcours-et-le-profil-de-letape-10-entre-ennezat-et-le-mont-dore-02-07-2025-GZ2RS6OYGRDWPD2LW64VY36XNE.php\" target=\"_blank\" rel=\"noreferrer nofollow noopener\"><b>Ennezat &gt; Le Mont-Dore<\/b><\/a><b>, lundi 14 juillet<\/b><\/p>\n<p class=\"paragraph text_align_left lp-f-body-02\">Assur\u00e9ment l\u2019une des \u00e9tapes les plus excitantes de ce Tour de France. Il ne s\u2019agit pas de haute montagne, bien s\u00fbr, mais elle devrait pourtant accoucher d\u2019une belle bagarre tant les difficult\u00e9s vont s\u2019encha\u00eener ! Il y en aura huit en tout, dont 7 de 2e cat\u00e9gorie, pour un total de 4500 m\u00e8tres de d\u00e9nivel\u00e9 positif. De quoi cr\u00e9er d\u00e9j\u00e0 de gros \u00e9carts au g\u00e9n\u00e9ral et de voir les leaders se d\u00e9voiler.<\/p>\n<p><img decoding=\"async\" class=\"image \" loading=\"lazy\" src=\"https:\/\/www.europesays.com\/fr\/wp-content\/uploads\/2025\/07\/XFHLPOEVRNCOXKHUELSHIF6U44.jpg\" alt=\"\" align=\"\" data-rubrique-principale=\"\" data-article-type=\"\" fetchpriority=\"auto\"\/><\/p>\n<p class=\"paragraph text_align_left lp-f-body-02\">L\u2019\u00e9tape traversera le d\u00e9partement du Puy-de-D\u00f4me et sa magnifique cha\u00eene des puys pour terminer \u00e0 la station du plus haut sommet local, le Sancy. Une mont\u00e9e courte mais raide (3,3 km \u00e0 8%) pour un final explosif apr\u00e8s une journ\u00e9e de 14 juillet intense.<\/p>\n<p class=\"paragraph text_align_left lp-f-body-02\"><b>Etape 11 &#8211; <\/b><a href=\"https:\/\/www.leparisien.fr\/sports\/cyclisme\/tour-de-france\/tour-de-france-2025-le-parcours-et-le-profil-de-letape-11-autour-de-toulouse-02-07-2025-EYIIXA2ZNVGJPNMRE7L4JNGRDA.php\" target=\"_blank\" rel=\"noreferrer nofollow noopener\"><b>Toulouse &gt; Toulouse<\/b><\/a><b>, mercredi 16 juillet<\/b><\/p>\n<p class=\"paragraph text_align_left lp-f-body-02\">Apr\u00e8s une journ\u00e9e de repos et un transport vers Toulouse, le peloton effectuera une grande boucle autour de la ville rose en guise de transition pour de nouvelles aventures en montagne. Rien d\u2019insurmontable au programme, mais une fin d\u2019\u00e9tape rythm\u00e9e, avec 4 c\u00f4tes en 50 kilom\u00e8tres, qui pourrait priver quelques sprinteurs d\u2019une chance de gagner.<\/p>\n<p><img decoding=\"async\" class=\"image \" loading=\"lazy\" src=\"https:\/\/www.europesays.com\/fr\/wp-content\/uploads\/2025\/07\/ZA2QE7XEUJEQRA6M5L2SEMXKGM.jpg\" alt=\"\" align=\"\" data-rubrique-principale=\"\" data-article-type=\"\" fetchpriority=\"auto\"\/><\/p>\n<p class=\"paragraph text_align_left lp-f-body-02\">La C\u00f4te de Pech, petit mur de 800 \u00e0 12% (avec des passages \u00e0 20%), est sans doute plac\u00e9 un peu trop loin de l\u2019arriv\u00e9e (8 kilom\u00e8tres) pour \u00eatre r\u00e9ellement d\u00e9cisive mais a le potentiel pour faire des d\u00e9g\u00e2ts si des attaques franches y ont lieu. Une \u00e9tape qui pourrait convenir \u00e0 un groupe d\u2019\u00e9chapp\u00e9s.<\/p>\n<p class=\"paragraph text_align_left lp-f-body-02\"><b>Etape 12 &#8211; <\/b><a href=\"https:\/\/www.leparisien.fr\/sports\/cyclisme\/tour-de-france\/tour-de-france-2025-le-parcours-et-le-profil-de-la-letape-12-entre-auch-et-hautacam-02-07-2025-RBGHD6B46ND65H6AZ3N2OFDCN4.php\" target=\"_blank\" rel=\"noreferrer nofollow noopener\"><b>Auch &gt; Hautacam,<\/b><\/a><b> jeudi 17 juillet<\/b><\/p>\n<p class=\"paragraph text_align_left lp-f-body-02\">Voil\u00e0 les Pyr\u00e9n\u00e9es qui se profilent et avec elles, forc\u00e9ment, la haute montagne. Cette fois, si ce n\u2019est pas d\u00e9j\u00e0 le cas, les derniers masques tomberont parmi les favoris. Pour cette premi\u00e8re \u00e9tape en tr\u00e8s haute altitude, le parcours se durcit surtout en fin d\u2019\u00e9tape, apr\u00e8s un tranquille depuis Auch.<\/p>\n<p><img decoding=\"async\" class=\"image \" loading=\"lazy\" src=\"https:\/\/www.europesays.com\/fr\/wp-content\/uploads\/2025\/07\/URVAMG3EAZANBBZ27QZ3M2OP64.jpg\" alt=\"\" align=\"\" data-rubrique-principale=\"\" data-article-type=\"\" fetchpriority=\"auto\"\/><\/p>\n<p class=\"paragraph text_align_left lp-f-body-02\">Ce n\u2019est qu\u2019au bout de 120 kilom\u00e8tres qu\u2019on attaquera la premi\u00e8re v\u00e9ritable difficult\u00e9 du jour, le col du Soulor (1ere cat\u00e9gorie), avant d\u2019enchainer sur les Bord\u00e8res (2e cat\u00e9gorie) puis de redescendre jusqu\u2019au pied de la terrible mont\u00e9e finale d\u2019Hautacam, premier col hors-cat\u00e9gorie de ce Tour de France. Emprunt\u00e9e la derni\u00e8re fois en 2022, cette ascension avait alors vu Vingegaard remporter d\u00e9finitivement son duel avec Pogacar.<\/p>\n<p class=\"paragraph text_align_left lp-f-body-02\"><b>Etape 13 &#8211; <\/b><a href=\"https:\/\/www.leparisien.fr\/sports\/cyclisme\/tour-de-france\/tour-de-france-2025-le-parcours-et-le-profil-de-letape-13-entre-loudenvielle-et-peyragudes-02-07-2025-26NKE4RSLRFI3ETEATQCYGIESA.php\" target=\"_blank\" rel=\"noreferrer nofollow noopener\"><b>Loudenvielle &gt; Peyragudes<\/b><\/a><b>, vendredi 18 juillet<\/b><\/p>\n<p class=\"paragraph text_align_left lp-f-body-02\">Un contre-la-montre de 10 bornes en pleine montagne. Voil\u00e0 la surprise r\u00e9serv\u00e9e par les organisateurs du Tour aux coureurs pour cette 13e \u00e9tape, qui nous fait monter de Loudenvielle \u00e0 l\u2019Altiport de Peyragudes, l\u00e0 o\u00f9 Romain Bardet avait remport\u00e9 une magnifique victoire en 2017, d\u00e9crochant notamment Christopher Froome de sa roue.<\/p>\n<p><img decoding=\"async\" class=\"image \" loading=\"lazy\" src=\"https:\/\/www.europesays.com\/fr\/wp-content\/uploads\/2025\/07\/5ADVABZKWVFDVJKSMOB43YXOFQ.jpg\" alt=\"\" align=\"\" data-rubrique-principale=\"\" data-article-type=\"\" fetchpriority=\"auto\"\/><\/p>\n<p class=\"paragraph text_align_left lp-f-body-02\">Impossible de revivre le m\u00eame sc\u00e9nario, forc\u00e9ment, mais cette tr\u00e8s difficile mont\u00e9e s\u00e8che de 8km \u00e0 7,9% va suffire \u00e0 cr\u00e9er des \u00e9carts entre favoris. Les sp\u00e9cialistes du contre-la-montre n\u2019auront quasiment aucune chance sur un trac\u00e9 comme celui-l\u00e0, le vainqueur d\u2019\u00e9tape sera l\u2019un des grands favoris \u00e0 la victoire \u00e0 la finale.<\/p>\n<p class=\"paragraph text_align_left lp-f-body-02\"><b>Etape 14 &#8211; <\/b><a href=\"https:\/\/www.leparisien.fr\/sports\/cyclisme\/tour-de-france\/tour-de-france-2025-le-parcours-et-le-profil-de-letape-14-entre-pau-et-luchon-superbagneres-02-07-2025-GP66LVSQVZGDRKVHKNGLELIA6Y.php\" target=\"_blank\" rel=\"noreferrer nofollow noopener\"><b>Pau &gt; Luchon-Superbagn\u00e8res<\/b><\/a><b>, samedi 19 juillet<\/b><\/p>\n<p class=\"paragraph text_align_left lp-f-body-02\">Derni\u00e8re \u00e9tape du triptyque pyr\u00e9n\u00e9en, et pas n\u2019importe laquelle. Entre Pau et Luchon-Superbagn\u00e8res, apr\u00e8s un d\u00e9but d\u2019\u00e9tape relativement calme pour permettre \u00e0 l\u2019\u00e9chapp\u00e9e de se former, \u00e7a ne va pas s\u2019arr\u00eater de monter et de descendre. Avec un monstrer pour commencer, le Tourmalet (hors-cat\u00e9rogie, 19km \u00e0 7,4%) !<\/p>\n<p><img decoding=\"async\" class=\"image \" loading=\"lazy\" src=\"https:\/\/www.europesays.com\/fr\/wp-content\/uploads\/2025\/07\/VZB6LMIE4FEP5F4IPUCZ4I3VNM.jpg\" alt=\"\" align=\"\" data-rubrique-principale=\"\" data-article-type=\"\" fetchpriority=\"auto\"\/><\/p>\n<p class=\"paragraph text_align_left lp-f-body-02\">Puis viendra le col d\u2019Aspin (2e cat\u00e9gorie, 5km \u00e0 7,6%), Peyresourde (1ere cat\u00e9gorie, 7,1 km \u00e0 7,8%) puis la mont\u00e9e finale vers Luchon-Superbagn\u00e8res en guise de terrible dessert (hors-cat\u00e9gorie, 12,4 km \u00e0 7,3%). Une des \u00e9tapes les plus dures de ce Tour de France, assur\u00e9ment.<\/p>\n<p class=\"paragraph text_align_left lp-f-body-02\"><b>Etape 15 &#8211;<\/b><a href=\"https:\/\/www.leparisien.fr\/sports\/cyclisme\/tour-de-france\/tour-de-france-2025-le-parcours-et-le-profil-de-letape-15-entre-muret-et-carcassonne-02-07-2025-QOQ3XUREXNFSJNFLMTLFIFH4AY.php\" target=\"_blank\" rel=\"noreferrer nofollow noopener\"><b> Muret &gt; Carcassonne<\/b><\/a><b>, dimanche 20 juillet<\/b><\/p>\n<p class=\"paragraph text_align_left lp-f-body-02\">Si c\u2019en est termin\u00e9 avec les Pyr\u00e9n\u00e9es pour le peloton, ce n\u2019est pas non plus une \u00e9tape de tout repos qui l\u2019attend ce dimanche 20 juillet entre Muret et Carcassonne. Une \u00e9tape relativement courte de 170 kilom\u00e8tres mais accident\u00e9e, avec 2500m de d\u00e9nivel\u00e9 positif et trois c\u00f4tes qui devront permettre \u00e0 un groupe de baroudeurs de se mettre en \u00e9vidence.<\/p>\n<p><img decoding=\"async\" class=\"image \" loading=\"lazy\" src=\"https:\/\/www.europesays.com\/fr\/wp-content\/uploads\/2025\/07\/ZNFAEORU4JBE5PZG2Z7PZXYUPE.jpg\" alt=\"\" align=\"\" data-rubrique-principale=\"\" data-article-type=\"\" fetchpriority=\"auto\"\/><\/p>\n<p class=\"paragraph text_align_left lp-f-body-02\">S\u2019il est assez loin de l\u2019arriv\u00e9e, la mont\u00e9e du Pas de Sant (2,9km \u00e0 10,2%) est suffisamment difficile pour cr\u00e9er du mouvement et une s\u00e9lection en fin d\u2019\u00e9tape.<\/p>\n<p class=\"paragraph text_align_left lp-f-body-02\"><b>Etape 16 &#8211; <\/b><a href=\"https:\/\/www.leparisien.fr\/sports\/cyclisme\/tour-de-france\/tour-de-france-2025-le-parcours-et-le-profil-de-letape-16-entre-montpellier-et-le-mont-ventoux-02-07-2025-AYOBAVA3KFFN5ABIFDTFB54ABI.php\" target=\"_blank\" rel=\"noreferrer nofollow noopener\"><b>Montpellier &gt; Mont Ventoux<\/b><\/a><b>, mardi 22 juillet<\/b><\/p>\n<p class=\"paragraph text_align_left lp-f-body-02\">Apr\u00e8s une journ\u00e9e de repos, c\u2019est reparti avec une nouvelle \u00e9tape tr\u00e8s attendue, celle du mythique Mont Ventoux. Comme souvent, pour arriver au G\u00e9ant de Provence, le d\u00e9but d\u2019\u00e9tape sera plut\u00f4t calme et plate du d\u00e9part de Montpellier au pied de cette terrible ascension finale.<\/p>\n<p><img decoding=\"async\" class=\"image \" loading=\"lazy\" src=\"https:\/\/www.europesays.com\/fr\/wp-content\/uploads\/2025\/07\/EFZ6QW2QNRG4XJQ4NZSC5COSUQ.jpg\" alt=\"\" align=\"\" data-rubrique-principale=\"\" data-article-type=\"\" fetchpriority=\"auto\"\/><\/p>\n<p class=\"paragraph text_align_left lp-f-body-02\">Mais ensuite, c\u2019est l\u2019enfer, avec l\u2019une des mont\u00e9es les plus dures du pays (15,7km \u00e0 8,8%) o\u00f9 le vent et la chaleur jouent toujours un r\u00f4le. Ce sera la 20e fois que le Tour de France passe par le Ventoux, pour une 12e arriv\u00e9e d\u2019\u00e9tape. La derni\u00e8re fois, en 2021, c\u2019est le Belge Wout Van Aert qui l\u2019avait emport\u00e9 au sommet.<\/p>\n<p class=\"paragraph text_align_left lp-f-body-02\"><b>Etape 17 &#8211; <\/b><a href=\"https:\/\/www.leparisien.fr\/sports\/cyclisme\/tour-de-france\/tour-de-france-2025-le-parcours-et-le-profil-de-letape-17-entre-bollene-et-valence-02-07-2025-LKWOML3IDZF5XPBNFSMZ5US2CE.php\" target=\"_blank\" rel=\"noreferrer nofollow noopener\"><b>Boll\u00e8ne &gt; Valence<\/b><\/a><b>, mercredi 23 juillet<\/b><\/p>\n<p class=\"paragraph text_align_left lp-f-body-02\">Le calme apr\u00e8s l\u2019orage et avant la temp\u00eate. Au lendemain du Ventoux et \u00e0 la veille de s\u2019attaquer \u00e0 la Loze, le peloton aura droit \u00e0 un peu de r\u00e9pit dans la Dr\u00f4me, entre Boll\u00e8ne et Valence.<\/p>\n<p><img decoding=\"async\" class=\"image \" loading=\"lazy\" src=\"https:\/\/www.europesays.com\/fr\/wp-content\/uploads\/2025\/07\/H3TJSGC645C2VBL6SSQH4BFV5I.jpg\" alt=\"\" align=\"\" data-rubrique-principale=\"\" data-article-type=\"\" fetchpriority=\"auto\"\/><\/p>\n<p class=\"paragraph text_align_left lp-f-body-02\">Une \u00e9tape plut\u00f4t courte, 160 kilom\u00e8tres, et franchement plate, qui devrait logiquement se terminer offrir aux \u00e9quipes de sprinteurs une derni\u00e8re chance de briller sur ce Tour de France. Attention malgr\u00e9 tout aux risques de bordures en fin d\u2019\u00e9tape, s\u2019il y a un peu de vent.<\/p>\n<p class=\"paragraph text_align_left lp-f-body-02\"><b>Etape 18 &#8211; <\/b><a href=\"https:\/\/www.leparisien.fr\/sports\/cyclisme\/tour-de-france\/tour-de-france-2025-le-parcours-et-le-profil-de-letape-18-entre-vif-et-courchevel-col-de-la-loze-02-07-2025-AFGOS5YXXZGHNK7E6BEKW5WJVA.php\" target=\"_blank\" rel=\"noreferrer nofollow noopener\"><b>Vif &gt; Courchevel Col de la Loze<\/b><\/a><b>, jeudi 24 juillet<\/b><\/p>\n<p class=\"paragraph text_align_left lp-f-body-02\">Sans aucun doute l\u2019\u00e9tape reine de ce Tour de France 2025. Par son arriv\u00e9e en haut de l\u2019un des cols les plus durs de France, le d\u00e9sormais tr\u00e8s redout\u00e9 col de la Loze (26,4k \u00e0 6,5%) et ses derniers kilom\u00e8tres aussi pentus qu\u2019interminables, mais aussi par ce qui attend les coureurs avant ce final terrible : deux autres ascensions hors cat\u00e9gorie mythiques, le col du Glandon (21,7km \u00e0 5,1%) et celui de la Madeleine (19,2km \u00e0 7,9%), qui \u00e9prouveront les coureurs pour un marathon de montagne et un total de 5500m de d\u00e9nivel\u00e9 positif.<\/p>\n<p><img decoding=\"async\" class=\"image \" loading=\"lazy\" src=\"https:\/\/www.europesays.com\/fr\/wp-content\/uploads\/2025\/07\/FPRJII5FONFXRAR5DJX4O67WLE.jpg\" alt=\"\" align=\"\" data-rubrique-principale=\"\" data-article-type=\"\" fetchpriority=\"auto\"\/><\/p>\n<p class=\"paragraph text_align_left lp-f-body-02\">Une \u00e9tape qui promet du spectacle et beaucoup, beaucoup de souffrance.<\/p>\n<p class=\"paragraph text_align_left lp-f-body-02\"><b>Etape 19 &#8211; <\/b><a href=\"https:\/\/www.leparisien.fr\/sports\/cyclisme\/tour-de-france\/tour-de-france-2025-le-parcours-et-le-profil-de-letape-19-entre-albertville-et-la-plagne-02-07-2025-X4PRDKKAL5HSRCTTJV2Q7PZJUE.php\" target=\"_blank\" rel=\"noreferrer nofollow noopener\"><b>Albertville &gt; La Plagne<\/b><\/a><b>, vendredi 25 juillet<\/b><\/p>\n<p class=\"paragraph text_align_left lp-f-body-02\">Derni\u00e8re chance pour les favoris de se faire la guerre, dernier effort pour ceux qui n\u2019ont juste plus qu\u2019une seule ambition dans ce Tour de France : rallier Paris. Entre Albertville et la Plagne, une courte \u00e9tape de 130 kilom\u00e8tres pour marquer la fin de la montagne, mais elle n\u2019est pas \u00e0 prendre \u00e0 la l\u00e9g\u00e8re pour autant : 5 cols, deux deux hors cat\u00e9gorie.<\/p>\n<p><img decoding=\"async\" class=\"image \" loading=\"lazy\" src=\"https:\/\/www.europesays.com\/fr\/wp-content\/uploads\/2025\/07\/ZOF62K3FLVBRFFE66RNJPFBBCE.jpg\" alt=\"\" align=\"\" data-rubrique-principale=\"\" data-article-type=\"\" fetchpriority=\"auto\"\/><\/p>\n<p class=\"paragraph text_align_left lp-f-body-02\">Avec le Col du Pr\u00e9 (12,6km \u00e0 7,7%), les hostilit\u00e9s pourront d\u00e9buter et se termineront en haut de la mont\u00e9e vers la station de la Plagne (19,1km \u00e0 7,2%). Pour un dernier feu d\u2019artifice ?<\/p>\n<p class=\"paragraph text_align_left lp-f-body-02\"><b>Etape 20 &#8211; <\/b><a href=\"https:\/\/www.leparisien.fr\/sports\/cyclisme\/tour-de-france\/tour-de-france-2025-le-parcours-et-le-profil-de-letape-20-entre-nantua-et-pontarlier-02-07-2025-AJYTEBJIOZGYBHNI72XNTGG6ZM.php\" target=\"_blank\" rel=\"noreferrer nofollow noopener\"><b>Nantua &gt; Pontarlier<\/b><\/a><b>, samedi 26 juillet<\/b><\/p>\n<p class=\"paragraph text_align_left lp-f-body-02\">Avant de remonter vers Paris, une derni\u00e8re \u00e9tape de transition entre Nantua et Pontarlier qui devrait s\u2019offrir aux baroudeurs. Avec un peloton fatigu\u00e9 et une route un peu trop accident\u00e9e pour laisser de l\u2019espoirs aux sprinteurs, il risque d\u2019y avoir une belle bagarre pour prendre l\u2019\u00e9chapp\u00e9e du jour.<\/p>\n<p><img decoding=\"async\" class=\"image \" loading=\"lazy\" src=\"https:\/\/www.europesays.com\/fr\/wp-content\/uploads\/2025\/07\/EU2SPWNFXVHVFDKCFM3EQI3TLU.jpg\" alt=\"\" align=\"\" data-rubrique-principale=\"\" data-article-type=\"\" fetchpriority=\"auto\"\/><\/p>\n<p class=\"paragraph text_align_left lp-f-body-02\">La seule vraie difficult\u00e9 du jour se trouve \u00e0 soixante de kilom\u00e8tres de l\u2019arriv\u00e9e, mais la Cote de Th\u00e9sy a de quoi faire mal (3,6km \u00e0 8,9%).<\/p>\n<p class=\"paragraph text_align_left lp-f-body-02\"><b>Etape 21 &#8211;<\/b><a href=\"https:\/\/www.leparisien.fr\/sports\/cyclisme\/tour-de-france\/tour-de-france-2025-le-parcours-et-le-profil-de-letape-21-entre-mantes-la-ville-et-paris-les-champs-elysees-02-07-2025-PLTIBHSSYBDY7A2U75XPG4MWVA.php\" target=\"_blank\" rel=\"noreferrer nofollow noopener\"><b> Mantes-la-Ville &gt; Paris Champs-\u00c9lys\u00e9es<\/b><\/a><b>, dimanche 27 juillet<\/b><\/p>\n<p class=\"paragraph text_align_left lp-f-body-02\">Comme d\u2019habitude Paris, comme d\u2019habitude les Champs-Elys\u00e9es\u2026 Oui mais pas comme du tout comme d\u2019habitude. Pour sa derni\u00e8re \u00e9tape, le Tour de France va chercher la ferveur populaire parisienne et raviver celle des JO en passant par la butte Montmartre et sa fameuse rue Lepic. <\/p>\n<p><img decoding=\"async\" class=\"image \" loading=\"lazy\" src=\"https:\/\/www.europesays.com\/fr\/wp-content\/uploads\/2025\/07\/ICY24WL6HNH5JIVMUZRMU5I3AU.jpg\" alt=\"\" align=\"\" data-rubrique-principale=\"\" data-article-type=\"\" fetchpriority=\"auto\"\/><\/p>\n<p class=\"paragraph text_align_left lp-f-body-02\">Dans une ambiance qui promet d\u2019\u00eatre dingue, les coureurs feront trois boucles dans le 18e arrondissement avant de filer sur les Champs pour une derni\u00e8re arriv\u00e9e qui ne devrait, cette fois, nous offrir de sprint massif.<\/p>\n","protected":false},"excerpt":{"rendered":"Place au 112e Tour de France. Ce samedi 5 juillet, depuis Lille, la plus grande course cycliste du&hellip;\n","protected":false},"author":2,"featured_media":221989,"comment_status":"","ping_status":"","sticky":false,"template":"","format":"standard","meta":{"footnotes":""},"categories":[4],"tags":[11,207,1011,27,12,25,60,210],"class_list":{"0":"post-221988","1":"post","2":"type-post","3":"status-publish","4":"format-standard","5":"has-post-thumbnail","7":"category-france","8":"tag-actualites","9":"tag-cyclisme","10":"tag-fr","11":"tag-france","12":"tag-news","13":"tag-republique-francaise","14":"tag-sports","15":"tag-tour-de-france"},"share_on_mastodon":{"url":"https:\/\/pubeurope.com\/@fr\/114786653407182353","error":""},"_links":{"self":[{"href":"https:\/\/www.europesays.com\/fr\/wp-json\/wp\/v2\/posts\/221988","targetHints":{"allow":["GET"]}}],"collection":[{"href":"https:\/\/www.europesays.com\/fr\/wp-json\/wp\/v2\/posts"}],"about":[{"href":"https:\/\/www.europesays.com\/fr\/wp-json\/wp\/v2\/types\/post"}],"author":[{"embeddable":true,"href":"https:\/\/www.europesays.com\/fr\/wp-json\/wp\/v2\/users\/2"}],"replies":[{"embeddable":true,"href":"https:\/\/www.europesays.com\/fr\/wp-json\/wp\/v2\/comments?post=221988"}],"version-history":[{"count":0,"href":"https:\/\/www.europesays.com\/fr\/wp-json\/wp\/v2\/posts\/221988\/revisions"}],"wp:featuredmedia":[{"embeddable":true,"href":"https:\/\/www.europesays.com\/fr\/wp-json\/wp\/v2\/media\/221989"}],"wp:attachment":[{"href":"https:\/\/www.europesays.com\/fr\/wp-json\/wp\/v2\/media?parent=221988"}],"wp:term":[{"taxonomy":"category","embeddable":true,"href":"https:\/\/www.europesays.com\/fr\/wp-json\/wp\/v2\/categories?post=221988"},{"taxonomy":"post_tag","embeddable":true,"href":"https:\/\/www.europesays.com\/fr\/wp-json\/wp\/v2\/tags?post=221988"}],"curies":[{"name":"wp","href":"https:\/\/api.w.org\/{rel}","templated":true}]}}