{"id":22199,"date":"2025-04-13T12:51:09","date_gmt":"2025-04-13T12:51:09","guid":{"rendered":"https:\/\/www.europesays.com\/fr\/22199\/"},"modified":"2025-04-13T12:51:09","modified_gmt":"2025-04-13T12:51:09","slug":"chaumont-et-tours-deja-qualifies-en-demi-finales-de-marmara-spikeligue-lequipe","status":"publish","type":"post","link":"https:\/\/www.europesays.com\/fr\/22199\/","title":{"rendered":"Chaumont et Tours d\u00e9j\u00e0 qualifi\u00e9s en demi-finales de Marmara SpikeLigue &#8211; L&#039;\u00c9quipe"},"content":{"rendered":"<ol>\n<li><a href=\"https:\/\/news.google.com\/rss\/articles\/CBMiwgFBVV95cUxQMDBwWjdBZUhfSEtkSERkTnJtNlI3YXZJdzdkRHpFQ1FvUWlsbUpNdTVzU0VOSnJFX3NLNWo4blQySHhORnhpNUJkZ0ZqZXB3Uno3RnhndDVSSWZDRVJzUnNoam1OeDNuZUNFUWNnNEV2SzByUEx1MnUydVFpcW5sUWZCcHBXc2tRM19DM1R6ZnhtdEhzcWdjc2xiYnVIVjQxUTZEeXFteDY2TlBCNkowOWlQYWRLYVlRSnF6Yk5SdEd5UQ?oc=5\" target=\"_blank\" rel=\"nofollow noopener\">Chaumont et Tours d\u00e9j\u00e0 qualifi\u00e9s en demi-finales de Marmara SpikeLigue<\/a>&nbsp;&nbsp;L&rsquo;\u00c9quipe<\/li>\n<li><a href=\"https:\/\/news.google.com\/rss\/articles\/CBMizwFBVV95cUxPTmZyRU16SHZoUkcyTk1JUGZhUWRnS2xoTVR5Y2pmd2t4X1J5RC1ZczhLd2NYclNxV2JsNU4xNnNzbFBwQklqc0xWN0ZOZ19YSkZabVRYSXlEcWtDZEZxZmtaOExuN25Qd3hVdzRTWE9IbkltOGVPS0hwUjRVa3RvUk1mMGdGRW50VDNTTHZDNWhKbV8tQklpNXR4NkVGb0NYdG1qanRack84eTQ0dkFqbzF0X1JVUGR6Z1doS2ltMC1FdlNWVzRCZ3MybGUzNkHSAc4BQVVfeXFMTlpEUWJ3OXhxQWVaekNac18wNFkyN0JvQlIwbUhyV0xwQlZMUlhtVzZXMGRzOTBmYVRKU3k1RW03UGNid0tXWWYtNFJlYXdkemZOTU1MUXkxS21pWDZpOXFHM0FGRGkteTlJejQwODcxUU5zdHM3LUUtalI0dl9wSFQxbnBLdk56X3JMcTlzY282c2FZS0lUYjk0ZlVIMW5YNHpidFpMQ01wZ3BqLXloeFB0QUFJX2VQQkZLd2xFUXNkc0prWDRicTJzVkpyVnc?oc=5\" target=\"_blank\" rel=\"nofollow noopener\">Marmara SpikeLigue (Quarts) : Chaumont et Tours ont mis fin au suspense<\/a>&nbsp;&nbsp;Orange Actualit\u00e9s | Sports<\/li>\n<li><a href=\"https:\/\/news.google.com\/rss\/articles\/CBMiqwFBVV95cUxNbENua3FvMHNLejJldXIwdVdlQjFqLWoyVExaTnlRTUdFRXRjX1lVbWk5NHRET2NaS2JhZWtmZ1Z2cnJ1dkNFMXVTLVZPQ2xlU2FuY0YxUDQwUjg2eHRHcEgzWldNUnVtYWFyUDZyNUFCM01PUHREVFRyNXd1TU5wbjRtQzJSc2dFeldVdXZ2TEVwQVVrSmNjWExYWDNqeVVyb0RaTllHT3hVLWs?oc=5\" target=\"_blank\" rel=\"nofollow noopener\">Spacer\u2019s : clap de fin pour Toulouse, sorti en quart de finale<\/a>&nbsp;&nbsp;ladepeche.fr<\/li>\n<li><a href=\"https:\/\/news.google.com\/rss\/articles\/CBMinwJBVV95cUxPZm0ybFR3ZFBuZy1MeDE2NUU5dXA0cW9ZUnpSRHdVcEs3MkE0YlgweENwSDRzLXFKekFPTXNxSm5XX3RZdGhBZmFxUzZpU3B6aGdKb3NmNVZZX2tHeldsVlBKeWRkLU1QelN4OWVFNWNOQzBDSnczRTcxcWR1dTV4UC1BSFBmMmY1ekNYaV91X25jVDZtTUQtTnlET0xicmlGLW04cFlNRjJTcUI3a3pOTGlXZi10VU1FMjZBXzdjZldCc0IwYzdjZElUaGRlb1EwNEs1VEdXa3JWWmJhWUhpRFBoTk05SHhJUmdzVEEzZ0tYWWpQNDBCdFROOVhVSjFXS0pRaldqUHRERVZvbkdyNzRmV042bTMtZ3JaR3dzcw?oc=5\" target=\"_blank\" rel=\"nofollow noopener\">ENTRETIEN. Spacer\u2019s : \u00ab\u00a0C\u2019\u00e9tait un groupe magnifique\u00a0\u00bb r\u00e9sume le coach Patrick Duflos apr\u00e8s la fin de parcours hier soir en 1\/4 de finale de la Spike Ligue<\/a>&nbsp;&nbsp;ladepeche.fr<\/li>\n<li><a href=\"https:\/\/news.google.com\/rss\/articles\/CBMiVEFVX3lxTE82Z2JvdzJDWjhwd0NtX3FmLXlOWm5HNWZiUFJ2Q3VJUWZISk1fcElNTmFSYkZTbVp4ZTg5Qk16MlFleGloUWJCWmVWRXY0WWhjSFJ3Mw?oc=5\" target=\"_blank\" rel=\"nofollow noopener\">Le CVB 52 a garanti sa place en demies<\/a>&nbsp;&nbsp;JHM<\/li>\n<\/ol>\n","protected":false},"excerpt":{"rendered":"Chaumont et Tours d\u00e9j\u00e0 qualifi\u00e9s en demi-finales de Marmara SpikeLigue&nbsp;&nbsp;L&rsquo;\u00c9quipe Marmara SpikeLigue (Quarts) : Chaumont et Tours ont&hellip;\n","protected":false},"author":2,"featured_media":22200,"comment_status":"","ping_status":"","sticky":false,"template":"","format":"standard","meta":{"footnotes":""},"categories":[1417],"tags":[1011,27,60,1470,1469],"class_list":{"0":"post-22199","1":"post","2":"type-post","3":"status-publish","4":"format-standard","5":"has-post-thumbnail","7":"category-volley","8":"tag-fr","9":"tag-france","10":"tag-sports","11":"tag-volley","12":"tag-volleyball"},"share_on_mastodon":{"url":"https:\/\/pubeurope.com\/@fr\/114330749108288581","error":""},"_links":{"self":[{"href":"https:\/\/www.europesays.com\/fr\/wp-json\/wp\/v2\/posts\/22199","targetHints":{"allow":["GET"]}}],"collection":[{"href":"https:\/\/www.europesays.com\/fr\/wp-json\/wp\/v2\/posts"}],"about":[{"href":"https:\/\/www.europesays.com\/fr\/wp-json\/wp\/v2\/types\/post"}],"author":[{"embeddable":true,"href":"https:\/\/www.europesays.com\/fr\/wp-json\/wp\/v2\/users\/2"}],"replies":[{"embeddable":true,"href":"https:\/\/www.europesays.com\/fr\/wp-json\/wp\/v2\/comments?post=22199"}],"version-history":[{"count":0,"href":"https:\/\/www.europesays.com\/fr\/wp-json\/wp\/v2\/posts\/22199\/revisions"}],"wp:featuredmedia":[{"embeddable":true,"href":"https:\/\/www.europesays.com\/fr\/wp-json\/wp\/v2\/media\/22200"}],"wp:attachment":[{"href":"https:\/\/www.europesays.com\/fr\/wp-json\/wp\/v2\/media?parent=22199"}],"wp:term":[{"taxonomy":"category","embeddable":true,"href":"https:\/\/www.europesays.com\/fr\/wp-json\/wp\/v2\/categories?post=22199"},{"taxonomy":"post_tag","embeddable":true,"href":"https:\/\/www.europesays.com\/fr\/wp-json\/wp\/v2\/tags?post=22199"}],"curies":[{"name":"wp","href":"https:\/\/api.w.org\/{rel}","templated":true}]}}