{"id":221992,"date":"2025-07-03T01:17:16","date_gmt":"2025-07-03T01:17:16","guid":{"rendered":"https:\/\/www.europesays.com\/fr\/221992\/"},"modified":"2025-07-03T01:17:16","modified_gmt":"2025-07-03T01:17:16","slug":"devant-lhecatombe-des-tetes-de-serie-alcaraz-content-davoir-gagne-deux-matches-deja","status":"publish","type":"post","link":"https:\/\/www.europesays.com\/fr\/221992\/","title":{"rendered":"devant l\u2019h\u00e9catombe des t\u00eates de s\u00e9rie, Alcaraz \u00abcontent d&rsquo;avoir gagn\u00e9 deux matches d\u00e9j\u00e0\u00bb"},"content":{"rendered":"<p>L\u2019Espagnol, double tenant du titre, s\u2019est impos\u00e9 face au modeste Britannique Oliver Tarvet (733e), deux jours apr\u00e8s son marathon contre Fabio Fognini.<\/p>\n<p class=\"fig-paragraph\">Le double tenant du titre\u00a0<a href=\"http:\/\/www.lefigaro.fr\/sports\/tennis\/wimbledon\/wimbledon-carols-alcaraz-autoritaire-face-a-oliver-tarvet-petit-poucet-et-733e-mondial-20250702\" data-fig-type=\"NewsFlash\" data-gtm-custom-categorie=\"navigation\" data-gtm-custom-action=\"crossclick\" data-gtm-custom-label=\"Contextuel\" data-gtm-event=\"customEventSPE\" data-fig-domain=\"LEFIGARO\" target=\"_blank\" rel=\"noopener\">Carlos Alcaraz<\/a>\u00a0s&rsquo;est dit mercredi \u00abcontent d&rsquo;avoir gagn\u00e9 deux matches d\u00e9j\u00e0\u00bb, en r\u00e9action \u00e0 l&rsquo;\u00e9limination pr\u00e9coce de nombreuses t\u00eates de s\u00e9rie \u00e0 Wimbledon, un ph\u00e9nom\u00e8ne qui l&rsquo;incite \u00e0 \u00eatre \u00abencore plus concentr\u00e9\u00bb. Parmi les victimes de l&rsquo;h\u00e9catombe figurent quatre membres du Top 10\u00a0:\u00a0<a href=\"http:\/\/www.lefigaro.fr\/sports\/tennis\/wimbledon\/wimbledon-je-ne-ressens-aucune-joie-dans-tout-ce-que-je-fais-zverev-en-plein-spleen-apres-sa-defaite-contre-rinderknech-20250702\" data-fig-type=\"NewsFlash\" data-gtm-custom-categorie=\"navigation\" data-gtm-custom-action=\"crossclick\" data-gtm-custom-label=\"Contextuel\" data-gtm-event=\"customEventSPE\" data-fig-domain=\"LEFIGARO\" target=\"_blank\" rel=\"noopener\">Alexander Zverev<\/a>\u00a0(n\u00b03), Lorenzo Musetti (n\u00b07), Holger Rune (n\u00b08) et\u00a0<a href=\"http:\/\/www.lefigaro.fr\/sports\/tennis\/wimbledon\/wimbledon-vainqueur-de-daniil-medvedev-l-exploit-majuscule-de-benjamin-bonzi-20250630\" data-fig-type=\"NewsFlash\" data-gtm-custom-categorie=\"navigation\" data-gtm-custom-action=\"crossclick\" data-gtm-custom-label=\"Contextuel\" data-gtm-event=\"customEventSPE\" data-fig-domain=\"LEFIGARO\" target=\"_blank\" rel=\"noopener\">Daniil Medvedev<\/a>\u00a0(n\u00b09). Au total, treize t\u00eates de s\u00e9rie ont \u00e9t\u00e9 battues au premier tour du tableau masculin, un record partag\u00e9 en Grand Chelem avec l&rsquo;\u00e9dition 2004 de l&rsquo;Open d&rsquo;Australie.<\/p>\n<p class=\"fig-paragraph\">\u00abC&rsquo;est assez choquant\u00bb, a r\u00e9agi Alcaraz mercredi apr\u00e8s sa victoire contre le Petit Poucet britannique Oliver Tarvet (733e), deux jours apr\u00e8s le marathon en cinq sets gagn\u00e9 contre le v\u00e9t\u00e9ran italien Fabio Fognini (138e). \u00abAu premier tour, j&rsquo;avais un pied dehors\u00bb, a-t-il rappel\u00e9. Avec ces \u00e9liminations en cascade, \u00abj&rsquo;essaie d&rsquo;\u00eatre encore plus concentr\u00e9 sur mes matches, sur mon tournoi\u00bb, a-t-il ajout\u00e9.<\/p>\n<p>                                    <a class=\"fig-a11y-skip a11y-hidden\" href=\"#fig-a11y-skip-main-inarticle\"><br \/>\n        Passer la publicit\u00e9<br \/>\n    <\/a><\/p>\n<p class=\"fig-paragraph\">\u00abChaque match est diff\u00e9rent, tout peut arriver au tennis. Donc je suis content d&rsquo;avoir gagn\u00e9 deux matches d\u00e9j\u00e0\u00bb, a-t-il conclu. Alcaraz a empoch\u00e9 mercredi une vingti\u00e8me victoire d&rsquo;affil\u00e9e, une s\u00e9rie qui inclut des titres \u00e0 Rome, Roland-Garros et au Queen&rsquo;s. Il n&rsquo;a plus perdu depuis avril.<\/p>\n<p class=\"fig-paragraph\">En conf\u00e9rence de presse, il a expliqu\u00e9 avoir f\u00e9licit\u00e9 son adversaire du jour, un Anglais de 21 ans \u00e9voluant sur le circuit universitaire aux \u00c9tats-Unis, \u00e0 qui il a conseill\u00e9 de \u00abcontinuer \u00e0 travailler dur\u00bb. \u00ab\u00c7a a l&rsquo;air d&rsquo;\u00eatre un gars bien, un gros bosseur. Il aime le tennis et il joue avec passion, c&rsquo;est tr\u00e8s important\u00bb, a-t-il affirm\u00e9.<\/p>\n","protected":false},"excerpt":{"rendered":"L\u2019Espagnol, double tenant du titre, s\u2019est impos\u00e9 face au modeste Britannique Oliver Tarvet (733e), deux jours apr\u00e8s son&hellip;\n","protected":false},"author":2,"featured_media":221993,"comment_status":"","ping_status":"","sticky":false,"template":"","format":"standard","meta":{"footnotes":""},"categories":[1415],"tags":[4169,7779,1011,27,60,1467],"class_list":{"0":"post-221992","1":"post","2":"type-post","3":"status-publish","4":"format-standard","5":"has-post-thumbnail","7":"category-tennis","8":"tag-atp","9":"tag-carlos-alcaraz","10":"tag-fr","11":"tag-france","12":"tag-sports","13":"tag-tennis"},"share_on_mastodon":{"url":"https:\/\/pubeurope.com\/@fr\/114786667269383703","error":""},"_links":{"self":[{"href":"https:\/\/www.europesays.com\/fr\/wp-json\/wp\/v2\/posts\/221992","targetHints":{"allow":["GET"]}}],"collection":[{"href":"https:\/\/www.europesays.com\/fr\/wp-json\/wp\/v2\/posts"}],"about":[{"href":"https:\/\/www.europesays.com\/fr\/wp-json\/wp\/v2\/types\/post"}],"author":[{"embeddable":true,"href":"https:\/\/www.europesays.com\/fr\/wp-json\/wp\/v2\/users\/2"}],"replies":[{"embeddable":true,"href":"https:\/\/www.europesays.com\/fr\/wp-json\/wp\/v2\/comments?post=221992"}],"version-history":[{"count":0,"href":"https:\/\/www.europesays.com\/fr\/wp-json\/wp\/v2\/posts\/221992\/revisions"}],"wp:featuredmedia":[{"embeddable":true,"href":"https:\/\/www.europesays.com\/fr\/wp-json\/wp\/v2\/media\/221993"}],"wp:attachment":[{"href":"https:\/\/www.europesays.com\/fr\/wp-json\/wp\/v2\/media?parent=221992"}],"wp:term":[{"taxonomy":"category","embeddable":true,"href":"https:\/\/www.europesays.com\/fr\/wp-json\/wp\/v2\/categories?post=221992"},{"taxonomy":"post_tag","embeddable":true,"href":"https:\/\/www.europesays.com\/fr\/wp-json\/wp\/v2\/tags?post=221992"}],"curies":[{"name":"wp","href":"https:\/\/api.w.org\/{rel}","templated":true}]}}