{"id":221994,"date":"2025-07-03T01:19:16","date_gmt":"2025-07-03T01:19:16","guid":{"rendered":"https:\/\/www.europesays.com\/fr\/221994\/"},"modified":"2025-07-03T01:19:16","modified_gmt":"2025-07-03T01:19:16","slug":"course-vraiment-decevante-pour-di-giannantonio-jetais-sur-de-la-glace-motorsport-com","status":"publish","type":"post","link":"https:\/\/www.europesays.com\/fr\/221994\/","title":{"rendered":"Course &quot;vraiment d\u00e9cevante&quot; pour Di Giannantonio : &quot;J&#039;\u00e9tais sur de la glace&quot; &#8211; Motorsport.com"},"content":{"rendered":"<ol>\n<li><a href=\"https:\/\/news.google.com\/rss\/articles\/CBMimwFBVV95cUxNcy1YWldjYUFCODg0X0dOWDFNdWE4Rm1xUGs0N2FwejJMdmlHWWpPZHZUX0ZqOU9WejFfaERvZVhkM09icUxWeXBSckJwU1NiQ0xtenpsSmh2Zld2NUtRaV9mWHcySHZxQzNsdHpRbUdKZ0NHVXNXMWFnSmIzTDBTUElZOTcxbWJLcnVnTFJCZi1TUjdCQkZOMG5UUQ?oc=5\" target=\"_blank\" rel=\"noopener\">Course \u00ab\u00a0vraiment d\u00e9cevante\u00a0\u00bb pour Di Giannantonio : \u00ab\u00a0J&rsquo;\u00e9tais sur de la glace\u00a0\u00bb<\/a>&nbsp;&nbsp;Motorsport.com<\/li>\n<li><a href=\"https:\/\/news.google.com\/rss\/articles\/CBMi2AFBVV95cUxNMlpCcl9TSENYZmFBU1BRR1o5S000RGptSEtBRWU0MWk4NnNqbFBpVGNuSlRWQjYxQmRJUUpaemVsaHZVWldtY0JuTjJEb2ZsT0p0UjhPLWloYk5UMjNDUm5DcUU2Y0NBb0szYXl1cml5ZnJmNXJKYlJza1c0aUljRVRPRzRoMXR2Y3h5UGk0RlUwQTBJM3ZzdUZLclVOR25PbjRDd3NLTjlaTkNERFlsdW1xR2ppTHVzVHNYOGwtV3BPTVRlMlF3UTFCVU90bDBicmtDampvaVI?oc=5\" target=\"_blank\" rel=\"noopener\">MotoGP La menace se pr\u00e9cise pour Marquez et Bagnaia, ce pilote assume enfin ses responsabilit\u00e9s!<\/a>&nbsp;&nbsp;Le Mag Sport Auto<\/li>\n<li><a href=\"https:\/\/news.google.com\/rss\/articles\/CBMi_AFBVV95cUxQX01pSHphVDk4bTk0anFyUUVUTFp3cXYtbllqR1BaZ0VoUmNFZlRiaDNsV21KeWJOLXM3YnY5eFBJQ3pxTkxYa0cyVEtTaTVDNlpxcXVrSUFMOThaazNveVRxOEhrUkdRWEdyLW9OZGp2RWZpQnNCc2tqdVJqSVh6SVlhZUNRalMwUDlYRE5DUF83cjNUd0JlLXItUzhlbVFjNmZQNU92TnlOQkJmeU1SdlIxNkxacDZpQWwwMDJxYnRxSUlZcEFDU2pOTlJ4N200YWNFelFzUFlQdDdhYWVORW1nQUFrQmdXWV9BVVZ0U0luendiYWJiSFVLZFk?oc=5\" target=\"_blank\" rel=\"noopener\">MotoGP, Assen J2, Fabio Di Giannantonio (Ducati\/Q8-S4) : toujours plus proche des fr\u00e8res Marquez et cauchemar de Bagnaia<\/a>&nbsp;&nbsp;msn.com<\/li>\n<li><a href=\"https:\/\/news.google.com\/rss\/articles\/CBMiwAFBVV95cUxQNzlxaVV3a056ckdCMW5KYnk4V0ZMc2EyTHFnaGl4eVJUeTJ6TmhNaFEwSWpoaThHRktiT0hpVlhRTDJIY1NjdlN6N1pCUEZyZDZGNm5sZFVBNEg5RExCWUxjcEJfVHJHa0dLZjVfX1pzT2doZHpuWkJ5aHJxOWhsMmNGaEc1U1ZNUVBpZVdvTHpQTnZoYkFISERiMlBqeDVWZjZyS2tLWGVIMHBXcEhWWG5PNng1LUxlS0dnSzhaRFI?oc=5\" target=\"_blank\" rel=\"noopener\">MotoGP, Assen J3, Fabio Di Giannantonio (Ducati\/6) \u00e9nerv\u00e9 : \u00ab\u00a0Avec des &lsquo;si&rsquo; et des &lsquo;mais&rsquo; on ne va pas loin\u00a0\u00bb<\/a>&nbsp;&nbsp;Paddock GP<\/li>\n<li><a href=\"https:\/\/news.google.com\/rss\/articles\/CBMiswFBVV95cUxQMy10YU1CMVIySl9lWHJKUDQwbmt0NlVJZ2ROckFpZmtMZ19jc1o5T1U0dkxLdG5udUNrVUIxRUcyZXRibjdlU2xheHpSUTZ3akVwQ3NreVE1dmNBMFlyYnlaWmxhb2FwemdjenNxa1JkRVRraFZzSHpzR2FYWkowNGFvRmpySU44MmV6MDZZNldmY0JMejdIdWpXWFV2MWNxVmFSSW50R1JNYVdSci0zX19jaw?oc=5\" target=\"_blank\" rel=\"noopener\">MotoGP, Assen J1, Fabio Di Giannantonio (Ducati\/7) : \u00ab \u00c7a a \u00e9t\u00e9 la jungle et c\u2019\u00e9tait effrayant \u00bb<\/a>&nbsp;&nbsp;Paddock GP<\/li>\n<\/ol>\n","protected":false},"excerpt":{"rendered":"Course \u00ab\u00a0vraiment d\u00e9cevante\u00a0\u00bb pour Di Giannantonio : \u00ab\u00a0J&rsquo;\u00e9tais sur de la glace\u00a0\u00bb&nbsp;&nbsp;Motorsport.com MotoGP La menace se pr\u00e9cise pour&hellip;\n","protected":false},"author":2,"featured_media":221995,"comment_status":"","ping_status":"","sticky":false,"template":"","format":"standard","meta":{"footnotes":""},"categories":[1413],"tags":[33819,7277,1011,27,33818,1457,1456,1458,60,7276],"class_list":{"0":"post-221994","1":"post","2":"type-post","3":"status-publish","4":"format-standard","5":"has-post-thumbnail","7":"category-moto","8":"tag-assen","9":"tag-fabio-di-giannantonio","10":"tag-fr","11":"tag-france","12":"tag-gp-des-pays-bas","13":"tag-moto","14":"tag-motocycle","15":"tag-motogp","16":"tag-sports","17":"tag-team-vr46"},"share_on_mastodon":{"url":"https:\/\/pubeurope.com\/@fr\/114786675121224740","error":""},"_links":{"self":[{"href":"https:\/\/www.europesays.com\/fr\/wp-json\/wp\/v2\/posts\/221994","targetHints":{"allow":["GET"]}}],"collection":[{"href":"https:\/\/www.europesays.com\/fr\/wp-json\/wp\/v2\/posts"}],"about":[{"href":"https:\/\/www.europesays.com\/fr\/wp-json\/wp\/v2\/types\/post"}],"author":[{"embeddable":true,"href":"https:\/\/www.europesays.com\/fr\/wp-json\/wp\/v2\/users\/2"}],"replies":[{"embeddable":true,"href":"https:\/\/www.europesays.com\/fr\/wp-json\/wp\/v2\/comments?post=221994"}],"version-history":[{"count":0,"href":"https:\/\/www.europesays.com\/fr\/wp-json\/wp\/v2\/posts\/221994\/revisions"}],"wp:featuredmedia":[{"embeddable":true,"href":"https:\/\/www.europesays.com\/fr\/wp-json\/wp\/v2\/media\/221995"}],"wp:attachment":[{"href":"https:\/\/www.europesays.com\/fr\/wp-json\/wp\/v2\/media?parent=221994"}],"wp:term":[{"taxonomy":"category","embeddable":true,"href":"https:\/\/www.europesays.com\/fr\/wp-json\/wp\/v2\/categories?post=221994"},{"taxonomy":"post_tag","embeddable":true,"href":"https:\/\/www.europesays.com\/fr\/wp-json\/wp\/v2\/tags?post=221994"}],"curies":[{"name":"wp","href":"https:\/\/api.w.org\/{rel}","templated":true}]}}