{"id":222024,"date":"2025-07-03T01:35:11","date_gmt":"2025-07-03T01:35:11","guid":{"rendered":"https:\/\/www.europesays.com\/fr\/222024\/"},"modified":"2025-07-03T01:35:11","modified_gmt":"2025-07-03T01:35:11","slug":"gaza-les-deputes-macronistes-et-lepenistes-votent-contre-le-respect-du-droit-international","status":"publish","type":"post","link":"https:\/\/www.europesays.com\/fr\/222024\/","title":{"rendered":"Gaza : les d\u00e9put\u00e9s macronistes et lep\u00e9nistes votent contre le respect du droit international"},"content":{"rendered":"<p>La France s\u2019est une nouvelle fois montr\u00e9e incapable de hausser le ton face au gouvernement isra\u00e9lien, <a href=\"https:\/\/www.humanite.fr\/monde\/armee-israelienne\/genocide-a-gaza-48-morts-dont-au-moins-un-journaliste-lundi-30-juin\" target=\"_blank\" rel=\"noopener\">alors que les bombardements et le g\u00e9nocide se poursuivent \u00e0 Gaza<\/a>. Ce mercredi, les d\u00e9put\u00e9s r\u00e9unis en commission des Affaires europ\u00e9ennes ont vot\u00e9 contre la proposition d\u00e9fendue par l\u2019\u00e9lue LFI Cl\u00e9mence Guett\u00e9, visant \u00e0 suspendre l\u2019accord d\u2019association entre l\u2019Union europ\u00e9enne <a href=\"https:\/\/www.humanite.fr\/monde\/arabie-saoudite\/guerre-a-gaza-benjamin-netanyahou-et-donald-trump-imposent-une-paix-sans-etat-palestinien\" target=\"_blank\" rel=\"noopener\">et Isra\u00ebl<\/a>.<\/p>\n<p>Les d\u00e9put\u00e9s de la Macronie, de la droite <a href=\"https:\/\/www.humanite.fr\/politique\/extreme-droite\/jdnews-valeurs-actuelles-causeur-omerta-frontieres-la-furia-en-immersion-dans-la-presse-dextreme-droite\" target=\"_blank\" rel=\"noopener\">et de l\u2019extr\u00eame droite<\/a> ont vot\u00e9 pour bloquer le texte soutenu par la gauche, les insoumis, les communistes, les \u00e9cologistes et les socialistes, unis pour le d\u00e9fendre. \u00ab\u00a0L\u2019Histoire jugera durement les l\u00e2ches et les complices. Le combat continue\u00a0\u00bb, a r\u00e9agi Cl\u00e9mence Guett\u00e9, avant qu\u2019un autre texte, plus conciliant et d\u00e9fendu en second rideau par les \u00e9cologistes, ne soit \u00e0 son tour rejet\u00e9.<\/p>\n<p>Un blanc-seing de plus donn\u00e9 au gouvernement isra\u00e9lien<\/p>\n<p>Le message envoy\u00e9 par les d\u00e9put\u00e9s fran\u00e7ais <a href=\"https:\/\/www.humanite.fr\/monde\/benyamin-netanyahou\/bombe-nucleaire-iranienne-les-mensonges-de-netanyahou-pour-justifier-la-guerre\" target=\"_blank\" rel=\"noopener\">\u00e0 Benyamin Netanyahou<\/a> \u00e9tait d\u00e9j\u00e0 catastrophique en l\u2019\u00e9tat, la France se vautrant dans une inaction indigne de la situation. Il \u00e9tait cependant attendu et en quelque sorte sans surprise. Mais les d\u00e9put\u00e9s macronistes et RN, d\u00e9finitivement hostiles aux propositions de gauche, ont \u00e9galement fait pire, si c\u2019\u00e9tait possible, lors d\u2019un autre vote.<\/p>\n<p>Un amendement rappelant que les pays europ\u00e9ens, dont la France, doivent respecter les d\u00e9cisions de la Cour p\u00e9nale internationale, a \u00e9galement \u00e9t\u00e9 rejet\u00e9 par les troupes de Gabriel Attal et Marine Le\u00a0Pen. Un tel vote, qui constitue une terrible remise en cause de droit international au moment o\u00f9 celui-ci est plus jamais menac\u00e9, a indign\u00e9 les d\u00e9put\u00e9s de gauche, qui y ont vu une n\u00e9gation <a href=\"https:\/\/www.humanite.fr\/social-et-economie\/gabriel-zucman\/fiscalite-a-lonu-pedro-sanchez-et-lula-veulent-federer-autour-de-la-taxe-zucman\" target=\"_blank\" rel=\"noopener\">du r\u00f4le de l\u2019ONU<\/a>, et un blanc-seing de plus donn\u00e9 au gouvernement isra\u00e9lien\u2026<\/p>\n<p>Face \u00e0 l\u2019extr\u00eame droite, ne rien l\u00e2cher\u00a0!<\/p>\n<p>C\u2019est pied \u00e0 pied, argument contre argument qu\u2019il faut combattre l\u2019extr\u00eame droite. Et c\u2019est ce que nous faisons chaque jour dans l\u2019Humanit\u00e9.<\/p>\n<p>Face aux attaques incessantes des racistes et des porteurs de haine\u00a0: soutenez-nous\u00a0! Ensemble, faisons entendre une autre voix dans ce d\u00e9bat public toujours plus naus\u00e9abond.<br \/><a href=\"https:\/\/www.humanite.fr\/lhumanite-cest-vous\" target=\"_blank\" rel=\"noopener\">Je veux en savoir plus.<\/a><\/p>\n","protected":false},"excerpt":{"rendered":"La France s\u2019est une nouvelle fois montr\u00e9e incapable de hausser le ton face au gouvernement isra\u00e9lien, alors que&hellip;\n","protected":false},"author":2,"featured_media":222025,"comment_status":"","ping_status":"","sticky":false,"template":"","format":"standard","meta":{"footnotes":""},"categories":[4],"tags":[11,6428,4628,1011,27,16785,12,25],"class_list":{"0":"post-222024","1":"post","2":"type-post","3":"status-publish","4":"format-standard","5":"has-post-thumbnail","7":"category-france","8":"tag-actualites","9":"tag-assemblu00e9e-nationale","10":"tag-bande-de-gaza","11":"tag-fr","12":"tag-france","13":"tag-israu00ebl","14":"tag-news","15":"tag-republique-francaise"},"share_on_mastodon":{"url":"https:\/\/pubeurope.com\/@fr\/114786738140795270","error":""},"_links":{"self":[{"href":"https:\/\/www.europesays.com\/fr\/wp-json\/wp\/v2\/posts\/222024","targetHints":{"allow":["GET"]}}],"collection":[{"href":"https:\/\/www.europesays.com\/fr\/wp-json\/wp\/v2\/posts"}],"about":[{"href":"https:\/\/www.europesays.com\/fr\/wp-json\/wp\/v2\/types\/post"}],"author":[{"embeddable":true,"href":"https:\/\/www.europesays.com\/fr\/wp-json\/wp\/v2\/users\/2"}],"replies":[{"embeddable":true,"href":"https:\/\/www.europesays.com\/fr\/wp-json\/wp\/v2\/comments?post=222024"}],"version-history":[{"count":0,"href":"https:\/\/www.europesays.com\/fr\/wp-json\/wp\/v2\/posts\/222024\/revisions"}],"wp:featuredmedia":[{"embeddable":true,"href":"https:\/\/www.europesays.com\/fr\/wp-json\/wp\/v2\/media\/222025"}],"wp:attachment":[{"href":"https:\/\/www.europesays.com\/fr\/wp-json\/wp\/v2\/media?parent=222024"}],"wp:term":[{"taxonomy":"category","embeddable":true,"href":"https:\/\/www.europesays.com\/fr\/wp-json\/wp\/v2\/categories?post=222024"},{"taxonomy":"post_tag","embeddable":true,"href":"https:\/\/www.europesays.com\/fr\/wp-json\/wp\/v2\/tags?post=222024"}],"curies":[{"name":"wp","href":"https:\/\/api.w.org\/{rel}","templated":true}]}}