{"id":222044,"date":"2025-07-03T01:52:37","date_gmt":"2025-07-03T01:52:37","guid":{"rendered":"https:\/\/www.europesays.com\/fr\/222044\/"},"modified":"2025-07-03T01:52:37","modified_gmt":"2025-07-03T01:52:37","slug":"le-nombre-de-pv-pour-stationnement-impaye-a-explose-2","status":"publish","type":"post","link":"https:\/\/www.europesays.com\/fr\/222044\/","title":{"rendered":"Le nombre de PV pour stationnement impay\u00e9 a explos\u00e9"},"content":{"rendered":"<p><strong>fraude &#8211; Le recours au syst\u00e8me de contr\u00f4le par lecture automatis\u00e9e de plaques d\u2019immatriculation a nettement fait grimper le nombre de contr\u00f4les<\/strong><\/p>\n<p>Le pourcentage de fraudeurs a nettement baiss\u00e9. Et pourtant, le nombre d\u2019amendes pour stationnement impay\u00e9 a litt\u00e9ralement explos\u00e9. Dans un bilan pr\u00e9sent\u00e9 lundi soir en conseil municipal, la ville de Rennes a not\u00e9 une forte hausse de\u00a060\u00a0% <a href=\"https:\/\/www.20minutes.fr\/rennes\/2147823-20171009-rennes-amendes-stationnement-changent-nom-couteront-deux-fois-plus?at_medium=RSS%20feed&amp;at_campaign=ynews&amp;utm_source=yahoo&amp;utm_medium=rss&amp;utm_campaign=news_feed&amp;utm_content=in_article_link\" rel=\"nofollow noopener\" target=\"_blank\" data-ylk=\"slk:du nombre de forfaits de post-stationnement;elm:context_link;itc:0;sec:content-canvas\" class=\"link \">du nombre de forfaits de post-stationnement <\/a>(le nom politiquement correct d\u2019une amende). La raison\u00a0? \u00ab\u00a0Le renforcement des contr\u00f4les\u00a0\u00bb, explique la municipalit\u00e9, qui a eu recours <a href=\"https:\/\/www.20minutes.fr\/rennes\/4056948-20231010-rennes-bientot-voitures-lapi-controler-stationnement?at_medium=RSS%20feed&amp;at_campaign=ynews&amp;utm_source=yahoo&amp;utm_medium=rss&amp;utm_campaign=news_feed&amp;utm_content=in_article_link\" rel=\"nofollow noopener\" target=\"_blank\" data-ylk=\"slk:aux voitures dites Lapi;elm:context_link;itc:0;sec:content-canvas\" class=\"link \">aux voitures dites Lapi<\/a> pour \u00ab\u00a0lecture automatis\u00e9e de plaques d\u2019immatriculation\u00a0\u00bb depuis le 1er\u00a0janvier 2024.<\/p>\n<p>Avec ces \u00ab\u00a0sulfateuses \u00e0 PV\u00a0\u00bb, le nombre de voitures contr\u00f4l\u00e9es a bondi par rapport aux rondes r\u00e9alis\u00e9es auparavant par les agents de surveillance de la voie publique. L\u2019an pass\u00e9, plus de 1,2\u00a0million de v\u00e9hicules ont ainsi pu \u00eatre scann\u00e9s. Mais ce n\u2019est pas la seule raison. Cette progression est aussi due aux extensions des zones en stationnement payant, dont le p\u00e9rim\u00e8tre a grandi de 10\u00a0% en\u00a02023 puis de 10\u00a0% en\u00a02024.<\/p>\n<p>La ville rappelle qu\u2019il est possible d\u2019annuler les fameuses FPS, notamment quand le v\u00e9hicule b\u00e9n\u00e9ficiant d\u2019une tarification diff\u00e9renci\u00e9e n\u2019a pas \u00e9t\u00e9 enregistr\u00e9. C\u2019est le cas de certains professionnels, mais aussi des r\u00e9sidents qui b\u00e9n\u00e9ficient d\u2019un tarif r\u00e9glement\u00e9, voire d\u2019une gratuit\u00e9 sociale. Au d\u00e9but de l\u2019ann\u00e9e\u00a02024, de nombreuses amendes ont \u00e9t\u00e9 annul\u00e9es, le temps que les habitants se fassent \u00e0 ce nouveau syst\u00e8me. On notera d\u2019ailleurs que l\u2019arriv\u00e9e des voitures Lapi a nettement fait plonger le taux de fraude, qui s\u2019\u00e9tablit aujourd\u2019hui \u00e0 1(&#8230;)<\/p>\n<p><a href=\"https:\/\/www.20minutes.fr\/rennes\/4161501-20250702-rennes-nombre-pv-stationnement-impaye-explose?at_medium=RSS%20feed&amp;at_campaign=ynews&amp;utm_source=yahoo&amp;utm_medium=rss&amp;utm_campaign=news_feed&amp;utm_content=read_more_link&quot;\" rel=\"nofollow noopener\" target=\"_blank\" data-ylk=\"slk:Lire la suite sur 20minutes;elm:context_link;itc:0;sec:content-canvas\" class=\"link \">Lire la suite sur 20minutes<\/a><\/p>\n<p>\u00c0 lire aussi :<br \/><a href=\"https:\/\/www.20minutes.fr\/societe\/4157107-20250605-voitures-radars-vont-flasher-neuf-nouveaux-departements-voici-lesquels?at_medium=RSS%20feed&amp;at_campaign=ynews&amp;utm_source=yahoo&amp;utm_medium=rss&amp;utm_campaign=news_feed&amp;utm_content=related_content_link\" rel=\"nofollow noopener\" target=\"_blank\" data-ylk=\"slk:Les voitures radars vont flasher dans neuf nouveaux d\u00e9partements, voici lesquels;elm:context_link;itc:0;sec:content-canvas\" class=\"link \">Les voitures radars vont flasher dans neuf nouveaux d\u00e9partements, voici lesquels<\/a><br \/><a href=\"https:\/\/www.20minutes.fr\/faits_divers\/4153308-20250513-suisse-canard-recidiviste-flashe-radar-exces-vitesse?at_medium=RSS%20feed&amp;at_campaign=ynews&amp;utm_source=yahoo&amp;utm_medium=rss&amp;utm_campaign=news_feed&amp;utm_content=related_content_link\" rel=\"nofollow noopener\" target=\"_blank\" data-ylk=\"slk:Suisse\u00a0: Un canard (peut-\u00eatre r\u00e9cidiviste) flash\u00e9 par un radar pour exc\u00e8s de vitesse;elm:context_link;itc:0;sec:content-canvas\" class=\"link \">Suisse\u00a0: Un canard (peut-\u00eatre r\u00e9cidiviste) flash\u00e9 par un radar pour exc\u00e8s de vitesse<\/a><\/p>\n","protected":false},"excerpt":{"rendered":"fraude &#8211; Le recours au syst\u00e8me de contr\u00f4le par lecture automatis\u00e9e de plaques d\u2019immatriculation a nettement fait grimper&hellip;\n","protected":false},"author":2,"featured_media":222045,"comment_status":"","ping_status":"","sticky":false,"template":"","format":"standard","meta":{"footnotes":""},"categories":[2821],"tags":[1111,11,36111,829,1777,674,1011,27,36112,12,19256,36109,584,25,36110],"class_list":{"0":"post-222044","1":"post","2":"type-post","3":"status-publish","4":"format-standard","5":"has-post-thumbnail","7":"category-rennes","8":"tag-actu","9":"tag-actualites","10":"tag-agents-de-surveillance","11":"tag-bretagne","12":"tag-eu","13":"tag-europe","14":"tag-fr","15":"tag-france","16":"tag-lapi","17":"tag-news","18":"tag-nombre","19":"tag-plaques-dimmatriculation","20":"tag-rennes","21":"tag-republique-francaise","22":"tag-systeme-de-controle"},"share_on_mastodon":{"url":"https:\/\/pubeurope.com\/@fr\/114786804975042507","error":""},"_links":{"self":[{"href":"https:\/\/www.europesays.com\/fr\/wp-json\/wp\/v2\/posts\/222044","targetHints":{"allow":["GET"]}}],"collection":[{"href":"https:\/\/www.europesays.com\/fr\/wp-json\/wp\/v2\/posts"}],"about":[{"href":"https:\/\/www.europesays.com\/fr\/wp-json\/wp\/v2\/types\/post"}],"author":[{"embeddable":true,"href":"https:\/\/www.europesays.com\/fr\/wp-json\/wp\/v2\/users\/2"}],"replies":[{"embeddable":true,"href":"https:\/\/www.europesays.com\/fr\/wp-json\/wp\/v2\/comments?post=222044"}],"version-history":[{"count":0,"href":"https:\/\/www.europesays.com\/fr\/wp-json\/wp\/v2\/posts\/222044\/revisions"}],"wp:featuredmedia":[{"embeddable":true,"href":"https:\/\/www.europesays.com\/fr\/wp-json\/wp\/v2\/media\/222045"}],"wp:attachment":[{"href":"https:\/\/www.europesays.com\/fr\/wp-json\/wp\/v2\/media?parent=222044"}],"wp:term":[{"taxonomy":"category","embeddable":true,"href":"https:\/\/www.europesays.com\/fr\/wp-json\/wp\/v2\/categories?post=222044"},{"taxonomy":"post_tag","embeddable":true,"href":"https:\/\/www.europesays.com\/fr\/wp-json\/wp\/v2\/tags?post=222044"}],"curies":[{"name":"wp","href":"https:\/\/api.w.org\/{rel}","templated":true}]}}