{"id":222068,"date":"2025-07-03T02:05:16","date_gmt":"2025-07-03T02:05:16","guid":{"rendered":"https:\/\/www.europesays.com\/fr\/222068\/"},"modified":"2025-07-03T02:05:16","modified_gmt":"2025-07-03T02:05:16","slug":"adoption-express-de-la-reforme-de-plm-en-commission-a-lassemblee","status":"publish","type":"post","link":"https:\/\/www.europesays.com\/fr\/222068\/","title":{"rendered":"adoption express de la r\u00e9forme de PLM en commission \u00e0 l&rsquo;Assembl\u00e9e"},"content":{"rendered":"<p>Une nouvelle \u00e9tape a \u00e9t\u00e9 franchie par la r\u00e9forme de la loi PLM : la commission des lois a adopt\u00e9 en mode express &#8211; moins de 40 minutes &#8211; la modification du mode de scrutin des municipales de mars 2026 \u00e0 Marseille, Paris et Lyon, ce mercredi 2 juillet. Elle revenait en seconde lecture apr\u00e8s son adoption par l\u2019Assembl\u00e9e le 7 avril, <a href=\"https:\/\/www.laprovence.com\/article\/politique\/38874631215682\/municipales-2026-le-senat-soppose-massivement-a-la-reforme-du-scrutin-a-paris-lyon-et-marseille\" target=\"_blank\" rel=\"noopener\">le rejet par le S\u00e9nat le 3\u00a0juin<\/a> et <a href=\"https:\/\/www.laprovence.com\/article\/elections\/38046002199274\/reforme-de-plm-pas-daccord-en-cmp-le-gouvernement-pret-a-repasser-par-lassemblee\" target=\"_blank\" rel=\"noopener\">l\u2019\u00e9chec de la commission mixte paritaire<\/a>, le 24\u00a0juin.<\/p>\n<p>La proposition de loi port\u00e9e par Sylvain Maillard (Renaissance), appuy\u00e9e par les groupes EPR, RN et LFI, n\u2019a \u00e9t\u00e9 modifi\u00e9e qu\u2019\u00e0 la marge ce mercredi 2 juillet. Elle pr\u00e9voit notamment l\u2019instauration d\u2019un double scrutin, l\u2019un pour \u00e9lire le conseil municipal de la commune (qui d\u00e9signera \u00e0 son tour son maire), l\u2019autre pour \u00e9lire les conseillers d\u2019arrondissements (ou de secteur \u00e0 Marseille).<\/p>\n<p>Prochaine \u00e9tape\u00a0: <a href=\"https:\/\/www.laprovence.com\/article\/elections\/45940706117737\/municipales-a-marseille-la-reforme-de-la-loi-plm-revient-le-7-juillet-a-l-assemblee\" target=\"_blank\" rel=\"noopener\">le vote en s\u00e9ance pl\u00e9ni\u00e8re lundi 7\u00a0juillet<\/a>, qui devrait obtenir une large majorit\u00e9 compos\u00e9e \u00e0 la fois de d\u00e9put\u00e9s du bloc central, du RN et de LFI. D\u00e9but avril, il avait recueilli 183 voix pour, 53 contre et 17 abstentions. Le texte sera ensuite \u00e9tudi\u00e9 pour avis le 9\u00a0juillet au S\u00e9nat avant, probablement, que le Conseil constitutionnel ne soit saisi par ses opposants.<\/p>\n","protected":false},"excerpt":{"rendered":"Une nouvelle \u00e9tape a \u00e9t\u00e9 franchie par la r\u00e9forme de la loi PLM : la commission des lois&hellip;\n","protected":false},"author":2,"featured_media":222069,"comment_status":"","ping_status":"","sticky":false,"template":"","format":"standard","meta":{"footnotes":""},"categories":[2814],"tags":[17,1111,11,36113,10349,5949,1777,674,6507,1011,27,884,3554,12,5530,882,4190,25],"class_list":{"0":"post-222068","1":"post","2":"type-post","3":"status-publish","4":"format-standard","5":"has-post-thumbnail","7":"category-marseille","8":"tag-17","9":"tag-actu","10":"tag-actualites","11":"tag-adoption","12":"tag-commission","13":"tag-elections","14":"tag-eu","15":"tag-europe","16":"tag-express","17":"tag-fr","18":"tag-france","19":"tag-marseille","20":"tag-municipales","21":"tag-news","22":"tag-plm","23":"tag-provence-alpes-cote-dazur","24":"tag-reforme","25":"tag-republique-francaise"},"share_on_mastodon":{"url":"https:\/\/pubeurope.com\/@fr\/114786856052620833","error":""},"_links":{"self":[{"href":"https:\/\/www.europesays.com\/fr\/wp-json\/wp\/v2\/posts\/222068","targetHints":{"allow":["GET"]}}],"collection":[{"href":"https:\/\/www.europesays.com\/fr\/wp-json\/wp\/v2\/posts"}],"about":[{"href":"https:\/\/www.europesays.com\/fr\/wp-json\/wp\/v2\/types\/post"}],"author":[{"embeddable":true,"href":"https:\/\/www.europesays.com\/fr\/wp-json\/wp\/v2\/users\/2"}],"replies":[{"embeddable":true,"href":"https:\/\/www.europesays.com\/fr\/wp-json\/wp\/v2\/comments?post=222068"}],"version-history":[{"count":0,"href":"https:\/\/www.europesays.com\/fr\/wp-json\/wp\/v2\/posts\/222068\/revisions"}],"wp:featuredmedia":[{"embeddable":true,"href":"https:\/\/www.europesays.com\/fr\/wp-json\/wp\/v2\/media\/222069"}],"wp:attachment":[{"href":"https:\/\/www.europesays.com\/fr\/wp-json\/wp\/v2\/media?parent=222068"}],"wp:term":[{"taxonomy":"category","embeddable":true,"href":"https:\/\/www.europesays.com\/fr\/wp-json\/wp\/v2\/categories?post=222068"},{"taxonomy":"post_tag","embeddable":true,"href":"https:\/\/www.europesays.com\/fr\/wp-json\/wp\/v2\/tags?post=222068"}],"curies":[{"name":"wp","href":"https:\/\/api.w.org\/{rel}","templated":true}]}}