{"id":222072,"date":"2025-07-03T02:07:14","date_gmt":"2025-07-03T02:07:14","guid":{"rendered":"https:\/\/www.europesays.com\/fr\/222072\/"},"modified":"2025-07-03T02:07:14","modified_gmt":"2025-07-03T02:07:14","slug":"vaulx-en-velin-aura-bientot-sa-cite-campus","status":"publish","type":"post","link":"https:\/\/www.europesays.com\/fr\/222072\/","title":{"rendered":"Vaulx-en-Velin aura bient\u00f4t sa Cit\u00e9 Campus"},"content":{"rendered":"<p>Assia Djebar, \u00e9crivaine, historienne et premi\u00e8re femme maghr\u00e9bine \u00e9lue \u00e0 l\u2019Acad\u00e9mie Fran\u00e7aise en 2005, va donner son nom \u00e0 la future Cit\u00e9 Campus de Vaulx-en-Velin. La premi\u00e8re poutre vient d\u2019\u00eatre inaugur\u00e9 et promet un lieu qui liera \u00e9cole et jeunesse d\u00e8s 2027.<\/p>\n<p>\u00c0 <strong>Vaulx-en-Velin<\/strong>, c\u2019est pr\u00e8s de 40% de la population qui a moins de 25 ans. Une ville consid\u00e9r\u00e9e comme \u00e9tudiante qui ne dispose pourtant pas de nombreuses \u00e9coles. Pour rem\u00e9dier \u00e0 cela, la Ville a choisi de construire une <strong>cit\u00e9-campus<\/strong>. Elle accueillera des formations de l\u2019<strong><a href=\"https:\/\/www.lyon.archi.fr\/\" target=\"_blank\" rel=\"noreferrer noopener\">\u00c9cole Nationale Sup\u00e9rieure d\u2019Architecture de Lyon<\/a><\/strong>. Mais aussi des projets port\u00e9s par l\u2019<strong><a href=\"https:\/\/www.entpe.fr\/\" target=\"_blank\" rel=\"noreferrer noopener\">ENTPE<\/a><\/strong>, le <strong>Campus des M\u00e9tiers et des Qualifications<\/strong> et la <strong>Direction Jeunesse et Vie \u00e9tudiante<\/strong> de la Ville.<\/p>\n<p><img fetchpriority=\"high\" decoding=\"async\" width=\"1200\" height=\"675\" src=\"https:\/\/www.europesays.com\/fr\/wp-content\/uploads\/2025\/07\/Cite-Campus-premiere-poutre.jpg\" alt=\"Cit\u00e9 Campus\" class=\"wp-image-250320\"  \/><\/p>\n<p>Ecoutez le podcast<\/p>\n<p>Cit\u00e9 Campus Assia Djebar<\/p>\n<p>La maire de <strong>Vaulx-en-Velin<\/strong>, <strong>H\u00e9l\u00e8ne Geoffroy<\/strong>, nous en dit un peu plus sur le projet\u00a0: \u00ab\u00a0Ce sera un \u00e9quipement qui permettra d\u2019accueillir une <strong>extension de l\u2019\u00c9cole d\u2019Architecture Sup\u00e9rieure de Lyon<\/strong> qui est d\u00e9j\u00e0 \u00e0 <strong>Vaulx-en-Velin<\/strong>. Elle va avoir maintenant plus de 1000 \u00e9l\u00e8ves et donc elle a besoin d\u2019agrandir ses locaux historiques \u00e0 Vaulx. Mais ce qui est tr\u00e8s novateur, c\u2019est qu\u2019elle accueillera aussi le <strong>service Jeunesse et Vie \u00e9tudiante de la Ville<\/strong> et le <strong>Campus des M\u00e9tiers et des Qualifications<\/strong> qui est un campus qui permet de travailler sur les <strong>questions de l\u2019orientation autour de la ville<\/strong>, du <strong>b\u00e2timent<\/strong> et de la <strong>ville intelligente<\/strong>. Et donc, on va pouvoir <strong>m\u00ealer les jeunesses<\/strong>.\u00a0\u00bb<\/p>\n<p>Ecoutez aussi : <a href=\"https:\/\/www.lyondemain.fr\/deux-nouvelles-lignes-fortes-est-lyonnais\/\" target=\"_blank\" rel=\"noreferrer noopener\">SYTRAL : deux nouvelles lignes fortes pour l\u2019Est-Lyonnais<\/a><\/p>\n<p><img loading=\"lazy\" decoding=\"async\" width=\"1200\" height=\"675\" src=\"https:\/\/www.europesays.com\/fr\/wp-content\/uploads\/2025\/07\/Cite-Campus.jpg\" alt=\"Assia Djebar\" class=\"wp-image-250319\"  \/><\/p>\n<p>Une occasion pour l\u2019ENSAL de s\u2019agrandir<\/p>\n<p>Implant\u00e9e \u00e0<strong> Vaud-en-Velin<\/strong> depuis 37 ans, l\u2019<strong>\u00c9cole nationale sup\u00e9rieure d\u2019architecture de Lyon<\/strong> s\u2019est associ\u00e9e \u00e0 la mairie pour besoin commun d\u2019agrandir leur espace de cours. Les nouveaux locaux permettront d\u2019accueillir au mieux les \u00e9tudiants actuels. Et d\u2019augmenter progressivement de 20% les effectifs. En partageant ce lieu, l\u2019\u00e9cole a pour objectif de faire <strong>coexister sous un m\u00eame toit enseignements sup\u00e9rieurs, initiatives citoyennes culturelles et collaboratives<\/strong> et ainsi permettre \u00e0 chacun d\u2019imaginer et construire son avenir.<\/p>\n<p><strong>Christophe Boyadjian<\/strong>, professeur \u00e0 l\u2019<strong>ENSAL<\/strong> et pr\u00e9sident du conseil d\u2019administration revient sur la volont\u00e9 d\u2019<strong>ouvrir l\u2019universit\u00e9<\/strong>. \u00ab\u00a0Le b\u00e9n\u00e9fice, en fait, il est surtout qu\u2019aujourd\u2019hui, en 2025, ce n\u2019est pas acceptable ni souhaitable d\u2019<strong>avoir d\u2019un c\u00f4t\u00e9 l\u2019universit\u00e9<\/strong> et <strong>de l\u2019autre c\u00f4t\u00e9 la ville<\/strong>. Et en fait, les jeunes qui habitent ici, dans le centre de Vaulx-en-Velin, dans les quartiers de Vaulx-en-Velin, ils ont aussi une aspiration aux <strong>\u00e9tudes sup\u00e9rieures<\/strong>, etc. Et donc, d\u2019avoir ce lieu qui se partage entre la jeunesse, le campus des m\u00e9tiers et l\u2019\u00e9cole d\u2019architecture. Mais peut-\u00eatre d\u2019autres aussi encore\u2026 C\u2019est une belle opportunit\u00e9 pour chacun.\u00a0\u00bb<\/p>\n<p>Ecoutez aussi : <a href=\"https:\/\/www.lyondemain.fr\/terres-du-velin-espace-test-agricole\/\" target=\"_blank\" rel=\"noreferrer noopener\">Terres du Velin : Emmanuelle Gharbi nouvelle mara\u00eech\u00e8re<\/a><\/p>\n<p><img loading=\"lazy\" decoding=\"async\" width=\"1200\" height=\"675\" src=\"https:\/\/www.europesays.com\/fr\/wp-content\/uploads\/2025\/07\/Cite-Campus-lancement-des-travaux.jpg\" alt=\"Cit\u00e9 Campus\" class=\"wp-image-250322\"  \/><\/p>\n<p>Rapprocher les jeunes des grandes \u00e9coles<\/p>\n<p>D\u00e9j\u00e0 tr\u00e8s ax\u00e9e jeunesse, la <strong><a href=\"https:\/\/vaulx-en-velin.net\/\" target=\"_blank\" rel=\"noreferrer noopener\">ville<\/a> de Vaud-en-Velin<\/strong> vient renforcer cette envie avec ce nouveau projet. De quoi plaire aux jeunes de la ville, comme <strong>Bensalem Tahar<\/strong>, qui partage son avis sur la future construction\u00a0: \u00ab\u00a0Ce projet ne peut \u00eatre qu\u2019un plus pour la ville de Vaulx-en-Velin et les jeunes de Vaulx-en-Velin. Parce que forc\u00e9ment, on rajoute un campus, donc c\u2019est un endroit o\u00f9 on pourra venir s\u2019y cultiver. Donc \u00e7a ne peut \u00eatre qu\u2019un plus\u00a0\u00bb.<\/p>\n<p>Les 2000 m2 de la Cit\u00e9 Campus r\u00e9pondent aussi aux enjeux environnementaux avec l\u2019utilisation de mat\u00e9riaux biosourc\u00e9s et une approche bioclimatique. Le b\u00e2timent sera sobre et fonctionnel avec un co\u00fbt total de 13 M\u20ac et sera livr\u00e9 d\u00e9but 2027.<\/p>\n<p>Ecoutez aussi : <a href=\"https:\/\/www.lyondemain.fr\/etudiants-ensa-amenagement-le-bob\/\" target=\"_blank\" rel=\"noreferrer noopener\">Des \u00e9tudiants ENSA repensent les espaces ext\u00e9rieurs du Bob<\/a><\/p>\n<p><img loading=\"lazy\" decoding=\"async\" width=\"1200\" height=\"675\" src=\"https:\/\/www.europesays.com\/fr\/wp-content\/uploads\/2025\/07\/Cite-Campus-Assia-Djebar.jpg\" alt=\"jeunesse\" class=\"wp-image-250321\"  \/><br \/>\nJ\u2019aime \u00e7a\u00a0:<\/p>\n<p>J\u2019aime chargement\u2026<\/p>\n<p><a class=\"sd-link-color\"\/><\/p>\n<p>\n\tArticles similaires\n<\/p>\n<p>\t\t\t\t<img decoding=\"async\" src=\"https:\/\/www.europesays.com\/fr\/wp-content\/uploads\/2025\/07\/7866158698e17e8ed633c05e8f8e7fe5d9e057ad78661c4dc34e413abb6b9f19\" alt=\"G\u00e9rald Bouchon\"\/><\/p>\n<p>Pionnier des radios libres, passionn\u00e9 de radio, journaliste et dirigeant de m\u00e9dias \u00e9co-responsables..<\/p>\n","protected":false},"excerpt":{"rendered":"Assia Djebar, \u00e9crivaine, historienne et premi\u00e8re femme maghr\u00e9bine \u00e9lue \u00e0 l\u2019Acad\u00e9mie Fran\u00e7aise en 2005, va donner son nom&hellip;\n","protected":false},"author":2,"featured_media":222073,"comment_status":"","ping_status":"","sticky":false,"template":"","format":"standard","meta":{"footnotes":""},"categories":[1889],"tags":[1111,11,36114,2430,36115,36116,36117,4019,36118,36119,36120,1777,674,1011,27,36121,2428,5762,10510,12,25,5070],"class_list":{"0":"post-222072","1":"post","2":"type-post","3":"status-publish","4":"format-standard","5":"has-post-thumbnail","7":"category-lyon","8":"tag-actu","9":"tag-actualites","10":"tag-assia-djebar","11":"tag-auvergne-rhone-alpes","12":"tag-christophe-boyadjian","13":"tag-cite-campus","14":"tag-ecole-nationale-darchitecture","15":"tag-ecoles","16":"tag-ensa","17":"tag-entpe","18":"tag-etudes-superieures","19":"tag-eu","20":"tag-europe","21":"tag-fr","22":"tag-france","23":"tag-helene-geoffroy","24":"tag-lyon","25":"tag-metiers","26":"tag-metropole-de-lyon","27":"tag-news","28":"tag-republique-francaise","29":"tag-vaulx-en-velin"},"share_on_mastodon":{"url":"https:\/\/pubeurope.com\/@fr\/114786864141117300","error":""},"_links":{"self":[{"href":"https:\/\/www.europesays.com\/fr\/wp-json\/wp\/v2\/posts\/222072","targetHints":{"allow":["GET"]}}],"collection":[{"href":"https:\/\/www.europesays.com\/fr\/wp-json\/wp\/v2\/posts"}],"about":[{"href":"https:\/\/www.europesays.com\/fr\/wp-json\/wp\/v2\/types\/post"}],"author":[{"embeddable":true,"href":"https:\/\/www.europesays.com\/fr\/wp-json\/wp\/v2\/users\/2"}],"replies":[{"embeddable":true,"href":"https:\/\/www.europesays.com\/fr\/wp-json\/wp\/v2\/comments?post=222072"}],"version-history":[{"count":0,"href":"https:\/\/www.europesays.com\/fr\/wp-json\/wp\/v2\/posts\/222072\/revisions"}],"wp:featuredmedia":[{"embeddable":true,"href":"https:\/\/www.europesays.com\/fr\/wp-json\/wp\/v2\/media\/222073"}],"wp:attachment":[{"href":"https:\/\/www.europesays.com\/fr\/wp-json\/wp\/v2\/media?parent=222072"}],"wp:term":[{"taxonomy":"category","embeddable":true,"href":"https:\/\/www.europesays.com\/fr\/wp-json\/wp\/v2\/categories?post=222072"},{"taxonomy":"post_tag","embeddable":true,"href":"https:\/\/www.europesays.com\/fr\/wp-json\/wp\/v2\/tags?post=222072"}],"curies":[{"name":"wp","href":"https:\/\/api.w.org\/{rel}","templated":true}]}}