{"id":222088,"date":"2025-07-03T02:16:04","date_gmt":"2025-07-03T02:16:04","guid":{"rendered":"https:\/\/www.europesays.com\/fr\/222088\/"},"modified":"2025-07-03T02:16:04","modified_gmt":"2025-07-03T02:16:04","slug":"a-kyiv-le-douloureux-deuil-des-adolescents-liberation","status":"publish","type":"post","link":"https:\/\/www.europesays.com\/fr\/222088\/","title":{"rendered":"\u00e0 Kyiv, le douloureux deuil des adolescents \u2013 Lib\u00e9ration"},"content":{"rendered":"<p class=\"sc-ksZaOG ehjQrN text-element\">La valse du bal de fin d\u2019ann\u00e9e est, en g\u00e9n\u00e9ral, un \u00e9v\u00e9nement joyeux et \u00e9mouvant dans la vie des adolescents ukrainiens et de leurs parents. En ce d\u00e9but d\u2019\u00e9t\u00e9, ils c\u00e9l\u00e8brent la fin de leur scolarit\u00e9. La tradition se perp\u00e9tue chaque ann\u00e9e, <a href=\"https:\/\/www.liberation.fr\/international\/europe\/en-une-nuit-la-russie-a-tire-une-salve-de-500-projectiles-dans-le-ciel-ukrainien-20250629_AOVY7I7TYRCXNGU3QKLWQHLA64\/\" target=\"_blank\" rel=\"nofollow noopener\" title=\"https:\/\/www.liberation.fr\/international\/europe\/en-une-nuit-la-russie-a-tire-une-salve-de-500-projectiles-dans-le-ciel-ukrainien-20250629_AOVY7I7TYRCXNGU3QKLWQHLA64\/\">en d\u00e9pit de la guerre<\/a>, en d\u00e9pit des bombes.<\/p>\n<p class=\"sc-ksZaOG ehjQrN text-element\">Le 21 juin, les \u00e9l\u00e8ves de la 11e classe (l\u2019\u00e9quivalent de la terminale) de l\u2019\u00e9cole n\u00b0 96 de Kyiv, dans l\u2019ouest de la capitale ukrainienne, les gar\u00e7ons en chemises bien repass\u00e9es et les filles en robes \u00e9l\u00e9gantes, ont entam\u00e9, l\u2019air grave, cette danse lente. \u00abC\u2019\u00e9tait une valse d\u2019adieu \u00e0 l\u2019enfance, aux ann\u00e9es d\u2019\u00e9tudes insouciantes, aux professeurs\u00bb, peut-on lire dans un post Instagram de l\u2019\u00e9cole. Cette ann\u00e9e, elle \u00e9tait empreinte d\u2019une douce tristesse : les 14 jeunes dipl\u00f4m\u00e9s l\u2019ont d\u00e9di\u00e9e \u00e0 la m\u00e9moire de leur camarade de classe, Danilo Khudia, 17 ans, tu\u00e9 lors avec ses parents lors du bombardement russe sur Kyiv le 24 avril. Une immense banderole avec son portrait avait \u00e9t\u00e9 accroch\u00e9e au mur et une chaise vide avait \u00e9t\u00e9 pos\u00e9e en \u00e9vidence avec une pancarte : \u00abCette place est r\u00e9serv\u00e9e en m\u00e9moire de Danilo, qui aurait d\u00fb \u00eatre avec<\/p>\n","protected":false},"excerpt":{"rendered":"La valse du bal de fin d\u2019ann\u00e9e est, en g\u00e9n\u00e9ral, un \u00e9v\u00e9nement joyeux et \u00e9mouvant dans la vie&hellip;\n","protected":false},"author":2,"featured_media":222089,"comment_status":"","ping_status":"","sticky":false,"template":"","format":"standard","meta":{"footnotes":""},"categories":[1590],"tags":[11,1777,674,12,132,220,297],"class_list":{"0":"post-222088","1":"post","2":"type-post","3":"status-publish","4":"format-standard","5":"has-post-thumbnail","7":"category-ukraine","8":"tag-actualites","9":"tag-eu","10":"tag-europe","11":"tag-news","12":"tag-russie","13":"tag-ukraine","14":"tag-ukraine-la-crise"},"share_on_mastodon":{"url":"","error":""},"_links":{"self":[{"href":"https:\/\/www.europesays.com\/fr\/wp-json\/wp\/v2\/posts\/222088","targetHints":{"allow":["GET"]}}],"collection":[{"href":"https:\/\/www.europesays.com\/fr\/wp-json\/wp\/v2\/posts"}],"about":[{"href":"https:\/\/www.europesays.com\/fr\/wp-json\/wp\/v2\/types\/post"}],"author":[{"embeddable":true,"href":"https:\/\/www.europesays.com\/fr\/wp-json\/wp\/v2\/users\/2"}],"replies":[{"embeddable":true,"href":"https:\/\/www.europesays.com\/fr\/wp-json\/wp\/v2\/comments?post=222088"}],"version-history":[{"count":0,"href":"https:\/\/www.europesays.com\/fr\/wp-json\/wp\/v2\/posts\/222088\/revisions"}],"wp:featuredmedia":[{"embeddable":true,"href":"https:\/\/www.europesays.com\/fr\/wp-json\/wp\/v2\/media\/222089"}],"wp:attachment":[{"href":"https:\/\/www.europesays.com\/fr\/wp-json\/wp\/v2\/media?parent=222088"}],"wp:term":[{"taxonomy":"category","embeddable":true,"href":"https:\/\/www.europesays.com\/fr\/wp-json\/wp\/v2\/categories?post=222088"},{"taxonomy":"post_tag","embeddable":true,"href":"https:\/\/www.europesays.com\/fr\/wp-json\/wp\/v2\/tags?post=222088"}],"curies":[{"name":"wp","href":"https:\/\/api.w.org\/{rel}","templated":true}]}}