{"id":222090,"date":"2025-07-03T02:17:06","date_gmt":"2025-07-03T02:17:06","guid":{"rendered":"https:\/\/www.europesays.com\/fr\/222090\/"},"modified":"2025-07-03T02:17:06","modified_gmt":"2025-07-03T02:17:06","slug":"aux-etats-unis-la-grande-et-belle-loi-de-donald-trump-menacee-par-les-frondeurs-republicains","status":"publish","type":"post","link":"https:\/\/www.europesays.com\/fr\/222090\/","title":{"rendered":"Aux \u00c9tats-Unis, la \u00abgrande et belle loi\u00bb de Donald Trump menac\u00e9e par les frondeurs r\u00e9publicains"},"content":{"rendered":"<p><strong>D\u00c9CRYPTAGE &#8211;<\/strong> Le pr\u00e9sident am\u00e9ricain vise une promulgation ce vendredi. En guerre ouverte avec le pr\u00e9sident, Elon Musk promet de financer les campagnes des opposants \u00e0 la m\u00e9ga-loi qui aggrave la dette publique.<\/p>\n<p class=\"fig-paragraph\"><a href=\"http:\/\/www.lefigaro.fr\/international\/un-merveilleux-traite-donald-trump-impose-un-accord-de-paix-entre-la-rdc-et-le-rwanda-20250701\" data-fig-type=\"Article\" data-gtm-custom-categorie=\"navigation\" data-gtm-custom-action=\"crossclick\" data-gtm-custom-label=\"Contextuel\" data-gtm-event=\"customEventSPE\" data-fig-domain=\"LEFIGARO\" rel=\"nofollow noopener\" target=\"_blank\">Donald Trump<\/a>\u00a0est proche du but. Son pari, relativement risqu\u00e9, de regrouper au sein d\u2019une m\u00eame loi l\u2019essentiel de ses promesses \u00e9lectorales, est en passe d\u2019\u00eatre gagn\u00e9. La Chambre des repr\u00e9sentants s\u2019est saisie\u00a0<a href=\"https:\/\/video.lefigaro.fr\/figaro\/video\/le-senat-americain-adopte-de-justesse-le-686409f3afad24477b521f4b-jul-01-2025-16-24-44\/\" target=\"_blank\" data-fig-type=\"Video\" rel=\"noopener nofollow\" data-gtm-custom-categorie=\"navigation\" data-gtm-custom-action=\"crossclick\" data-gtm-custom-label=\"Contextuel\" data-gtm-event=\"customEventSPE\" data-fig-domain=\"VIDEO\">du projet de \u00ab\u00a0grande et belle loi\u00a0\u00bb adopt\u00e9 mardi par le S\u00e9nat,\u00a0<\/a>dans le but d\u2019une promulgation par le pr\u00e9sident, vendredi, jour de la f\u00eate nationale de l\u2019ind\u00e9pendance.<\/p>\n<p class=\"fig-paragraph\">La m\u00e9ga-loi fait plus que reconduire les baisses d\u2019imp\u00f4ts d\u00e9cid\u00e9es en 2017 qui allaient expirer \u00e0 la fin de l\u2019ann\u00e9e. Elle majore au passage de 5000\u00a0milliards de dollars le plafond de la dette publique, afin d\u2019\u00e9carter tout risque de d\u00e9faut de l\u2019oncle Sam. Elle augmente aussi les cr\u00e9dits du Pentagone et ceux du d\u00e9partement de la S\u00e9curit\u00e9 civile. La police aux fronti\u00e8res voit en outre ses ressources renforc\u00e9es, afin non seulement de rendre plus infranchissable la fronti\u00e8re sud des \u00c9tats-Unis, mais aussi en vue d\u2019expulser davantage d\u2019immigrants ill\u00e9gaux.<\/p>\n<p class=\"fig-body-link\">\n            \u00c0 lire aussi<br \/>\n        <a class=\"fig-body-link__link fig-premium-mark\" href=\"http:\/\/www.lefigaro.fr\/international\/si-des-individus-s-echappent-il-n-y-a-pas-grand-chose-qui-les-attend-donald-trump-inaugure-alligator-alcatraz-sa-prison-pour-migrants-20250701\" data-fig-type=\"Article\" data-gtm-custom-categorie=\"navigation\" data-gtm-custom-action=\"crossclick\" data-gtm-custom-label=\"Contextuel\" data-gtm-event=\"customEventSPE\" data-fig-domain=\"LEFIGARO\" rel=\"nofollow noopener\" target=\"_blank\">\u00abSi des individus s\u2019\u00e9chappent, il n\u2019y a pas grand-chose qui les attend\u00bb\u00a0: Donald Trump inaugure \u00abAlligator Alcatraz\u00bb, sa prison pour migrants<br \/>\n    <\/a>\n<\/p>\n<p>\u00abMettre de l\u2019argent dans la poche\u00bb des Am\u00e9ricains<\/p>\n<p class=\"fig-paragraph\">De surcro\u00eet, les imp\u00f4ts, pour le contribuable moyen, seront r\u00e9duits\u2026<\/p>\n<p class=\"fig-premium-paywall__infos\">\n        Cet article est r\u00e9serv\u00e9 aux abonn\u00e9s.        Il vous reste 82% \u00e0 d\u00e9couvrir.\n    <\/p>\n<p>                <img  data- alt=\"Le Figaro\" class=\"fig-img--complete fig-img\"\/><\/p>\n<p class=\"fig-premium-paywall__title\">Vous avez envie de lire la suite ?<\/p>\n<p class=\"fig-premium-paywall__subtitle\">D\u00e9bloquez tous les articles imm\u00e9diatement.<\/p>\n<p class=\"fig-premium-paywall__connect\">\n                D\u00e9j\u00e0 abonn\u00e9\u00a0?                <a class=\"fig-premium-paywall__connect-link\" href=\"https:\/\/connect.lefigaro.fr\/login?client=horizon_web&amp;type=main&amp;redirect_uri=https%3A%2F%2Fwww.lefigaro.fr%2Fconjoncture%2Faux-etats-unis-la-grande-et-belle-loi-de-donald-trump-menacee-par-les-frondeurs-republicains-20250702\" data-js-gtm=\"{&quot;customCategorie&quot;: &quot;conversion&quot;, &quot;customAction&quot;: &quot;before_Landing_Connexion_paywall_auto&quot;, &quot;customLabel&quot;: &quot;bGVmaWdhcm8uZnJfXzFmMDU3MmJlLWE0NTItNjY2Mi1hOGNmLTg5MDA5NzIwYjhmNl9fQXJ0aWNsZQ==_Aux \u00c9tats-Unis, la \u00abgrande et belle loi\u00bb de Donald Trump menac\u00e9e par les frondeurs r\u00e9publicains_62&quot;, &quot;customIDSPE&quot;: &quot;bGVmaWdhcm8uZnJfXzFmMDU3MmJlLWE0NTItNjY2Mi1hOGNmLTg5MDA5NzIwYjhmNl9fQXJ0aWNsZQ==&quot;, &quot;event&quot;: &quot;customEventSPE&quot;}\" rel=\"nofollow noopener\" target=\"_blank\"><br \/>\n                    Connectez-vous<br \/>\n                <\/a>\n            <\/p>\n","protected":false},"excerpt":{"rendered":"D\u00c9CRYPTAGE &#8211; Le pr\u00e9sident am\u00e9ricain vise une promulgation ce vendredi. En guerre ouverte avec le pr\u00e9sident, Elon Musk&hellip;\n","protected":false},"author":2,"featured_media":222091,"comment_status":"","ping_status":"","sticky":false,"template":"","format":"standard","meta":{"footnotes":""},"categories":[1589],"tags":[11,75,46,73,1866,12,1864,1865,1863,308],"class_list":{"0":"post-222090","1":"post","2":"type-post","3":"status-publish","4":"format-standard","5":"has-post-thumbnail","7":"category-etats-unis","8":"tag-actualites","9":"tag-donald-trump","10":"tag-elon-musk","11":"tag-etats-unis","12":"tag-etats-unis-damerique","13":"tag-news","14":"tag-united-states","15":"tag-united-states-of-america","16":"tag-us","17":"tag-usa"},"share_on_mastodon":{"url":"https:\/\/pubeurope.com\/@fr\/114786903299406542","error":""},"_links":{"self":[{"href":"https:\/\/www.europesays.com\/fr\/wp-json\/wp\/v2\/posts\/222090","targetHints":{"allow":["GET"]}}],"collection":[{"href":"https:\/\/www.europesays.com\/fr\/wp-json\/wp\/v2\/posts"}],"about":[{"href":"https:\/\/www.europesays.com\/fr\/wp-json\/wp\/v2\/types\/post"}],"author":[{"embeddable":true,"href":"https:\/\/www.europesays.com\/fr\/wp-json\/wp\/v2\/users\/2"}],"replies":[{"embeddable":true,"href":"https:\/\/www.europesays.com\/fr\/wp-json\/wp\/v2\/comments?post=222090"}],"version-history":[{"count":0,"href":"https:\/\/www.europesays.com\/fr\/wp-json\/wp\/v2\/posts\/222090\/revisions"}],"wp:featuredmedia":[{"embeddable":true,"href":"https:\/\/www.europesays.com\/fr\/wp-json\/wp\/v2\/media\/222091"}],"wp:attachment":[{"href":"https:\/\/www.europesays.com\/fr\/wp-json\/wp\/v2\/media?parent=222090"}],"wp:term":[{"taxonomy":"category","embeddable":true,"href":"https:\/\/www.europesays.com\/fr\/wp-json\/wp\/v2\/categories?post=222090"},{"taxonomy":"post_tag","embeddable":true,"href":"https:\/\/www.europesays.com\/fr\/wp-json\/wp\/v2\/tags?post=222090"}],"curies":[{"name":"wp","href":"https:\/\/api.w.org\/{rel}","templated":true}]}}