{"id":222092,"date":"2025-07-03T02:18:10","date_gmt":"2025-07-03T02:18:10","guid":{"rendered":"https:\/\/www.europesays.com\/fr\/222092\/"},"modified":"2025-07-03T02:18:10","modified_gmt":"2025-07-03T02:18:10","slug":"sur-la-sellette-la-ministre-des-finances-en-larmes-au-parlement","status":"publish","type":"post","link":"https:\/\/www.europesays.com\/fr\/222092\/","title":{"rendered":"Sur la sellette, la ministre des Finances en larmes au Parlement"},"content":{"rendered":"<p>La tension est \u00e0 son comble au sein du gouvernement <a href=\"https:\/\/www.20minutes.fr\/monde\/royaume-uni\/\" target=\"_blank\" class=\"color-ultramarine c-link\" rel=\"noopener\">britannique<\/a>, contraignant m\u00eame <a href=\"https:\/\/www.20minutes.fr\/monde\/keir-starmer\/\" target=\"_blank\" class=\"color-ultramarine c-link\" rel=\"noopener\">Keir Starmer<\/a> \u00e0 r\u00e9agir. Le Premier ministre britannique a ainsi assur\u00e9 mercredi que la ministre des Finances Rachel Reeves resterait en poste \u00ab\u00a0pour tr\u00e8s longtemps encore\u00a0\u00bb, apr\u00e8s les larmes de celle-ci au Parlement, qui ont aliment\u00e9 les rumeurs sur son possible d\u00e9part.<\/p>\n<p>Interrog\u00e9 par les d\u00e9put\u00e9s britanniques, Keir Starmer, dans la tourmente face \u00e0 son propre camp en raison de sa r\u00e9forme contest\u00e9e des <a href=\"https:\/\/www.20minutes.fr\/dossier\/prestations_sociales\" target=\"_blank\" class=\"color-ultramarine c-link\" rel=\"noopener\">prestations sociales<\/a>, avait d\u2019abord manqu\u00e9 d\u2019apporter son soutien \u00e0 Rachel Reeves lors des questions hebdomadaires au Parlement britannique. Des larmes ont ensuite coul\u00e9 sur les joues de l\u2019int\u00e9ress\u00e9e.<\/p>\n<p>Les larmes seraient pour \u00ab\u00a0une affaire personnelle\u00a0\u00bb<\/p>\n<p>La cheffe de file de l\u2019opposition conservatrice, Kemi Badenoch, avait qualifi\u00e9 la ministre de \u00ab\u00a0bouclier humain\u00a0\u00bb payant pour l&rsquo;\u00ab\u00a0incomp\u00e9tence\u00a0\u00bb du Premier ministre. Mais un porte-parole de Keir Starmer a ensuite assur\u00e9 que la ministre \u00ab\u00a0ne partira pas\u00a0\u00bb, et qu\u2019elle avait son \u00ab\u00a0plein soutien\u00a0\u00bb. \u00ab\u00a0Il l\u2019a dit maintes fois, il n\u2019a pas besoin de le r\u00e9p\u00e9ter \u00e0 chaque fois que la cheffe de l\u2019opposition sp\u00e9cule sur les dirigeants travaillistes.\u00a0\u00bb<\/p>\n<\/p>\n<p>Un porte-parole de la chanceli\u00e8re de l\u2019Echiquier \u2013 le titre officiel de Rachel Reeves \u2013 a pour sa part assur\u00e9 que ces larmes s\u2019expliquaient par \u00ab\u00a0une affaire personnelle\u00a0\u00bb.<\/p>\n<p>Keir Starmer a ensuite d\u00e9clar\u00e9 plus tard \u00e0 la BBC qu\u2019elle avait fait \u00ab\u00a0un excellent travail en tant que chanceli\u00e8re\u00a0\u00bb et qu\u2019elle resterait \u00e0 ce poste \u00ab\u00a0pour tr\u00e8s longtemps encore\u00a0\u00bb. Il a affirm\u00e9 que ses larmes n\u2019avaient \u00ab\u00a0rien \u00e0 voir avec la politique\u00a0\u00bb et qu\u2019il \u00e9tait \u00ab\u00a0totalement erron\u00e9\u00a0\u00bb de sugg\u00e9rer le contraire.<\/p>\n<p>Troisi\u00e8me volte-face du Premier ministre<\/p>\n<p>En difficult\u00e9, le Premier ministre a \u00e9vit\u00e9 de justesse une d\u00e9faite parlementaire embarrassante face \u00e0 ses propres troupes mardi, en leur apportant des concessions sur une r\u00e9forme impopulaire des aides aux malades et aux personnes handicap\u00e9es, dans le cadre d\u2019\u00e9conomies budg\u00e9taires.<\/p>\n<p><a href=\"https:\/\/www.20minutes.fr\/monde\/royaume-uni\/\" target=\"_blank\" class=\"c-link c-btn c-btn--primary\" rel=\"noopener\">Notre dossier sur le Royaume-Uni<\/a><\/p>\n<p>C\u2019est la troisi\u00e8me volte-face de Keir Starmer en un mois, apr\u00e8s son r\u00e9trop\u00e9dalage sur la suppression d\u2019une aide universelle au chauffage pour les retrait\u00e9s, et sur une enqu\u00eate nationale sur les gangs p\u00e9docriminels qu\u2019il a finalement autoris\u00e9e.<\/p>\n","protected":false},"excerpt":{"rendered":"La tension est \u00e0 son comble au sein du gouvernement britannique, contraignant m\u00eame Keir Starmer \u00e0 r\u00e9agir. Le&hellip;\n","protected":false},"author":2,"featured_media":222093,"comment_status":"","ping_status":"","sticky":false,"template":"","format":"standard","meta":{"footnotes":""},"categories":[1588],"tags":[47,11,33,1777,674,2581,74,12,473,1853,1851,1850,1852,133],"class_list":{"0":"post-222092","1":"post","2":"type-post","3":"status-publish","4":"format-standard","5":"has-post-thumbnail","7":"category-royaume-uni","8":"tag-actualite","9":"tag-actualites","10":"tag-economie","11":"tag-eu","12":"tag-europe","13":"tag-keir-starmer","14":"tag-monde","15":"tag-news","16":"tag-royaume-uni","17":"tag-royaume-uni-de-grande-bretagne-et-dirlande-du-nord","18":"tag-uk","19":"tag-united-kingdom","20":"tag-united-kingdom-of-great-britain-and-northern-ireland","21":"tag-video"},"share_on_mastodon":{"url":"https:\/\/pubeurope.com\/@fr\/114786907169143409","error":""},"_links":{"self":[{"href":"https:\/\/www.europesays.com\/fr\/wp-json\/wp\/v2\/posts\/222092","targetHints":{"allow":["GET"]}}],"collection":[{"href":"https:\/\/www.europesays.com\/fr\/wp-json\/wp\/v2\/posts"}],"about":[{"href":"https:\/\/www.europesays.com\/fr\/wp-json\/wp\/v2\/types\/post"}],"author":[{"embeddable":true,"href":"https:\/\/www.europesays.com\/fr\/wp-json\/wp\/v2\/users\/2"}],"replies":[{"embeddable":true,"href":"https:\/\/www.europesays.com\/fr\/wp-json\/wp\/v2\/comments?post=222092"}],"version-history":[{"count":0,"href":"https:\/\/www.europesays.com\/fr\/wp-json\/wp\/v2\/posts\/222092\/revisions"}],"wp:featuredmedia":[{"embeddable":true,"href":"https:\/\/www.europesays.com\/fr\/wp-json\/wp\/v2\/media\/222093"}],"wp:attachment":[{"href":"https:\/\/www.europesays.com\/fr\/wp-json\/wp\/v2\/media?parent=222092"}],"wp:term":[{"taxonomy":"category","embeddable":true,"href":"https:\/\/www.europesays.com\/fr\/wp-json\/wp\/v2\/categories?post=222092"},{"taxonomy":"post_tag","embeddable":true,"href":"https:\/\/www.europesays.com\/fr\/wp-json\/wp\/v2\/tags?post=222092"}],"curies":[{"name":"wp","href":"https:\/\/api.w.org\/{rel}","templated":true}]}}