{"id":222100,"date":"2025-07-03T02:22:18","date_gmt":"2025-07-03T02:22:18","guid":{"rendered":"https:\/\/www.europesays.com\/fr\/222100\/"},"modified":"2025-07-03T02:22:18","modified_gmt":"2025-07-03T02:22:18","slug":"ces-mini-ventilateurs-portables-qui-font-fureur-mais-polluent-la-planete","status":"publish","type":"post","link":"https:\/\/www.europesays.com\/fr\/222100\/","title":{"rendered":"ces mini-ventilateurs portables qui font fureur&#8230; mais polluent la plan\u00e8te"},"content":{"rendered":"<p>Pratiques et abordables, les mini-ventilateurs sont pris d\u2019assaut, depuis le d\u00e9but des vagues de chaleur. Pourtant, ils s\u2019inscrivent dans une logique de consommation jetable.<\/p>\n<p class=\"fig-paragraph\">Ce sont les nouvelles stars de l\u2019\u00e9t\u00e9. Faciles \u00e0 transporter, pas chers, efficaces, moins fatigants qu\u2019un \u00e9ventail, les ventilateurs \u00e0 main, sortes de petits appareils permettant d\u2019att\u00e9nuer la chaleur ambiante, font fureur. Souvent vendus sur des plateformes\u00a0<a href=\"http:\/\/www.lefigaro.fr\/conso\/j-assume-d-acheter-de-la-fast-fashion-tant-pis-si-ca-derange-ces-clients-de-shein-et-temu-qui-refusent-de-culpabiliser-20250603\" data-fig-type=\"Article\" data-gtm-custom-categorie=\"navigation\" data-gtm-custom-action=\"crossclick\" data-gtm-custom-label=\"Contextuel\" data-gtm-event=\"customEventSPE\" data-fig-domain=\"LEFIGARO\" target=\"_blank\" rel=\"noopener\">comme Temu<\/a>\u00a0ou dans des boutiques proposant des gadgets bon march\u00e9s, ceux-ci sont \u00abfashions\u00bb, assurent m\u00eame certaines utilisatrices. Un raz-de-mar\u00e9e aux lourdes cons\u00e9quences environnementales.<\/p>\n<p class=\"fig-paragraph\">En pleine canicule, de nombreux Fran\u00e7ais se sont ru\u00e9s sur ces outils pour limiter leur souffrance. Les recherches ont doubl\u00e9 par rapport \u00e0 l\u2019\u00e9t\u00e9 dernier sur internet. \u00abOn a vendu tout notre stock du matin \u00e0 midi\u00a0! C\u2019est le cas depuis le d\u00e9but de la vague de chaleur\u00bb, constate une vendeuse dans un magasin Hema, \u00e0 Paris. Cette cha\u00eene est loin d\u2019\u00eatre la seule \u00e0 proposer ces ventilateurs de poche, parfois d\u2019une couleur vive, accessibles et vendus \u00e0 bas prix. Sur le site d\u2019Action, on en trouve \u00e0 2,99 euros. Chez Hema, ils se vendent entre 6 et 15 euros. Du c\u00f4t\u00e9 des g\u00e9ants chinois, comme Temu, les mod\u00e8les prolif\u00e8rent\u00a0: vitesse, r\u00e9glage de vent, couleurs, forme, \u00e0 pile ou rechargeable par c\u00e2ble USB\u2026 On peut m\u00eame en trouver des \u00abminis\u00bb pour moins d\u2019un euro.<\/p>\n<p>                                    <a class=\"fig-a11y-skip a11y-hidden\" href=\"#fig-a11y-skip-main-inarticle\"><br \/>\n        Passer la publicit\u00e9<br \/>\n    <\/a><\/p>\n<p>Des objets polluants<\/p>\n<p class=\"fig-paragraph\">Pourtant, ces gadgets qui s\u2019arrachent ne sont pas sans cons\u00e9quences environnementales. Souvent fabriqu\u00e9s en Chine \u00e0 base de mat\u00e9riaux critiques (lithium, aluminium\u2026), ils s\u2019inscrivent dans la logique de ces appareils \u00e9lectroniques chang\u00e9s avant d\u2019\u00eatre obsol\u00e8tes de la \u00abfast tech\u00bb. Au Royaume-Uni, plus de 1,14 milliard de gadgets \u00e9lectroniques (vapes, cigarettes \u00e9lectroniques, chargeurs, \u00e9couteurs\u2026) sont achet\u00e9s chaque ann\u00e9e, et la moiti\u00e9 environ, soit 589 millions, sont jet\u00e9s sur la m\u00eame p\u00e9riode, selon l\u2019ONG Material Focus, cit\u00e9e par\u00a0<a href=\"https:\/\/www.theguardian.com\/technology\/2025\/jun\/24\/its-cheap-but-its-not-disposable-why-fast-tech-is-a-growing-waste-problem\" target=\"_blank\" rel=\"nofollow noopener\" data-gtm-custom-categorie=\"navigation\" data-gtm-custom-action=\"crossclick\" data-gtm-custom-label=\"Contextuel\" data-gtm-event=\"customEventSPE\">The Guardian.\u00a0<\/a>\u00a0Ainsi, les Anglais ont achet\u00e9 7,1 millions de ventilateurs en 2024, et en auraient jet\u00e9 ou oubli\u00e9 3,5 millions, d\u00e9taille l\u2019ONG. Les Fran\u00e7ais sont relativement peu conscients des cons\u00e9quences environnementales n\u00e9fastes de la \u00abfast tech\u00bb, que seule la moiti\u00e9 d\u2019entre eux connait, selon une \u00e9tude de Back Market pour OpinionWay. Les jeunes y sont toutefois plus sensibles\u00a0: 69% des 25-34 ans consid\u00e8rent la tech comme polluante.<\/p>\n<p class=\"fig-paragraph\">Leur efficacit\u00e9 elle-m\u00eame semble remise en cause\u00a0: \u00abSous un soleil br\u00fblant, c\u2019est comme si vous receviez un souffle d\u2019air chaud d\u2019un s\u00e8che-cheveux. Mieux vaut \u00e9viter\u00bb, alerte le docteur Kunihisa Miur, directeur adjoint du Tokyo Hikifune Hospital au Japon, dans\u00a0<a href=\"https:\/\/www.wedemain.fr\/ralentir\/fast-tech-dites-non-aux-mini-ventilateurs-cette-aberration-ecologique\/?_ope=eyJndWlkIjoiOTZlMWI3MTVmZmIzMzY1YjBlNTk5MjI4N2IyY2ZhYjYifQ%3D%3D\" target=\"_blank\" rel=\"nofollow noopener\" data-gtm-custom-categorie=\"navigation\" data-gtm-custom-action=\"crossclick\" data-gtm-custom-label=\"Contextuel\" data-gtm-event=\"customEventSPE\">We Demain<\/a>. Alors faut-il abandonner tout achat de ce type de ventilateur\u00a0? \u00ab Il n\u2019y a rien de mal \u00e0 essayer de se rafra\u00eechir, admet Scott Buttler, \u00e0 la t\u00eate de l\u2019ONG Britannique Material Focus, mais nous conseillons vivement aux gens, s\u2019ils ont besoin de ces objets, d\u2019essayer d\u2019acheter la meilleure version possible pour qu\u2019elle ait plus de chances de durer plus d\u2019un \u00e9t\u00e9.\u00bb<\/p>\n","protected":false},"excerpt":{"rendered":"Pratiques et abordables, les mini-ventilateurs sont pris d\u2019assaut, depuis le d\u00e9but des vagues de chaleur. Pourtant, ils s\u2019inscrivent&hellip;\n","protected":false},"author":2,"featured_media":222101,"comment_status":"","ping_status":"","sticky":false,"template":"","format":"standard","meta":{"footnotes":""},"categories":[2],"tags":[11,6698,9860,1011,27,12,1800,25],"class_list":{"0":"post-222100","1":"post","2":"type-post","3":"status-publish","4":"format-standard","5":"has-post-thumbnail","7":"category-actualites","8":"tag-actualites","9":"tag-canicule","10":"tag-electronique","11":"tag-fr","12":"tag-france","13":"tag-news","14":"tag-pollution","15":"tag-republique-francaise"},"share_on_mastodon":{"url":"","error":""},"_links":{"self":[{"href":"https:\/\/www.europesays.com\/fr\/wp-json\/wp\/v2\/posts\/222100","targetHints":{"allow":["GET"]}}],"collection":[{"href":"https:\/\/www.europesays.com\/fr\/wp-json\/wp\/v2\/posts"}],"about":[{"href":"https:\/\/www.europesays.com\/fr\/wp-json\/wp\/v2\/types\/post"}],"author":[{"embeddable":true,"href":"https:\/\/www.europesays.com\/fr\/wp-json\/wp\/v2\/users\/2"}],"replies":[{"embeddable":true,"href":"https:\/\/www.europesays.com\/fr\/wp-json\/wp\/v2\/comments?post=222100"}],"version-history":[{"count":0,"href":"https:\/\/www.europesays.com\/fr\/wp-json\/wp\/v2\/posts\/222100\/revisions"}],"wp:featuredmedia":[{"embeddable":true,"href":"https:\/\/www.europesays.com\/fr\/wp-json\/wp\/v2\/media\/222101"}],"wp:attachment":[{"href":"https:\/\/www.europesays.com\/fr\/wp-json\/wp\/v2\/media?parent=222100"}],"wp:term":[{"taxonomy":"category","embeddable":true,"href":"https:\/\/www.europesays.com\/fr\/wp-json\/wp\/v2\/categories?post=222100"},{"taxonomy":"post_tag","embeddable":true,"href":"https:\/\/www.europesays.com\/fr\/wp-json\/wp\/v2\/tags?post=222100"}],"curies":[{"name":"wp","href":"https:\/\/api.w.org\/{rel}","templated":true}]}}