{"id":222106,"date":"2025-07-03T02:27:21","date_gmt":"2025-07-03T02:27:21","guid":{"rendered":"https:\/\/www.europesays.com\/fr\/222106\/"},"modified":"2025-07-03T02:27:21","modified_gmt":"2025-07-03T02:27:21","slug":"super-league-un-arbitre-de-super-league-sanctionne-rugby-a-xiii","status":"publish","type":"post","link":"https:\/\/www.europesays.com\/fr\/222106\/","title":{"rendered":"Super League &#8211; Un arbitre de Super League sanctionn\u00e9 &#8211; Rugby \u00e0 XIII"},"content":{"rendered":"<p class=\"p1\" style=\"text-align: justify;\"><strong>Les nominations des arbitres pour la 17\u00e8me journ\u00e9e de Super League ont \u00e9t\u00e9 d\u00e9voil\u00e9es et il est \u00e0 noter qu\u2019un officiel a \u00e9t\u00e9 suspendu.<\/strong><\/p>\n<p class=\"p1\" style=\"text-align: justify;\">Aaron Moore, qui devait logiquement officier ce weekend, est contraint de passer son tour et d\u2019observer une pause d\u2019une semaine. En effet, ce dernier a \u00e9t\u00e9 reconnu coupable d\u2019une erreur manifeste alors qu\u2019il op\u00e9rait en tant qu\u2019arbitre vid\u00e9o lors de la rencontre entre Castelford et Wigan.<\/p>\n<p class=\"p1\" style=\"text-align: justify;\">Le responsable des arbitres Phil Bentam a reconnu publiquement cette erreur et a d\u00e9clar\u00e9 :<\/p>\n<blockquote>\n<p class=\"p1\" style=\"text-align: justify;\">Il est important que notre sport sache que nous acceptons la responsabilit\u00e9 lorsqu\u2019il y a eu une erreur manifeste. Nous continuerons \u00e0 travailler, semaine apr\u00e8s semaine, avec pr\u00e9cisions pour \u00e9viter ces erreurs dans la prise de d\u00e9cision.<\/p>\n<\/blockquote>\n<p class=\"p1\" style=\"text-align: justify;\">Cette erreur de d\u00e9cision lors d\u2019un \u00ab\u00a0captain challenge\u00a0\u00bb a suscit\u00e9 une vive r\u00e9action de l\u2019entra\u00eeneur de Castelford, Danny McGuire, victime de cette faute, qui a critiqu\u00e9 en direct lors de l\u2019interview d\u2019apr\u00e8s-match le niveau de l\u2019arbitrage en Super League.<\/p>\n<blockquote class=\"twitter-tweet\" data-width=\"500\" data-dnt=\"true\">\n<p lang=\"en\" dir=\"ltr\">Refereeing appointments confirmed for Super League this weekend with Aaron Moore \u2013 the video referee during Castleford&rsquo;s controversial loss to Wigan \u2013 omitted from any top flight game.<a href=\"https:\/\/t.co\/FICfy8GJhf\">https:\/\/t.co\/FICfy8GJhf<\/a> <a href=\"https:\/\/t.co\/dWwTKrtTYG\">pic.twitter.com\/dWwTKrtTYG<\/a><\/p>\n<p>\u2014 League Express (@leagueexpress) <a href=\"https:\/\/twitter.com\/leagueexpress\/status\/1940285557512577398?ref_src=twsrc%5Etfw\" target=\"_blank\" rel=\"noopener\">July 2, 2025<\/a><\/p>\n<\/blockquote>\n<p>        <script async src=\"https:\/\/platform.twitter.com\/widgets.js\" charset=\"utf-8\"><\/script><\/p>\n","protected":false},"excerpt":{"rendered":"Les nominations des arbitres pour la 17\u00e8me journ\u00e9e de Super League ont \u00e9t\u00e9 d\u00e9voil\u00e9es et il est \u00e0&hellip;\n","protected":false},"author":2,"featured_media":222107,"comment_status":"","ping_status":"","sticky":false,"template":"","format":"standard","meta":{"footnotes":""},"categories":[1416],"tags":[36123,8487,36124,1011,27,479,2228,1468,2229,60,4474],"class_list":{"0":"post-222106","1":"post","2":"type-post","3":"status-publish","4":"format-standard","5":"has-post-thumbnail","7":"category-rugby","8":"tag-aaron-moore","9":"tag-arbitrage","10":"tag-arbitre-xiii","11":"tag-fr","12":"tag-france","13":"tag-rugby","14":"tag-rugby-a-xiii","15":"tag-rugby-football","16":"tag-rugby-league","17":"tag-sports","18":"tag-super-league"},"share_on_mastodon":{"url":"","error":""},"_links":{"self":[{"href":"https:\/\/www.europesays.com\/fr\/wp-json\/wp\/v2\/posts\/222106","targetHints":{"allow":["GET"]}}],"collection":[{"href":"https:\/\/www.europesays.com\/fr\/wp-json\/wp\/v2\/posts"}],"about":[{"href":"https:\/\/www.europesays.com\/fr\/wp-json\/wp\/v2\/types\/post"}],"author":[{"embeddable":true,"href":"https:\/\/www.europesays.com\/fr\/wp-json\/wp\/v2\/users\/2"}],"replies":[{"embeddable":true,"href":"https:\/\/www.europesays.com\/fr\/wp-json\/wp\/v2\/comments?post=222106"}],"version-history":[{"count":0,"href":"https:\/\/www.europesays.com\/fr\/wp-json\/wp\/v2\/posts\/222106\/revisions"}],"wp:featuredmedia":[{"embeddable":true,"href":"https:\/\/www.europesays.com\/fr\/wp-json\/wp\/v2\/media\/222107"}],"wp:attachment":[{"href":"https:\/\/www.europesays.com\/fr\/wp-json\/wp\/v2\/media?parent=222106"}],"wp:term":[{"taxonomy":"category","embeddable":true,"href":"https:\/\/www.europesays.com\/fr\/wp-json\/wp\/v2\/categories?post=222106"},{"taxonomy":"post_tag","embeddable":true,"href":"https:\/\/www.europesays.com\/fr\/wp-json\/wp\/v2\/tags?post=222106"}],"curies":[{"name":"wp","href":"https:\/\/api.w.org\/{rel}","templated":true}]}}