{"id":222114,"date":"2025-07-03T02:32:27","date_gmt":"2025-07-03T02:32:27","guid":{"rendered":"https:\/\/www.europesays.com\/fr\/222114\/"},"modified":"2025-07-03T02:32:27","modified_gmt":"2025-07-03T02:32:27","slug":"que-peut-on-attendre-des-francais-sur-le-tour-de-france-2025","status":"publish","type":"post","link":"https:\/\/www.europesays.com\/fr\/222114\/","title":{"rendered":"Que peut-on attendre des Fran\u00e7ais sur le Tour de France 2025\u00a0?"},"content":{"rendered":"<p>Le classement g\u00e9n\u00e9ral, pas une priorit\u00e9<\/p>\n<p>La France attend un successeur \u00e0 Bernard Hinault depuis 40 ans. Et attendra au moins une ann\u00e9e suppl\u00e9mentaire. <a href=\"https:\/\/www.letelegramme.fr\/sports\/cyclisme\/y-aller-juste-pour-finir-ca-ne-sert-a-rien-david-gaudu-renonce-au-tour-de-france-6843488.php\" target=\"_blank\" rel=\"nofollow noopener\">Sans David Gaudu, qui a renonc\u00e9 \u00e0 participer en raison de sa m\u00e9forme actuelle<\/a>, seul son co\u00e9quipier de la Groupama-FDJ <a href=\"https:\/\/www.letelegramme.fr\/sports\/cyclisme\/ravito-103-guillaume-martin-lesprit-libre-du-peloton-professionnel-video-6563583.php\" target=\"_blank\" rel=\"nofollow noopener\">Guillaume Martin-Guyonnet<\/a> peut esp\u00e9rer un bon classement g\u00e9n\u00e9ral final. Deux fois dans le top 10 (8e en 2021 et 10e en 2023), le Normand, 13e et meilleur tricolore en 2024, se contenterait largement d\u2019une place dans ce cercle ferm\u00e9. Peut-\u00eatre au prix d\u2019une \u00e9chapp\u00e9e bien sentie (il en a pris huit sur les deux derni\u00e8res \u00e9ditions), lui qui a retrouv\u00e9 la victoire cette saison apr\u00e8s trois ans de disette.<\/p>\n<p>\u00ab Il y a un petit creux de g\u00e9n\u00e9ration, d\u00e9crit Pierre Rolland, 13 Tours de France au compteur. Il faudra \u00eatre un peu patient avant de voir les Sparfel, Seixas ou Bisiaux. Guillaume Martin-Guyonnet peut viser entre la 5e et la 10e place, je ne le vois pas au-dessus. Mais le classement g\u00e9n\u00e9ral, il n\u2019y a que 15 coureurs qui le jouent. Faire 15e du Tour n\u2019a pas une grande valeur. Tu t\u2019accroches tous les jours et tu pries pour prendre une \u00e9chapp\u00e9e qui te remet dans le jeu. Mais en faisant \u00e7a, tu es trop fatigu\u00e9 pour jouer la victoire d\u2019\u00e9tape face \u00e0 des coureurs qui se sont, eux, relev\u00e9s. \u00bb<\/p>\n<p><img decoding=\"async\" src=\"https:\/\/www.europesays.com\/fr\/wp-content\/uploads\/2025\/07\/68654a8f4dcf9320ce0f7cc8.1.jpeg\" width=\"480\" height=\"300\" class=\"web_golden_m\" loading=\"lazy\" alt=\"K\u00e9vin Vauquelin a d\u00e9j\u00e0 remport\u00e9 une \u00e9tape du Tour de France, en 2024, \u00e0 Bologne.\"\/>K\u00e9vin Vauquelin a d\u00e9j\u00e0 remport\u00e9 une \u00e9tape du Tour de France, en 2024, \u00e0 Bologne. (Photo archives Etienne Garnier\/Pool\/EPA)Une palanqu\u00e9e de chasseurs d\u2019\u00e9tapes\u2026 et un maillot distinctif ?<\/p>\n<p>Avec trois victoires (<a href=\"https:\/\/www.letelegramme.fr\/sports\/cyclisme\/cetait-du-cyclisme-pur-le-couronnement-tardif-de-romain-bardet-sur-le-tour-de-france-2024-6615628.php\" target=\"_blank\" rel=\"nofollow noopener\">Bardet<\/a>, <a href=\"https:\/\/www.letelegramme.fr\/sports\/cyclisme\/tour-de-france-2024-kevin-vauquelin-fait-limmense-bonheur-darkea-bb-hotels-6616101.php\" target=\"_blank\" rel=\"nofollow noopener\">Vauquelin<\/a> et Turgis), le mill\u00e9sime fran\u00e7ais 2024 avait \u00e9t\u00e9 meilleur que lors des quatre pr\u00e9c\u00e9dentes \u00e9ditions. Les cartes sont une nouvelle fois nombreuses en 2025. Lenny Martinez (Bahrain &#8211; Victorious), vainqueur sur Paris-Nice, le Tour de Romandie et le Crit\u00e9rium du Dauphin\u00e9 cette ann\u00e9e, et K\u00e9vin Vauquelin (Ark\u00e9a-B&amp;B Hotels), brillant <a href=\"https:\/\/www.letelegramme.fr\/sports\/cyclisme\/je-ne-pouvais-pas-esperer-beaucoup-mieux-encore-deuxieme-de-la-fleche-wallonne-kevin-vauquelin-arkea-b-b-hotels-savoure-6804252.php\" target=\"_blank\" rel=\"nofollow noopener\">deuxi\u00e8me de la Fl\u00e8che Wallonne<\/a> et du <a href=\"https:\/\/www.letelegramme.fr\/sports\/cyclisme\/on-na-pas-eu-de-cuistot-cette-semaine-le-cri-du-coeur-de-kevin-vauquelin-arkea-b-b-hotels-deuxieme-du-tour-de-suisse-6840977.php\" target=\"_blank\" rel=\"nofollow noopener\">Tour de Suisse<\/a>, sont les plus cit\u00e9s parmi les meilleures chances tricolores.<\/p>\n<p>\u00ab L\u2019ann\u00e9e derni\u00e8re, Lenny (Martinez) est arriv\u00e9 sur le Tour comme un cheveu sur la soupe, pas pr\u00e9par\u00e9 et en fin de cycle. Il a \u00e9t\u00e9 malade, \u00e7a a \u00e9t\u00e9 tr\u00e8s compliqu\u00e9. \u00c7a ne compte pas. Pour moi, c\u2019est son premier Tour cette ann\u00e9e. Je pense qu\u2019il a m\u00eame le maillot de meilleur grimpeur en t\u00eate. \u00c7a peut \u00eatre un gros objectif pour lui \u00bb, continue Pierre Rolland.<\/p>\n<p>Si \u00ab tous les Fran\u00e7ais au d\u00e9part (38) ont une chance \u00bb, \u00e0 l\u2019image de la deuxi\u00e8me place inattendue de Matteo Vercher (TotalEnergies) \u00e0 Barcelonnette l\u2019ann\u00e9e derni\u00e8re, \u00ab il faut que toutes les plan\u00e8tes soient align\u00e9es, y compris pour des Martinez ou Vauquelin \u00bb.<\/p>\n<p>D\u2019autres coureurs arrivent avec des ambitions. Partis d\u2019Ark\u00e9a-B&amp;B Hotels \u00e0 l\u2019intersaison, <a href=\"https:\/\/www.letelegramme.fr\/sports\/cyclisme\/clement-champoussin-officiellement-un-nouveau-coureur-de-lequipe-astana-6687153.php\" target=\"_blank\" rel=\"nofollow noopener\">Cl\u00e9ment Champoussin (XDS Astana)<\/a> et <a href=\"https:\/\/www.letelegramme.fr\/sports\/cyclisme\/le-coureur-darkea-b-b-hotels-louis-barre-signe-chez-intermarche-wanty-6683772.php\" target=\"_blank\" rel=\"nofollow noopener\">Louis Barr\u00e9 (Intermarch\u00e9-Wanty)<\/a> impressionnent. Le premier \u00ab fait un gros d\u00e9but de saison \u00bb et a donn\u00e9 \u00ab l\u2019impression d\u2019\u00eatre en forme ascendante sur le Dauphin\u00e9 \u00bb, le second \u00ab a tout pour briller : on voit qu\u2019il r\u00e9cup\u00e8re bien de ses efforts et qu\u2019il passe bien la chaleur. Ce sont des qualit\u00e9s importantes sur le Tour \u00bb.<\/p>\n<p>Axel Laurance (Ineos), <a href=\"https:\/\/www.letelegramme.fr\/sports\/cyclisme\/tour-de-france\/la-groupama-fdj-avec-les-bretons-valentin-madouas-et-paul-penhoet-sur-le-tour-de-france-2025-6846342.php\" target=\"_blank\" rel=\"nofollow noopener\">Valentin Madouas<\/a> et <a href=\"https:\/\/www.letelegramme.fr\/sports\/cyclisme\/ravito-115-romain-gregoire-lavenir-du-cyclisme-francais-6620603.php\" target=\"_blank\" rel=\"nofollow noopener\">Romain Gr\u00e9goire (Groupama-FDJ)<\/a> essaieront d\u2019aller chercher un premier succ\u00e8s sur un grand Tour tandis que Julian Alaphilippe (Tudor) semble avoir retrouv\u00e9 des jambes sur le Tour de Suisse.<\/p>\n<p>Les grimpeurs Pavel Sivakov (UAE) et Valentin Paret-Peintre (Soudal Quick-Step), devraient, eux, \u00eatre cantonn\u00e9s \u00e0 un r\u00f4le d\u2019\u00e9quipier pour Pogacar et Evenepoel.<\/p>\n<p>Des sprinters en deuxi\u00e8me ligne<\/p>\n<p>Comme pour le classement g\u00e9n\u00e9ral, les sprinteurs fran\u00e7ais semblent un ton en dessous. \u00ab On est un peu d\u00e9pass\u00e9 \u00bb, confirme Pierre Rolland, qui voit, malgr\u00e9 tout, des opportunit\u00e9s s\u2019ouvrir \u00ab toute la premi\u00e8re semaine avec des sprints en mont\u00e9e ou apr\u00e8s des \u00e9tapes difficiles \u00bb.<\/p>\n<p>Des arriv\u00e9es qui correspondent aux qualit\u00e9s de <a href=\"https:\/\/www.letelegramme.fr\/sports\/cyclisme\/cyclisme-ravito67-bryan-coquard-attend-son-tour-6366109.php\" target=\"_blank\" rel=\"nofollow noopener\">Bryan Coquard (Cofidis)<\/a>, qui n\u2019a pas brill\u00e9 depuis janvier et sa victoire en Australie. Emilien Jeanni\u00e8re (TotalEnergies) et Arnaud D\u00e9mare (Ark\u00e9a-B&amp;B Hotels) ont fr\u00f4l\u00e9 la victoire sur Paris-Nice, tandis que Paul Penho\u00ebt (Groupama-FDJ) est apparu en forme sur le championnat de France. Pour eux, il ne faudra pas perdre de temps car les \u00e9tapes taill\u00e9es pour les sprinteurs vont se rar\u00e9fier en deuxi\u00e8me et troisi\u00e8me semaines.<\/p>\n","protected":false},"excerpt":{"rendered":"Le classement g\u00e9n\u00e9ral, pas une priorit\u00e9 La France attend un successeur \u00e0 Bernard Hinault depuis 40 ans. Et&hellip;\n","protected":false},"author":2,"featured_media":222115,"comment_status":"","ping_status":"","sticky":false,"template":"","format":"standard","meta":{"footnotes":""},"categories":[1411],"tags":[11,34378,1154,207,1011,27,33242,2427,60,210],"class_list":{"0":"post-222114","1":"post","2":"type-post","3":"status-publish","4":"format-standard","5":"has-post-thumbnail","7":"category-cyclisme","8":"tag-actualites","9":"tag-arkea-bb-hotels","10":"tag-cycling","11":"tag-cyclisme","12":"tag-fr","13":"tag-france","14":"tag-groupama-fdj","15":"tag-professionnels","16":"tag-sports","17":"tag-tour-de-france"},"share_on_mastodon":{"url":"https:\/\/pubeurope.com\/@fr\/114786962237139280","error":""},"_links":{"self":[{"href":"https:\/\/www.europesays.com\/fr\/wp-json\/wp\/v2\/posts\/222114","targetHints":{"allow":["GET"]}}],"collection":[{"href":"https:\/\/www.europesays.com\/fr\/wp-json\/wp\/v2\/posts"}],"about":[{"href":"https:\/\/www.europesays.com\/fr\/wp-json\/wp\/v2\/types\/post"}],"author":[{"embeddable":true,"href":"https:\/\/www.europesays.com\/fr\/wp-json\/wp\/v2\/users\/2"}],"replies":[{"embeddable":true,"href":"https:\/\/www.europesays.com\/fr\/wp-json\/wp\/v2\/comments?post=222114"}],"version-history":[{"count":0,"href":"https:\/\/www.europesays.com\/fr\/wp-json\/wp\/v2\/posts\/222114\/revisions"}],"wp:featuredmedia":[{"embeddable":true,"href":"https:\/\/www.europesays.com\/fr\/wp-json\/wp\/v2\/media\/222115"}],"wp:attachment":[{"href":"https:\/\/www.europesays.com\/fr\/wp-json\/wp\/v2\/media?parent=222114"}],"wp:term":[{"taxonomy":"category","embeddable":true,"href":"https:\/\/www.europesays.com\/fr\/wp-json\/wp\/v2\/categories?post=222114"},{"taxonomy":"post_tag","embeddable":true,"href":"https:\/\/www.europesays.com\/fr\/wp-json\/wp\/v2\/tags?post=222114"}],"curies":[{"name":"wp","href":"https:\/\/api.w.org\/{rel}","templated":true}]}}