{"id":222118,"date":"2025-07-03T02:34:10","date_gmt":"2025-07-03T02:34:10","guid":{"rendered":"https:\/\/www.europesays.com\/fr\/222118\/"},"modified":"2025-07-03T02:34:10","modified_gmt":"2025-07-03T02:34:10","slug":"melinda-french-gates-revele-le-moment-ou-elle-a-su-que-son-mariage-etait-termine","status":"publish","type":"post","link":"https:\/\/www.europesays.com\/fr\/222118\/","title":{"rendered":"Melinda French Gates r\u00e9v\u00e8le le moment o\u00f9 elle a su que son mariage \u00e9tait termin\u00e9"},"content":{"rendered":"<p>    Melinda Gates \u00e0 New York City, le 14 avril 2025.<br \/>\n                Raymond Hall \/ GC Images<\/p>\n<p>Invit\u00e9e du podcast How to fail with Elizabeth Day, Melina French Gates s\u2019est confi\u00e9e sur les \u00abfacteurs ext\u00e9rieurs\u00bb qui ont men\u00e9 \u00e0 son divorce en 2021. Des signaux qu\u2019elle a d\u2019abord choisi d\u2019ignorer.<\/p>\n<p class=\"fig-paragraph\">Une d\u00e9cision lourde de cons\u00e9quences. En 2021, Melinda et\u00a0<a href=\"https:\/\/madame.lefigaro.fr\/tag\/bill-gates\" target=\"_blank\" rel=\"noopener\" data-gtm-custom-categorie=\"navigation\" data-gtm-custom-action=\"crossclick\" data-gtm-custom-label=\"Contextuel\" data-gtm-event=\"customEventSPE\">Bill Gates<\/a>\u00a0annon\u00e7aient leur divorce, apr\u00e8s quatre enfants et 27 ans de mariage. Une d\u00e9cision personnelle que l\u2019ex-compagne du PDG de Microsoft a maintes et maintes fois repouss\u00e9e, en raison d\u2019enjeux qu\u2019elle consid\u00e9rait comme trop \u00e9lev\u00e9s, entre autres autour de leur fondation commune et de la \u00abbase\u00bb solide qu\u2019ils ont construite pendant pr\u00e8s de 30 ans.<\/p>\n<p class=\"fig-paragraph\">\u00abQuand cette voix venait &#8211; et elle venait \u00e0 diff\u00e9rents moments \u00e0 cause de choses qui s\u2019\u00e9taient pass\u00e9es en dehors de notre mariage et que j\u2019apprendrais plus tard &#8211; j\u2019ai continu\u00e9 \u00e0 la repousser\u00bb, a-t-elle d\u00e9clar\u00e9 ce mercredi 2 juillet sur le podcast How to Fail with Elizabeth Day. \u00abNous avions une fondation et c\u2019\u00e9tait important, et je croyais en ce travail. J\u2019y crois toujours d\u2019ailleurs\u00bb, a-t-elle continu\u00e9, avouant finalement que cette voix int\u00e9rieure \u00e9tait devenue trop forte pour \u00eatre ignor\u00e9e.<\/p>\n<p class=\"fig-body-link&#10;    \">\n            \u00c0 lire aussi<br \/>\n        <a class=\"fig-body-link__link\" href=\"http:\/\/madame.lefigaro.fr\/celebrites\/actu-people\/melinda-french-gates-trouve-sa-voix-20250617\" data-fig-type=\"Article\" data-gtm-custom-categorie=\"navigation\" data-gtm-custom-action=\"crossclick\" data-gtm-custom-label=\"Contextuel\" data-gtm-event=\"customEventSPE\" data-fig-domain=\"MADAME\" target=\"_blank\" rel=\"noopener\">Melinda Gates\u00a0: \u00abBeaucoup de gens sont pi\u00e9g\u00e9s dans un mariage et ne peuvent pas s\u2019en sortir\u00bb<\/a>\n<\/p>\n<p>                                    <a class=\"fig-a11y-skip a11y-hidden\" href=\"#fig-a11y-skip-main-inarticle\"><br \/>\n        Passer la publicit\u00e9<br \/>\n    <\/a><\/p>\n<p class=\"fig-paragraph\">C\u2019est quand elle a d\u00e9couvert l\u2019infid\u00e9lit\u00e9 de son \u00e9poux avec une employ\u00e9e de Microsoft que Melinda Gates a su qu\u2019il \u00e9tait temps pour elle de prendre une d\u00e9cision. \u00ab\u00c0 un moment donn\u00e9, j\u2019ai d\u00fb l\u2019affronter, et je le savais et je le savais dans mon \u00e2me\u00bb, a-t-elle d\u00e9clar\u00e9 \u00e0 propos de la fin de leur relation, avouant qu\u2019il lui avait fallu du temps pour reconna\u00eetre que son mariage \u00e9tait irr\u00e9parable. Et surtout pour r\u00e9fl\u00e9chir \u00e0 quoi allait ressembler sa vie apr\u00e8s sa s\u00e9paration.<\/p>\n<p>\u00abNous \u00e9tions cinq personnes impliqu\u00e9es\u00bb<\/p>\n<p class=\"fig-paragraph\">\u00abJ\u2019ai pris mon mariage &#8211; et je le prends toujours &#8211; tr\u00e8s, tr\u00e8s au s\u00e9rieux et ce n\u2019\u00e9tait pas juste deux \u00e0 \u00eatre impliqu\u00e9s, nous \u00e9tions cinq\u00bb a-t-elle ajout\u00e9. Au cours de leurs 27 ans de mariage, Bill et Melinda Gates ont eu trois enfants\u00a0: Jennifer, 28 ans, Rory, 25 ans et Phoebe, 22 ans.<\/p>\n<p class=\"fig-paragraph\">La femme d\u2019affaires de 60 ans a depuis refait sa vie avec le businessman Philip Vaughn, sans pour autant renier ses 27 ans d\u2019union. \u00abCe sont deux personnes qui se sont r\u00e9unies, esp\u00e9rons-le amoureuses &#8211; et \u00e7a l\u2019\u00e9tait dans mon cas &#8211; alors il est vraiment difficile de se s\u00e9parer plus tard\u00bb, a-t-elle conclu, en exhortant les femmes \u00e0 toujours \u00ab\u00e9couter leur intuition\u00bb.<\/p>\n","protected":false},"excerpt":{"rendered":"Melinda Gates \u00e0 New York City, le 14 avril 2025. Raymond Hall \/ GC Images Invit\u00e9e du podcast&hellip;\n","protected":false},"author":2,"featured_media":222119,"comment_status":"","ping_status":"","sticky":false,"template":"","format":"standard","meta":{"footnotes":""},"categories":[1359],"tags":[58,7681,59,1011,27,36126,973,3725],"class_list":{"0":"post-222118","1":"post","2":"type-post","3":"status-publish","4":"format-standard","5":"has-post-thumbnail","7":"category-people","8":"tag-divertissement","9":"tag-divorce","10":"tag-entertainment","11":"tag-fr","12":"tag-france","13":"tag-melinda-gates","14":"tag-people","15":"tag-podcast"},"share_on_mastodon":{"url":"https:\/\/pubeurope.com\/@fr\/114786970028205643","error":""},"_links":{"self":[{"href":"https:\/\/www.europesays.com\/fr\/wp-json\/wp\/v2\/posts\/222118","targetHints":{"allow":["GET"]}}],"collection":[{"href":"https:\/\/www.europesays.com\/fr\/wp-json\/wp\/v2\/posts"}],"about":[{"href":"https:\/\/www.europesays.com\/fr\/wp-json\/wp\/v2\/types\/post"}],"author":[{"embeddable":true,"href":"https:\/\/www.europesays.com\/fr\/wp-json\/wp\/v2\/users\/2"}],"replies":[{"embeddable":true,"href":"https:\/\/www.europesays.com\/fr\/wp-json\/wp\/v2\/comments?post=222118"}],"version-history":[{"count":0,"href":"https:\/\/www.europesays.com\/fr\/wp-json\/wp\/v2\/posts\/222118\/revisions"}],"wp:featuredmedia":[{"embeddable":true,"href":"https:\/\/www.europesays.com\/fr\/wp-json\/wp\/v2\/media\/222119"}],"wp:attachment":[{"href":"https:\/\/www.europesays.com\/fr\/wp-json\/wp\/v2\/media?parent=222118"}],"wp:term":[{"taxonomy":"category","embeddable":true,"href":"https:\/\/www.europesays.com\/fr\/wp-json\/wp\/v2\/categories?post=222118"},{"taxonomy":"post_tag","embeddable":true,"href":"https:\/\/www.europesays.com\/fr\/wp-json\/wp\/v2\/tags?post=222118"}],"curies":[{"name":"wp","href":"https:\/\/api.w.org\/{rel}","templated":true}]}}