{"id":222122,"date":"2025-07-03T02:37:14","date_gmt":"2025-07-03T02:37:14","guid":{"rendered":"https:\/\/www.europesays.com\/fr\/222122\/"},"modified":"2025-07-03T02:37:14","modified_gmt":"2025-07-03T02:37:14","slug":"secret-story-le-frere-jumeau-de-mayer-nest-pas-un-inconnu","status":"publish","type":"post","link":"https:\/\/www.europesays.com\/fr\/222122\/","title":{"rendered":"\u00ab\u00a0Secret Story\u00a0\u00bb\u00a0: le fr\u00e8re jumeau de Mayer n&rsquo;est pas un inconnu"},"content":{"rendered":"<p>      R\u00e9sum\u00e9<\/p>\n<p>Lors du dernier prime de \u00ab\u00a0Secret Story\u00a0\u00bb, les t\u00e9l\u00e9spectateurs ont d\u00e9couvert le fr\u00e8re jumeau de Mayer. Zach qui n&rsquo;est pas un inconnu sur les r\u00e9seaux sociaux.<\/p>\n<p>        Sommaire<\/p>\n<p>Le prochain prime de \u00ab\u00a0Secret Story\u00a0\u00bb, ce 3\u00a0juillet, devrait \u00eatre tr\u00e8s suivi. Il faut dire que <strong>la semaine a \u00e9t\u00e9 particuli\u00e8rement agit\u00e9e<\/strong> dans <a href=\"https:\/\/www.public.fr\/secret-story-coup-de-theatre-noah-elimine-son-ex-anita\" target=\"_blank\" rel=\"noopener\">la maison des secrets<\/a> mais aussi sur les r\u00e9seaux sociaux. En cause\u00a0: plusieurs candidates sont soup\u00e7onn\u00e9es de <strong>mal se comporter<\/strong> au sein de la maison des secrets (harc\u00e8lement, racisme,&#8230;). Leurs cibles\u00a0: <strong><a href=\"https:\/\/www.public.fr\/secret-story-anita-et-romy-victimes-de-racisme-les-fans-appellent-a-une-prise-de-conscience-de-la-chaine\" target=\"_blank\" rel=\"noopener\">Romy et Anita<\/a><\/strong>. Ainsi, depuis <a href=\"https:\/\/www.public.fr\/derapage-dans-secret-story-le-csa-appelle-en-urgence-et-demande-a-couper-une-scene\" target=\"_blank\" rel=\"noopener\">l&rsquo;intervention de la production<\/a>, les internautes s&rsquo;enflamment sur les r\u00e9seaux sociaux soutenant \u00e0 fond les deux victimes suppos\u00e9es. Alors, les faits d\u00e9nonc\u00e9s pourraient-ils chambouler l&rsquo;aventure de certaines\u00a0?<\/p>\n<p>En tout cas, ce 3\u00a0juillet, <strong>un quatri\u00e8me candidat quittera le jeu<\/strong>. Apr\u00e8s Th\u00e9, Dr\u00e9a et <a href=\"https:\/\/www.public.fr\/damien-secret-story-fraichement-elimine-deja-en-pleine-reconversion\" target=\"_blank\" rel=\"noopener\">Damien <\/a>qui de <a href=\"https:\/\/www.public.fr\/des-petites-merdeuses-harcelement-dans-secret-story-fred-les-anges-atomise-constance-celia-pimprenelle-et-marianne\" target=\"_blank\" rel=\"noopener\">Constance, Marianne<\/a> ou Ethan devra faire ses valises\u00a0? Le fr\u00e8re du footballeur belge Eden Hazard pourrait s&rsquo;attirer la sympathie du public apr\u00e8s avoir <strong>offert son immunit\u00e9 \u00e0 Mayer<\/strong>. <a href=\"https:\/\/www.public.fr\/je-me-suis-trompe-de-saison-un-ancien-finaliste-de-secret-story-tombe-amoureux-de-damien-mayer-et-ethan-et-fait-le-buzz\" target=\"_blank\" rel=\"noopener\">Mayer<\/a>, un candidat redoutable, <strong>dont on ignore le secret \u00e0 ce stade<\/strong> mais qui enqu\u00eate ardemment sur celui des autres. Lors du dernier prime, le Parisien de 24 ans a \u00e9t\u00e9 <strong>convi\u00e9 dans \u00ab\u00a0La jungle des d\u00e9cisions\u00a0\u00bb<\/strong>.<\/p>\n<p>Pour l&rsquo;occasion, la Voix lui a propos\u00e9 de <strong>retirer une somme d&rsquo;argent de la cagnotte de <\/strong><a href=\"https:\/\/www.public.fr\/polemique-a-secret-story-et-maintenant-les-deputes-sen-melent\" target=\"_blank\" rel=\"noopener\"><strong>son amie Romy<\/strong> <\/a>afin que celle-ci puisse se rendre dans le sas pour <strong>retrouver un proche<\/strong>. S&rsquo;il a accept\u00e9, le fin strat\u00e8ge ne s&rsquo;attendait pas \u00e0 ce que <a href=\"https:\/\/www.public.fr\/secret-story-la-maison-des-secrets-deja-insalubre-romy-nen-peut-plus-et-met-les-choses-au-clair\" target=\"_blank\" rel=\"noopener\">sa complice<\/a> se retrouve face \u00e0 face avec <strong>son jumeau Zach<\/strong>, qui vit aux \u00c9tats-Unis. Un jeune homme qui a d\u00e9j\u00e0 une certaine notori\u00e9t\u00e9 sur les r\u00e9seaux sociaux.<\/p>\n<p><img loading=\"lazy\" decoding=\"async\" width=\"1024\" height=\"505\" src=\"https:\/\/www.europesays.com\/fr\/wp-content\/uploads\/2025\/07\/Capture-decran-2025-07-02-214109-1024x505.png\" alt=\"&quot;Secret Story&quot; : le fr\u00e8re jumeau de Mayer n'est pas un inconnu\"  \/><\/p>\n<p>Capture TFX<\/p>\n<p>\u00ab\u00a0Secret Story\u00a0\u00bb\u00a0: Zach, le fr\u00e8re bien connu de Mayer<\/p>\n<p>Mayer a vu <strong>son nombre d&rsquo;abonn\u00e9s<\/strong> grimper en fl\u00e8che sur Instagram depuis son entr\u00e9e dans <a href=\"https:\/\/www.google.com\/url?sa=t&amp;source=web&amp;rct=j&amp;opi=89978449&amp;url=https:\/\/vsd.fr\/83419-secret-story-damien-elimine-les-telespectateurs-crient-au-scandale\/&amp;ved=2ahUKEwixurr3gJ-OAxUYUqQEHbq1AP8QFnoECCMQAQ&amp;usg=AOvVaw0I4wUp9u24Tir-Nl1USX77\" target=\"_blank\" rel=\"noopener\">la maison des secrets.<\/a> Pour le moment, le candidat est <strong>suivi par un peu plus de 48\u00a0000 followers<\/strong>. Quant \u00e0 son fr\u00e8re, Zach, ce dernier \u00e9tait d\u00e9j\u00e0 populaire avant m\u00eame de faire son entr\u00e9e dans le sas pour quelques minutes. En effet, \u00e0 chaque fois que ce dernier publie <strong>une vid\u00e9o <\/strong>sur ses r\u00e9seaux sociaux, <strong>elle cumule des milliers de vues en peu de temps.<\/strong><\/p>\n<p>Sur ces enregistrements ou sur les clich\u00e9s qu&rsquo;il poste, on peut d\u00e9couvrir <strong>les coulisses de sa vie d&rsquo;\u00e9tudiant \u00e0 Harvard.<\/strong> Par ailleurs, sur TikTok, le charmant jeune homme n&rsquo;a pas h\u00e9sit\u00e9 \u00e0 parler de la participation de son fr\u00e8re au c\u00e9l\u00e8bre divertissement de TFX. Il assure qu&rsquo;<strong>il ne s&rsquo;y attendait pas<\/strong>, que cela n&rsquo;\u00e9tait \u00ab\u00a0pas dans [son] bingo 2025\u00a0\u00bb. Et s&rsquo;il venait maintenant \u00e0 remporter <a href=\"https:\/\/www.google.com\/url?sa=t&amp;source=web&amp;rct=j&amp;opi=89978449&amp;url=https:\/\/vsd.fr\/83711-secret-story-lun-des-plus-gros-clashs-de-lhistoire-de-la-tele-realite-eclate-le-gendarme-de-laudiovisuel-fait-rapidement-couper\/&amp;ved=2ahUKEwixurr3gJ-OAxUYUqQEHbq1AP8QFnoECBsQAQ&amp;usg=AOvVaw18boCAt7jeQs5p7Bg1zuE2\" target=\"_blank\" rel=\"noopener\">l&rsquo;\u00e9mission<\/a>\u00a0? <\/p>\n<p>      Mentionn\u00e9s dans cet article<\/p>\n<p>\u00c0 lire aussi<\/p>\n","protected":false},"excerpt":{"rendered":"R\u00e9sum\u00e9 Lors du dernier prime de \u00ab\u00a0Secret Story\u00a0\u00bb, les t\u00e9l\u00e9spectateurs ont d\u00e9couvert le fr\u00e8re jumeau de Mayer. Zach&hellip;\n","protected":false},"author":2,"featured_media":222123,"comment_status":"","ping_status":"","sticky":false,"template":"","format":"standard","meta":{"footnotes":""},"categories":[1356],"tags":[426,5410,58,59,652,1011,27,29901,252,199,1364],"class_list":{"0":"post-222122","1":"post","2":"type-post","3":"status-publish","4":"format-standard","5":"has-post-thumbnail","7":"category-television","8":"tag-candidat","9":"tag-christophe-beaugrand","10":"tag-divertissement","11":"tag-entertainment","12":"tag-famille","13":"tag-fr","14":"tag-france","15":"tag-secret-story","16":"tag-television","17":"tag-tf1","18":"tag-tv"},"share_on_mastodon":{"url":"https:\/\/pubeurope.com\/@fr\/114786982193047158","error":""},"_links":{"self":[{"href":"https:\/\/www.europesays.com\/fr\/wp-json\/wp\/v2\/posts\/222122","targetHints":{"allow":["GET"]}}],"collection":[{"href":"https:\/\/www.europesays.com\/fr\/wp-json\/wp\/v2\/posts"}],"about":[{"href":"https:\/\/www.europesays.com\/fr\/wp-json\/wp\/v2\/types\/post"}],"author":[{"embeddable":true,"href":"https:\/\/www.europesays.com\/fr\/wp-json\/wp\/v2\/users\/2"}],"replies":[{"embeddable":true,"href":"https:\/\/www.europesays.com\/fr\/wp-json\/wp\/v2\/comments?post=222122"}],"version-history":[{"count":0,"href":"https:\/\/www.europesays.com\/fr\/wp-json\/wp\/v2\/posts\/222122\/revisions"}],"wp:featuredmedia":[{"embeddable":true,"href":"https:\/\/www.europesays.com\/fr\/wp-json\/wp\/v2\/media\/222123"}],"wp:attachment":[{"href":"https:\/\/www.europesays.com\/fr\/wp-json\/wp\/v2\/media?parent=222122"}],"wp:term":[{"taxonomy":"category","embeddable":true,"href":"https:\/\/www.europesays.com\/fr\/wp-json\/wp\/v2\/categories?post=222122"},{"taxonomy":"post_tag","embeddable":true,"href":"https:\/\/www.europesays.com\/fr\/wp-json\/wp\/v2\/tags?post=222122"}],"curies":[{"name":"wp","href":"https:\/\/api.w.org\/{rel}","templated":true}]}}