{"id":222131,"date":"2025-07-03T02:42:10","date_gmt":"2025-07-03T02:42:10","guid":{"rendered":"https:\/\/www.europesays.com\/fr\/222131\/"},"modified":"2025-07-03T02:42:10","modified_gmt":"2025-07-03T02:42:10","slug":"line-renaud-a-97-ans-pierre-jean-chalencon-derape-affreusement-jespere-que-ce-sera-son-dernier","status":"publish","type":"post","link":"https:\/\/www.europesays.com\/fr\/222131\/","title":{"rendered":"Line Renaud a 97 ans : Pierre-Jean Chalen\u00e7on d\u00e9rape affreusement, \u201cj\u2019esp\u00e8re que ce sera son dernier\u201d"},"content":{"rendered":"<p>Ce mercredi 2 juillet 2025, Line Renaud f\u00eate ses 97 ans. Si de<br \/>\nnombreuses personnalit\u00e9s lui ont souhait\u00e9 de belles choses,<br \/>\nPierre-Jean Chalen\u00e7on, lui, a de nouveau d\u00e9raper en \u00e9voquant<br \/>\nl\u2019actrice.<\/p>\n<p>Le collectionneur a tenu des propos naus\u00e9abonds en compagnie de<br \/>\nson amie Sylvie Ortega.<\/p>\n<p>Pierre-Jean Chalen\u00e7on en roue libre, il insulte \u00e0 nouveau Line<br \/>\nRenaud<\/p>\n<p>Il y a quelques jours, <a href=\"https:\/\/www.closermag.fr\/people\/pierre-jean-chalencon-crible-de-dettes-cette-petite-fortune-quil-pourrait-toucher-3557059\" target=\"_blank\" rel=\"noopener\"><br \/>\nPierre-Jean Chalen\u00e7on<\/a> r\u00e9ussissait \u00e0 sauver son palais Vivienne<br \/>\nde la vente aux ench\u00e8res forc\u00e9e. Il est ensuite apparu aux c\u00f4t\u00e9s de<br \/>\nSylvie Ortega, \u00e0 la terrasse d\u2019un caf\u00e9. Les deux amis en ont<br \/>\nprofit\u00e9 pour insulter, une nouvelle fois, Line Renaud. L\u2019actrice<br \/>\nf\u00eate en effet ses 97 ans ce mercredi 2 juillet. De nombreuses<br \/>\nc\u00e9l\u00e9brit\u00e9s lui ont alors souhait\u00e9, mais le collectionneur a pr\u00e9f\u00e9r\u00e9<br \/>\ninsulte la nonag\u00e9naire. \u00ab\u00a0<strong>Cette vieille<br \/>\ns*****<\/strong>\u00a0\u00bb\u00a0a lanc\u00e9 Pierre-Jean Chalen\u00e7on hilare,<br \/>\nface \u00e0 la veuve de Ludovic Chancel.<\/p>\n<p><strong>\u00ab\u00a0J&rsquo;esp\u00e8re que ce sera son dernier (anniversaire,<br \/>\nNDLR)\u00a0\u00bb<\/strong> a alors l\u00e2ch\u00e9 Pierre-Jean Chalen\u00e7on, comme on<br \/>\npeut le voir dans une s\u00e9rie de vid\u00e9os diffus\u00e9e sur les r\u00e9seaux<br \/>\nsociaux. Dans le taxi, l\u2019entrepreneur a continu\u00e9 de d\u00e9raper.<br \/>\n\u00ab\u00a0Quand on m&rsquo;a annonc\u00e9 que Line Renaud allait avoir un enfant,<br \/>\nj&rsquo;ai dit &lsquo;elle est m\u00e9nopaus\u00e9e depuis longtemps&rsquo;\u2026 Puis,<br \/>\nelle en avait aval\u00e9 beaucoup des enfants.\u00a0<strong>C&rsquo;est une<br \/>\ntueuse d&rsquo;enfants, elle. Vieille p***<\/strong>\u00a0\u00bb\u00a0a-t-il<br \/>\nd\u00e9clar\u00e9. On peut \u00e9galement voir le quinquag\u00e9naire s\u2019exclamer<br \/>\n\u00ab\u00a0Dans le c**\u00a0\u00bb en imitant \u00ab\u00a0l&rsquo;accent africain\u00a0\u00bb et en faisant<br \/>\nun bras d&rsquo;honneur.<\/p>\n<blockquote class=\"instagram-media\" style=\"background: #ffffff;border: 0;margin: 1px;width: 100%;padding: 0;max-width: 500px;\" data-instgrm-permalink=\"https:\/\/www.instagram.com\/p\/DLmqOxzNhPN\/\" data-instgrm-version=\"14\"\/><p>\nPierre-Jean Chalen\u00e7on exclu d\u2019Affaire<br \/>\nconclue pour des d\u00e9rapages, d\u00e9j\u00e0 \u00e0 l\u2019encontre de Line Renaud<\/p>\n<p>En 2019, Pierre-Jean Chalen\u00e7on avait justement \u00e9t\u00e9 \u00e9cart\u00e9<br \/>\nd&rsquo;Affaire conclue qui l&rsquo;avait r\u00e9v\u00e9l\u00e9 au grand public, pour<br \/>\navoir d\u00e9j\u00e0 insult\u00e9 <a href=\"https:\/\/www.closermag.fr\/people\/line-renaud-a-quoi-ressemble-sa-magnifique-demeure-des-hauts-de-seine-3489069\" target=\"_blank\" rel=\"noopener\"><br \/>\nLine Renaud<\/a>. Avec ses propos plus que douteux sur les r\u00e9seaux<br \/>\nsociaux et dans plusieurs interviews, il avait multipli\u00e9 les<br \/>\npol\u00e9miques. Il \u00e9voquait notamment ses liens avec <a href=\"https:\/\/www.closermag.fr\/politique\/jean-marie-le-pen-pouvait-faire-rougir-le-derriere-des-putins-revelations-sur-ses-diners-clandestins-3554198\" target=\"_blank\" rel=\"noopener\"><br \/>\nJean-Marie Le Pen<\/a> et Dieudonn\u00e9, mais aussi sa<br \/>\n<strong>haine<\/strong> visc\u00e9rale envers <strong>Line<br \/>\nRenaud<\/strong>. Le collectionneur avait affirm\u00e9 \u00e0 plusieurs<br \/>\nreprises que l\u2019actrice de 97 ans avait refus\u00e9 de s&rsquo;approcher de<br \/>\nThierry Le Luron dans les derniers mois de sa vie.<\/p>\n<p>Mais depuis ces \u00e9normes d\u00e9rapages, Pierre-Jean Chalen\u00e7on \u00e9tait<br \/>\nrest\u00e9 tr\u00e8s discret. Avant de revenir en rajouter une couche<br \/>\nr\u00e9cemment, lorsque son amie Sylvie Ortega a \u00e9voqu\u00e9 l\u2019anniversaire<br \/>\nde son ennemie.<\/p>\n<p><script async src=\"\/\/www.instagram.com\/embed.js\"><\/script><\/p>\n","protected":false},"excerpt":{"rendered":"Ce mercredi 2 juillet 2025, Line Renaud f\u00eate ses 97 ans. Si de nombreuses personnalit\u00e9s lui ont souhait\u00e9&hellip;\n","protected":false},"author":2,"featured_media":222132,"comment_status":"","ping_status":"","sticky":false,"template":"","format":"standard","meta":{"footnotes":""},"categories":[8],"tags":[548,58,59,1011,27,18994,34317],"class_list":{"0":"post-222131","1":"post","2":"type-post","3":"status-publish","4":"format-standard","5":"has-post-thumbnail","7":"category-divertissement","8":"tag-article-simple","9":"tag-divertissement","10":"tag-entertainment","11":"tag-fr","12":"tag-france","13":"tag-line-renaud","14":"tag-pierre-jean-chalencon"},"share_on_mastodon":{"url":"https:\/\/pubeurope.com\/@fr\/114787001495947370","error":""},"_links":{"self":[{"href":"https:\/\/www.europesays.com\/fr\/wp-json\/wp\/v2\/posts\/222131","targetHints":{"allow":["GET"]}}],"collection":[{"href":"https:\/\/www.europesays.com\/fr\/wp-json\/wp\/v2\/posts"}],"about":[{"href":"https:\/\/www.europesays.com\/fr\/wp-json\/wp\/v2\/types\/post"}],"author":[{"embeddable":true,"href":"https:\/\/www.europesays.com\/fr\/wp-json\/wp\/v2\/users\/2"}],"replies":[{"embeddable":true,"href":"https:\/\/www.europesays.com\/fr\/wp-json\/wp\/v2\/comments?post=222131"}],"version-history":[{"count":0,"href":"https:\/\/www.europesays.com\/fr\/wp-json\/wp\/v2\/posts\/222131\/revisions"}],"wp:featuredmedia":[{"embeddable":true,"href":"https:\/\/www.europesays.com\/fr\/wp-json\/wp\/v2\/media\/222132"}],"wp:attachment":[{"href":"https:\/\/www.europesays.com\/fr\/wp-json\/wp\/v2\/media?parent=222131"}],"wp:term":[{"taxonomy":"category","embeddable":true,"href":"https:\/\/www.europesays.com\/fr\/wp-json\/wp\/v2\/categories?post=222131"},{"taxonomy":"post_tag","embeddable":true,"href":"https:\/\/www.europesays.com\/fr\/wp-json\/wp\/v2\/tags?post=222131"}],"curies":[{"name":"wp","href":"https:\/\/api.w.org\/{rel}","templated":true}]}}