{"id":222133,"date":"2025-07-03T02:43:10","date_gmt":"2025-07-03T02:43:10","guid":{"rendered":"https:\/\/www.europesays.com\/fr\/222133\/"},"modified":"2025-07-03T02:43:10","modified_gmt":"2025-07-03T02:43:10","slug":"le-troisieme-objet-interstellaire-jamais-observe-fuse-a-travers-le-systeme-solaire-actualites","status":"publish","type":"post","link":"https:\/\/www.europesays.com\/fr\/222133\/","title":{"rendered":"Le troisi\u00e8me objet interstellaire jamais observ\u00e9 fuse \u00e0 travers le Syst\u00e8me solaire : Actualit\u00e9s"},"content":{"rendered":"<p class=\"lead \">Un objet venant de l&rsquo;ext\u00e9rieur du Syst\u00e8me solaire a \u00e9t\u00e9 rep\u00e9r\u00e9 en train de le traverser \u00e0 toute allure, ce qui en fait le troisi\u00e8me visiteur interstellaire jamais d\u00e9tect\u00e9 par l&rsquo;humanit\u00e9, ont confirm\u00e9 mercredi des astronomes.<\/p>\n<p class=\"lead \">Cet objet, probablement le plus volumineux jamais observ\u00e9, a \u00e9t\u00e9 classifi\u00e9 comme com\u00e8te par le Centre des plan\u00e8tes mineures de l&rsquo;Union astronomique internationale.<\/p>\n<p class=\"lead \">Son aspect \u00ab\u00a0sugg\u00e8re qu&rsquo;il s&rsquo;agit principalement de glace plut\u00f4t que de roche\u00a0\u00bb, a expliqu\u00e9 \u00e0 l&rsquo;AFP Jonathan McDowell, astronome au Centre d&rsquo;astrophysique de Harvard-Smithsonian.<\/p>\n<p class=\"lead \">Il ne pr\u00e9sente pas de risque de collision avec la Terre, a pr\u00e9cis\u00e9 \u00e0 l&rsquo;AFP le responsable de la d\u00e9fense plan\u00e9taire de l&rsquo;Agence spatiale europ\u00e9enne (ESA), Richard Moissl. \u00ab\u00a0Il va voler profond\u00e9ment dans le Syst\u00e8me solaire, en passant juste \u00e0 l&rsquo;int\u00e9rieur de l&rsquo;orbite de Mars.\u00a0\u00bb<\/p>\n<p class=\"lead \">Les astronomes sont encore en train de pr\u00e9ciser leurs calculs, mais sa vitesse semble d\u00e9passer les 60 kilom\u00e8tres par seconde, soit plus de 200.000 km\/h. Ca signifie qu&rsquo;il n&rsquo;est pas li\u00e9 \u00e0 l&rsquo;orbite du Soleil.<\/p>\n<p class=\"lead \">Sa trajectoire aussi \u00ab\u00a0indique qu&rsquo;il n&rsquo;est pas en orbite autour du Soleil, mais vient de l&rsquo;espace interstellaire et va y retourner\u00a0\u00bb, selon Richard Moissl.<\/p>\n<p class=\"lead \">Bas\u00e9 \u00e0 Hawa\u00ef (Etats-Unis), le projet ATLAS de surveillance des ast\u00e9ro\u00efdes financ\u00e9 par la NASA, l&rsquo;agence spatiale am\u00e9ricaine, a d\u00e9couvert l&rsquo;objet mardi, a \u00e9crit l&rsquo;astronome am\u00e9ricain David Rankin sur le r\u00e9seau social Bluesky.<\/p>\n<p class=\"lead \">Des astronomes professionnels et amateurs du monde entier ont ensuite fouill\u00e9 dans les donn\u00e9es enregistr\u00e9es par les t\u00e9lescopes, reconstituant sa trajectoire depuis le 14 juin.<\/p>\n<p class=\"lead \">La taille de l&rsquo;objet est actuellement estim\u00e9e \u00e0 10 \u00e0 20 km de diam\u00e8tre. Mais il pourrait \u00eatre plus petit s&rsquo;il est bien compos\u00e9 de glace, qui refl\u00e8te davantage la lumi\u00e8re.<\/p>\n<p class=\"lead \">&#8211; Observable jusqu&rsquo;\u00e0 l&rsquo;an prochain &#8211;<\/p>\n<p class=\"lead \">\u00ab\u00a0Il va briller de plus en plus et s&rsquo;approcher du Soleil jusqu&rsquo;\u00e0 la fin octobre, et sera encore observable (par t\u00e9lescope) jusqu&rsquo;\u00e0 l&rsquo;an prochain\u00a0\u00bb, a d\u00e9taill\u00e9 Richard Moissl.<\/p>\n<p class=\"lead \">Il s&rsquo;agit du troisi\u00e8me objet jamais observ\u00e9 en provenance de l&rsquo;espace interstellaire.<\/p>\n<p class=\"lead \">Le premier, Oumuamua, avait \u00e9t\u00e9 d\u00e9tect\u00e9 en 2017. Il \u00e9tait si \u00e9trange qu&rsquo;au moins un scientifique renomm\u00e9 avait fini par se convaincre qu&rsquo;il s&rsquo;agissait d&rsquo;un vaisseau extraterrestre &#8211; sa th\u00e9orie a depuis \u00e9t\u00e9 d\u00e9mentie par des recherches.<\/p>\n<p class=\"lead \">Le deuxi\u00e8me bolide interstellaire, 2I\/Borisov, avait \u00e9t\u00e9 d\u00e9tect\u00e9 en 2019.<\/p>\n<p class=\"lead \">Ce nouveau visiteur para\u00eet \u00ab\u00a0se d\u00e9placer beaucoup plus rapidement que les deux premiers objets extra-solaires qui avaient \u00e9t\u00e9 d\u00e9couverts\u00a0\u00bb, a expliqu\u00e9 \u00e0 l&rsquo;AFP Mark Norris, astronome \u00e0 l&rsquo;universit\u00e9 britannique de Central Lancashire.<\/p>\n<p class=\"lead \">L&rsquo;objet se trouve actuellement \u00e0 peu pr\u00e8s \u00e0 la m\u00eame distance de la Terre que Jupiter, a-t-il ajout\u00e9.<\/p>\n<p class=\"lead \">Selon des mod\u00e9lisations, il y aurait jusqu&rsquo;\u00e0 10.000 objets interstellaires circulant \u00e0 tout moment dans le Syst\u00e8me solaire, dont la plupart seraient plus petits que l&rsquo;objet fra\u00eechement d\u00e9couvert, a soulign\u00e9 le scientifique.<\/p>\n<p class=\"lead \">Si ces mod\u00e9lisations sont exactes, le nouvel observatoire Vera C. Rubin, situ\u00e9 au Chili, pourrait bient\u00f4t d\u00e9couvrir de petits voyageurs interstellaires tous les mois, a-t-il estim\u00e9.<\/p>\n<p class=\"lead \">Il est impossible d&rsquo;envoyer une mission spatiale pour intercepter le nouvel objet, a pr\u00e9cis\u00e9 Richard Moissl. Mais un tel \u00e9v\u00e9nement offre n\u00e9anmoins aux scientifiques une occasion rare d&rsquo;\u00e9tudier des corps provenant de l&rsquo;ext\u00e9rieur du Syst\u00e8me solaire.<\/p>\n<p class=\"lead \">Par exemple, si des observations permettent de d\u00e9tecter sur un tel objet des pr\u00e9curseurs de la vie, comme des acides amin\u00e9s, cela donnera aux chercheurs \u00ab\u00a0beaucoup plus confiance dans le fait que les conditions pour l&rsquo;apparition de la vie existent dans d&rsquo;autres syst\u00e8mes stellaires\u00a0\u00bb, illustre Mark Norris.<\/p>\n<p class=\"small font-weight-bold text-gray3 \"> publi\u00e9 le 3 juillet \u00e0 04h10, AFP<\/p>\n<p>                             Partager<\/p>\n","protected":false},"excerpt":{"rendered":"Un objet venant de l&rsquo;ext\u00e9rieur du Syst\u00e8me solaire a \u00e9t\u00e9 rep\u00e9r\u00e9 en train de le traverser \u00e0 toute&hellip;\n","protected":false},"author":2,"featured_media":222134,"comment_status":"","ping_status":"","sticky":false,"template":"","format":"standard","meta":{"footnotes":""},"categories":[7],"tags":[48,386,1011,27,43,40,41,39,42,44],"class_list":{"0":"post-222133","1":"post","2":"type-post","3":"status-publish","4":"format-standard","5":"has-post-thumbnail","7":"category-sciences-et-technologies","8":"tag-astronomie","9":"tag-espace","10":"tag-fr","11":"tag-france","12":"tag-science","13":"tag-science-and-technology","14":"tag-sciences","15":"tag-sciences-et-technologies","16":"tag-technologies","17":"tag-technology"},"share_on_mastodon":{"url":"https:\/\/pubeurope.com\/@fr\/114787005828241464","error":""},"_links":{"self":[{"href":"https:\/\/www.europesays.com\/fr\/wp-json\/wp\/v2\/posts\/222133","targetHints":{"allow":["GET"]}}],"collection":[{"href":"https:\/\/www.europesays.com\/fr\/wp-json\/wp\/v2\/posts"}],"about":[{"href":"https:\/\/www.europesays.com\/fr\/wp-json\/wp\/v2\/types\/post"}],"author":[{"embeddable":true,"href":"https:\/\/www.europesays.com\/fr\/wp-json\/wp\/v2\/users\/2"}],"replies":[{"embeddable":true,"href":"https:\/\/www.europesays.com\/fr\/wp-json\/wp\/v2\/comments?post=222133"}],"version-history":[{"count":0,"href":"https:\/\/www.europesays.com\/fr\/wp-json\/wp\/v2\/posts\/222133\/revisions"}],"wp:featuredmedia":[{"embeddable":true,"href":"https:\/\/www.europesays.com\/fr\/wp-json\/wp\/v2\/media\/222134"}],"wp:attachment":[{"href":"https:\/\/www.europesays.com\/fr\/wp-json\/wp\/v2\/media?parent=222133"}],"wp:term":[{"taxonomy":"category","embeddable":true,"href":"https:\/\/www.europesays.com\/fr\/wp-json\/wp\/v2\/categories?post=222133"},{"taxonomy":"post_tag","embeddable":true,"href":"https:\/\/www.europesays.com\/fr\/wp-json\/wp\/v2\/tags?post=222133"}],"curies":[{"name":"wp","href":"https:\/\/api.w.org\/{rel}","templated":true}]}}