{"id":222135,"date":"2025-07-03T02:44:11","date_gmt":"2025-07-03T02:44:11","guid":{"rendered":"https:\/\/www.europesays.com\/fr\/222135\/"},"modified":"2025-07-03T02:44:11","modified_gmt":"2025-07-03T02:44:11","slug":"comment-le-clan-afflelou-reprend-peu-a-peu-la-main-sur-son-empire","status":"publish","type":"post","link":"https:\/\/www.europesays.com\/fr\/222135\/","title":{"rendered":"Comment le clan Afflelou reprend peu \u00e0 peu la main sur son empire"},"content":{"rendered":"<p><strong>R\u00c9CIT &#8211;<\/strong> Apr\u00e8s des tensions avec les fonds d\u2019investissement, la famille d\u00e9tient 38% du groupe et truste les postes de direction.<\/p>\n<p class=\"fig-paragraph\"><a href=\"https:\/\/www.lefigaro.fr\/societes\/sandrine-sabourin-pose-un-oeil-neuf-sur-les-rh-d-afflelou-20240216\" target=\"_blank\" data-fig-type=\"Article\" rel=\"noopener nofollow\" data-gtm-custom-categorie=\"navigation\" data-gtm-custom-action=\"crossclick\" data-gtm-custom-label=\"Contextuel\" data-gtm-event=\"customEventSPE\" data-fig-domain=\"LEFIGARO\">Alain Afflelou<\/a>\u00a0reste plus attach\u00e9 que jamais \u00e0 l\u2019enseigne d\u2019optique qu\u2019il a fond\u00e9e il y a plus de 50\u00a0ans. Lui et sa famille poursuivent leur remontada au capital du groupe, entam\u00e9e en 2022. Leur participation passe de 29\u00a0% \u00e0 38\u00a0%. S\u2019il reste premier actionnaire d\u2019Afflelou, le fonds d\u2019investissement Lion Capital, qui c\u00e8de une partie de ses titres pour un montant non communiqu\u00e9, voit sa part r\u00e9duite \u00e0 62\u00a0%. \u00ab\u00a0Ce renforcement capitalistique est \u00e0 la fois un geste strat\u00e9gique et un engagement profond\u00a0: continuer \u00e0 faire grandir le groupe Afflelou dans un esprit de responsabilit\u00e9, d\u2019innovation et de leadership sur nos march\u00e9s\u00a0\u00bb, assure Alain Afflelou, qui a fond\u00e9 l\u2019enseigne \u00e0 Bordeaux en 1972 et en est rest\u00e9 PDG jusqu\u2019en 2010.<\/p>\n<p class=\"fig-paragraph\">Pour le groupe, il s\u2019agit d\u2019une \u00ab\u00a0nouvelle \u00e9tape dans la trajectoire<br \/>engag\u00e9e depuis 2022\u00a0\u00bb. La part de la famille Afflelou \u00e9tait alors pass\u00e9e de 14\u00a0% \u00e0 29\u00a0%, avec le rachat de la part du fonds Apax Partners. L\u2019ann\u00e9e avait aussi \u00e9t\u00e9 marqu\u00e9e par l\u2019arriv\u00e9e aux\u2026<\/p>\n<p class=\"fig-premium-paywall__infos\">\n        Cet article est r\u00e9serv\u00e9 aux abonn\u00e9s.        Il vous reste 82% \u00e0 d\u00e9couvrir.\n    <\/p>\n<p>                <img  data- alt=\"Le Figaro\" class=\"fig-img--complete fig-img\"\/><\/p>\n<p class=\"fig-premium-paywall__title\">Vous avez envie de lire la suite ?<\/p>\n<p class=\"fig-premium-paywall__subtitle\">D\u00e9bloquez tous les articles imm\u00e9diatement.<\/p>\n<p class=\"fig-premium-paywall__connect\">\n                D\u00e9j\u00e0 abonn\u00e9\u00a0?                <a class=\"fig-premium-paywall__connect-link\" href=\"https:\/\/connect.lefigaro.fr\/login?client=horizon_web&amp;type=main&amp;redirect_uri=https%3A%2F%2Fwww.lefigaro.fr%2Fsocietes%2Fcomment-le-clan-afflelou-reprend-peu-a-peu-la-main-sur-son-empire-20250702\" data-js-gtm=\"{&quot;customCategorie&quot;: &quot;conversion&quot;, &quot;customAction&quot;: &quot;before_Landing_Connexion_paywall_auto&quot;, &quot;customLabel&quot;: &quot;bGVmaWdhcm8uZnJfXzFmMDU3M2FjLTNjZWYtNmUwNC1iYmNiLTQ5ZTI2YmQ0YjYxYl9fQXJ0aWNsZQ==_Comment le clan Afflelou reprend peu \u00e0 peu la main sur son empire_259&quot;, &quot;customIDSPE&quot;: &quot;bGVmaWdhcm8uZnJfXzFmMDU3M2FjLTNjZWYtNmUwNC1iYmNiLTQ5ZTI2YmQ0YjYxYl9fQXJ0aWNsZQ==&quot;, &quot;event&quot;: &quot;customEventSPE&quot;}\" rel=\"nofollow noopener\" target=\"_blank\"><br \/>\n                    Connectez-vous<br \/>\n                <\/a>\n            <\/p>\n","protected":false},"excerpt":{"rendered":"R\u00c9CIT &#8211; Apr\u00e8s des tensions avec les fonds d\u2019investissement, la famille d\u00e9tient 38% du groupe et truste les&hellip;\n","protected":false},"author":2,"featured_media":222136,"comment_status":"","ping_status":"","sticky":false,"template":"","format":"standard","meta":{"footnotes":""},"categories":[6],"tags":[36130,35,33,34,1011,27,21638],"class_list":{"0":"post-222135","1":"post","2":"type-post","3":"status-publish","4":"format-standard","5":"has-post-thumbnail","7":"category-economie","8":"tag-afflelou","9":"tag-business","10":"tag-economie","11":"tag-economy","12":"tag-fr","13":"tag-france","14":"tag-optique"},"share_on_mastodon":{"url":"https:\/\/pubeurope.com\/@fr\/114787009585765402","error":""},"_links":{"self":[{"href":"https:\/\/www.europesays.com\/fr\/wp-json\/wp\/v2\/posts\/222135","targetHints":{"allow":["GET"]}}],"collection":[{"href":"https:\/\/www.europesays.com\/fr\/wp-json\/wp\/v2\/posts"}],"about":[{"href":"https:\/\/www.europesays.com\/fr\/wp-json\/wp\/v2\/types\/post"}],"author":[{"embeddable":true,"href":"https:\/\/www.europesays.com\/fr\/wp-json\/wp\/v2\/users\/2"}],"replies":[{"embeddable":true,"href":"https:\/\/www.europesays.com\/fr\/wp-json\/wp\/v2\/comments?post=222135"}],"version-history":[{"count":0,"href":"https:\/\/www.europesays.com\/fr\/wp-json\/wp\/v2\/posts\/222135\/revisions"}],"wp:featuredmedia":[{"embeddable":true,"href":"https:\/\/www.europesays.com\/fr\/wp-json\/wp\/v2\/media\/222136"}],"wp:attachment":[{"href":"https:\/\/www.europesays.com\/fr\/wp-json\/wp\/v2\/media?parent=222135"}],"wp:term":[{"taxonomy":"category","embeddable":true,"href":"https:\/\/www.europesays.com\/fr\/wp-json\/wp\/v2\/categories?post=222135"},{"taxonomy":"post_tag","embeddable":true,"href":"https:\/\/www.europesays.com\/fr\/wp-json\/wp\/v2\/tags?post=222135"}],"curies":[{"name":"wp","href":"https:\/\/api.w.org\/{rel}","templated":true}]}}