{"id":222137,"date":"2025-07-03T02:45:11","date_gmt":"2025-07-03T02:45:11","guid":{"rendered":"https:\/\/www.europesays.com\/fr\/222137\/"},"modified":"2025-07-03T02:45:11","modified_gmt":"2025-07-03T02:45:11","slug":"naufrage-dun-ferry-au-large-de-bali-au-moins-61-disparus","status":"publish","type":"post","link":"https:\/\/www.europesays.com\/fr\/222137\/","title":{"rendered":"Naufrage d\u2019un ferry au large de Bali, au moins 61 disparus"},"content":{"rendered":"<p>Un terrible drame vient de se produire en <a href=\"https:\/\/www.20minutes.fr\/dossier\/indonesie\" target=\"_blank\" class=\"color-ultramarine c-link\" rel=\"noopener\">Indon\u00e9sie<\/a>. Au moins 61 personnes sont port\u00e9es disparues apr\u00e8s le <a href=\"https:\/\/www.20minutes.fr\/dossier\/naufrage\" target=\"_blank\" class=\"color-ultramarine c-link\" rel=\"noopener\">naufrage<\/a> d\u2019un ferry dans la nuit de mercredi \u00e0 ce jeudi au large de l\u2019\u00eele de <a href=\"https:\/\/www.20minutes.fr\/dossier\/bali\" target=\"_blank\" class=\"color-ultramarine c-link\" rel=\"noopener\">Bali<\/a>.<\/p>\n<p>Selon la liste des personnes embarqu\u00e9es par le ferry, \u00ab\u00a053 passagers et 12 membres d\u2019\u00e9quipage\u00a0\u00bb, se trouvaient \u00e0 bord, a d\u00e9clar\u00e9 ce jeudi l\u2019agence de recherche et de sauvetage de Surabaya dans un communiqu\u00e9. Le navire a sombr\u00e9 vers 23h20 (17h20 \u00e0 Paris).<\/p>\n<p>Quatre personnes secourues<\/p>\n<p>Quatre personnes ont \u00e9t\u00e9 secourues dans les premi\u00e8res heures de ce jeudi, a ajout\u00e9 l\u2019agence dans un autre communiqu\u00e9, pr\u00e9cisant que les recherches de survivants se poursuivaient. Le navire \u00ab\u00a0transportait \u00e9galement 22 v\u00e9hicules, dont 14 camions\u00a0\u00bb.<\/p>\n<\/p>\n<p>Les accidents maritimes surviennent r\u00e9guli\u00e8rement en Indon\u00e9sie, un vaste archipel d\u2019environ 17.000 \u00eeles, en partie en raison de normes de s\u00e9curit\u00e9 laxistes.<\/p>\n<p><a href=\"https:\/\/www.20minutes.fr\/dossier\/indonesie\" target=\"_blank\" class=\"c-link c-btn c-btn--primary\" rel=\"noopener\">Nos articles sur l&rsquo;Indon\u00e9sie<\/a><\/p>\n<p>En mars, un bateau transportant 16 personnes a chavir\u00e9 dans des conditions de mer agit\u00e9e au large de la m\u00eame \u00eele touristique de Bali. Une Australienne a trouv\u00e9 la mort et au moins une autre personne a \u00e9t\u00e9 bless\u00e9e. En\u00a02018, plus de 150 personnes sont mortes lorsqu\u2019un ferry a sombr\u00e9 dans le lac Toba, l\u2019un des lacs les plus profonds du monde sur l\u2019\u00eele de Sumatra.<\/p>\n","protected":false},"excerpt":{"rendered":"Un terrible drame vient de se produire en Indon\u00e9sie. Au moins 61 personnes sont port\u00e9es disparues apr\u00e8s le&hellip;\n","protected":false},"author":2,"featured_media":222138,"comment_status":"","ping_status":"","sticky":false,"template":"","format":"standard","meta":{"footnotes":""},"categories":[5],"tags":[47,11,6607,5160,1011,27,25902,14,74,1336,12,133,28],"class_list":{"0":"post-222137","1":"post","2":"type-post","3":"status-publish","4":"format-standard","5":"has-post-thumbnail","7":"category-international","8":"tag-actualite","9":"tag-actualites","10":"tag-bali","11":"tag-bateau","12":"tag-fr","13":"tag-france","14":"tag-indonesie","15":"tag-international","16":"tag-monde","17":"tag-naufrage","18":"tag-news","19":"tag-video","20":"tag-world"},"share_on_mastodon":{"url":"https:\/\/pubeurope.com\/@fr\/114787013327683576","error":""},"_links":{"self":[{"href":"https:\/\/www.europesays.com\/fr\/wp-json\/wp\/v2\/posts\/222137","targetHints":{"allow":["GET"]}}],"collection":[{"href":"https:\/\/www.europesays.com\/fr\/wp-json\/wp\/v2\/posts"}],"about":[{"href":"https:\/\/www.europesays.com\/fr\/wp-json\/wp\/v2\/types\/post"}],"author":[{"embeddable":true,"href":"https:\/\/www.europesays.com\/fr\/wp-json\/wp\/v2\/users\/2"}],"replies":[{"embeddable":true,"href":"https:\/\/www.europesays.com\/fr\/wp-json\/wp\/v2\/comments?post=222137"}],"version-history":[{"count":0,"href":"https:\/\/www.europesays.com\/fr\/wp-json\/wp\/v2\/posts\/222137\/revisions"}],"wp:featuredmedia":[{"embeddable":true,"href":"https:\/\/www.europesays.com\/fr\/wp-json\/wp\/v2\/media\/222138"}],"wp:attachment":[{"href":"https:\/\/www.europesays.com\/fr\/wp-json\/wp\/v2\/media?parent=222137"}],"wp:term":[{"taxonomy":"category","embeddable":true,"href":"https:\/\/www.europesays.com\/fr\/wp-json\/wp\/v2\/categories?post=222137"},{"taxonomy":"post_tag","embeddable":true,"href":"https:\/\/www.europesays.com\/fr\/wp-json\/wp\/v2\/tags?post=222137"}],"curies":[{"name":"wp","href":"https:\/\/api.w.org\/{rel}","templated":true}]}}