{"id":222139,"date":"2025-07-03T02:46:13","date_gmt":"2025-07-03T02:46:13","guid":{"rendered":"https:\/\/www.europesays.com\/fr\/222139\/"},"modified":"2025-07-03T02:46:13","modified_gmt":"2025-07-03T02:46:13","slug":"braun-pivet-juge-sans-objet-une-demande-de-poursuivre-bayrou-en-justice-pour-faux-temoignage","status":"publish","type":"post","link":"https:\/\/www.europesays.com\/fr\/222139\/","title":{"rendered":"Braun-Pivet juge \u00absans objet\u00bb une demande de poursuivre Bayrou en justice pour faux t\u00e9moignage"},"content":{"rendered":"<p>Les d\u00e9put\u00e9s, dont l\u2019\u00e9lu LFI Paul Vannier, qui ont enqu\u00eat\u00e9 sur les violences en milieu scolaire ont point\u00e9 dans leur rapport publi\u00e9 mercredi un \u00abd\u00e9faut d\u2019action\u00bb de Fran\u00e7ois Bayrou \u00e0 l\u2019\u00e9poque, qui a pu laisser les violences \u00abperdurer\u00bb.<\/p>\n<p class=\"fig-paragraph\">La pr\u00e9sidente de l\u2019Assembl\u00e9e nationale Ya\u00ebl Braun-Pivet a jug\u00e9 mercredi \u00absans objet\u00bb une demande du d\u00e9put\u00e9 LFI Paul Vannier, corapporteur de la commission d\u2019enqu\u00eate sur les violences en milieu scolaire,\u00a0<a href=\"http:\/\/www.lefigaro.fr\/politique\/affaire-betharram-un-depute-lfi-suspecte-trois-personnes-dont-bayrou-de-faux-temoignage-20250626\" target=\"_blank\" data-fig-type=\"NewsFlash\" rel=\"noopener nofollow\" data-gtm-custom-categorie=\"navigation\" data-gtm-custom-action=\"crossclick\" data-gtm-custom-label=\"Contextuel\" data-gtm-event=\"customEventSPE\" data-fig-domain=\"LEFIGARO\">de poursuivre le premier ministre Fran\u00e7ois Bayrou<\/a>\u00a0en justice pour \u00abfaux t\u00e9moignage\u00bb.<\/p>\n<p class=\"fig-paragraph\">La demande de Paul Vannier de saisir \u00e0 cet effet le bureau de l\u2019Assembl\u00e9e nationale \u00abest sans objet\u00bb \u00e9tant donn\u00e9 que la pr\u00e9sidente de la commission d\u2019enqu\u00eate Fatiha Keloua-Hachi (PS) a d\u00e9j\u00e0 \u00abrejet\u00e9 cette demande\u00bb, a \u00e9crit Ya\u00ebl Braun-Pivet dans un communiqu\u00e9. Le bureau de l\u2019Assembl\u00e9e \u00abn\u2019est pas une instance d\u2019appel des d\u00e9cisions des pr\u00e9sidents de commission d\u2019enqu\u00eate\u00bb, a-t-elle ajout\u00e9.<\/p>\n<p>                                    <a class=\"fig-a11y-skip a11y-hidden\" href=\"#fig-a11y-skip-main-inarticle\"><br \/>\n        Passer la publicit\u00e9<br \/>\n    <\/a><\/p>\n<p class=\"fig-paragraph\">Cette commission d\u2019enqu\u00eate parlementaire a \u00e9t\u00e9 lanc\u00e9e apr\u00e8s le scandale du coll\u00e8ge-lyc\u00e9e de B\u00e9tharram (<a href=\"http:\/\/www.lefigaro.fr\/actualite-france\/pyrenees-atlantiques-enquete-ouverte-apres-plusieurs-plaintes-pour-violences-dans-un-college-basque-20250504\" target=\"_blank\" data-fig-type=\"NewsFlash\" rel=\"noopener nofollow\" data-gtm-custom-categorie=\"navigation\" data-gtm-custom-action=\"crossclick\" data-gtm-custom-label=\"Contextuel\" data-gtm-event=\"customEventSPE\" data-fig-domain=\"LEFIGARO\">Pyr\u00e9n\u00e9es-Atlantiques<\/a>), vis\u00e9 par plus de 200 plaintes d\u2019anciens \u00e9l\u00e8ves pour des violences physiques et sexuelles pendant des d\u00e9cennies. Fran\u00e7ois Bayrou \u00e9tait \u00e0 l\u2019\u00e9poque un homme politique influent dans le B\u00e9arn. Il a pr\u00e9sid\u00e9 le d\u00e9partement, en charge de la protection de l\u2019enfance, de 1992 \u00e0 2001, et occup\u00e9 les fonctions de ministre de l\u2019\u00c9ducation nationale de 1993 \u00e0 1997.<\/p>\n<p class=\"fig-paragraph\">Fatiha Keloua-Hachi (PS) avait jug\u00e9 lundi insuffisamment fond\u00e9e la demande de signalements \u00e0 la justice de Paul Vannier (LFI), qui suspectait de \u00abfaux t\u00e9moignages\u00bb devant la commission d\u2019enqu\u00eate trois personnes, dont Fran\u00e7ois Bayrou, dans cette affaire. Elle disait se baser sur \u00abla mat\u00e9rialit\u00e9 des faits et le caract\u00e8re d\u00e9terminant de la d\u00e9position mensong\u00e8re\u00bb, pour \u00e9carter ces demandes de transmission. Paul Vannier avait \u00abregrett\u00e9 qu\u2019elle fasse obstacle \u00e0 cette demande qui visait uniquement \u00e0 saisir l\u2019autorit\u00e9 judiciaire\u00bb, seule \u00e0 m\u00eame \u00abd\u2019appr\u00e9cier sur le fond un faux t\u00e9moignage\u00bb.<\/p>\n","protected":false},"excerpt":{"rendered":"Les d\u00e9put\u00e9s, dont l\u2019\u00e9lu LFI Paul Vannier, qui ont enqu\u00eat\u00e9 sur les violences en milieu scolaire ont point\u00e9&hellip;\n","protected":false},"author":2,"featured_media":222140,"comment_status":"","ping_status":"","sticky":false,"template":"","format":"standard","meta":{"footnotes":""},"categories":[4],"tags":[11,1011,27,431,12,25,6385],"class_list":{"0":"post-222139","1":"post","2":"type-post","3":"status-publish","4":"format-standard","5":"has-post-thumbnail","7":"category-france","8":"tag-actualites","9":"tag-fr","10":"tag-france","11":"tag-francois-bayrou","12":"tag-news","13":"tag-republique-francaise","14":"tag-yael-braun-pivet"},"share_on_mastodon":{"url":"https:\/\/pubeurope.com\/@fr\/114787017279469680","error":""},"_links":{"self":[{"href":"https:\/\/www.europesays.com\/fr\/wp-json\/wp\/v2\/posts\/222139","targetHints":{"allow":["GET"]}}],"collection":[{"href":"https:\/\/www.europesays.com\/fr\/wp-json\/wp\/v2\/posts"}],"about":[{"href":"https:\/\/www.europesays.com\/fr\/wp-json\/wp\/v2\/types\/post"}],"author":[{"embeddable":true,"href":"https:\/\/www.europesays.com\/fr\/wp-json\/wp\/v2\/users\/2"}],"replies":[{"embeddable":true,"href":"https:\/\/www.europesays.com\/fr\/wp-json\/wp\/v2\/comments?post=222139"}],"version-history":[{"count":0,"href":"https:\/\/www.europesays.com\/fr\/wp-json\/wp\/v2\/posts\/222139\/revisions"}],"wp:featuredmedia":[{"embeddable":true,"href":"https:\/\/www.europesays.com\/fr\/wp-json\/wp\/v2\/media\/222140"}],"wp:attachment":[{"href":"https:\/\/www.europesays.com\/fr\/wp-json\/wp\/v2\/media?parent=222139"}],"wp:term":[{"taxonomy":"category","embeddable":true,"href":"https:\/\/www.europesays.com\/fr\/wp-json\/wp\/v2\/categories?post=222139"},{"taxonomy":"post_tag","embeddable":true,"href":"https:\/\/www.europesays.com\/fr\/wp-json\/wp\/v2\/tags?post=222139"}],"curies":[{"name":"wp","href":"https:\/\/api.w.org\/{rel}","templated":true}]}}