{"id":222143,"date":"2025-07-03T02:49:21","date_gmt":"2025-07-03T02:49:21","guid":{"rendered":"https:\/\/www.europesays.com\/fr\/222143\/"},"modified":"2025-07-03T02:49:21","modified_gmt":"2025-07-03T02:49:21","slug":"etienne-en-bresse-venez-tenter-votre-chance-au-loto-venez-tenter-votre-chance-au-loto","status":"publish","type":"post","link":"https:\/\/www.europesays.com\/fr\/222143\/","title":{"rendered":"\u00c9tienne-en-Bresse &#8211; Venez tenter votre chance au loto. Venez tenter votre chance au loto"},"content":{"rendered":"<p class=\"insetTitle\">Saint-\u00c9tienne-en-Bresse &#8211; Venez tenter votre chance au loto<\/p>\n<p>Le Foyer de rencontre et d\u2019animation communale (Frac) ainsi que l\u2019association communale de chasse organisent un loto ce dimanche 6\u00a0juillet, \u00e0 14 heures sous le chapiteau, en face de la salle des f\u00eates \u00e0 Saint-\u00c9tienne-en-Bresse. Dix-huit parties ainsi qu\u2019un bingo seront propos\u00e9s. Le carton\u00a0est \u00e0 5\u00a0\u20ac. Plaques de 6 et 12 cases disponibles. Pour le bingo\u00a0: 2\u00a0\u20ac la partie, 5\u00a0\u20ac les 3 et 10\u00a0\u20ac les 7. Buffet et buvette sur place.<\/p>\n","protected":false},"excerpt":{"rendered":"Saint-\u00c9tienne-en-Bresse &#8211; Venez tenter votre chance au loto Le Foyer de rencontre et d\u2019animation communale (Frac) ainsi que&hellip;\n","protected":false},"author":2,"featured_media":222144,"comment_status":"","ping_status":"","sticky":false,"template":"","format":"standard","meta":{"footnotes":""},"categories":[9653],"tags":[1111,11,2430,1777,674,1011,27,1686,12,25,4001],"class_list":{"0":"post-222143","1":"post","2":"type-post","3":"status-publish","4":"format-standard","5":"has-post-thumbnail","7":"category-saint-etienne","8":"tag-actu","9":"tag-actualites","10":"tag-auvergne-rhone-alpes","11":"tag-eu","12":"tag-europe","13":"tag-fr","14":"tag-france","15":"tag-import-print","16":"tag-news","17":"tag-republique-francaise","18":"tag-saint-etienne"},"share_on_mastodon":{"url":"https:\/\/pubeurope.com\/@fr\/114787029125818692","error":""},"_links":{"self":[{"href":"https:\/\/www.europesays.com\/fr\/wp-json\/wp\/v2\/posts\/222143","targetHints":{"allow":["GET"]}}],"collection":[{"href":"https:\/\/www.europesays.com\/fr\/wp-json\/wp\/v2\/posts"}],"about":[{"href":"https:\/\/www.europesays.com\/fr\/wp-json\/wp\/v2\/types\/post"}],"author":[{"embeddable":true,"href":"https:\/\/www.europesays.com\/fr\/wp-json\/wp\/v2\/users\/2"}],"replies":[{"embeddable":true,"href":"https:\/\/www.europesays.com\/fr\/wp-json\/wp\/v2\/comments?post=222143"}],"version-history":[{"count":0,"href":"https:\/\/www.europesays.com\/fr\/wp-json\/wp\/v2\/posts\/222143\/revisions"}],"wp:featuredmedia":[{"embeddable":true,"href":"https:\/\/www.europesays.com\/fr\/wp-json\/wp\/v2\/media\/222144"}],"wp:attachment":[{"href":"https:\/\/www.europesays.com\/fr\/wp-json\/wp\/v2\/media?parent=222143"}],"wp:term":[{"taxonomy":"category","embeddable":true,"href":"https:\/\/www.europesays.com\/fr\/wp-json\/wp\/v2\/categories?post=222143"},{"taxonomy":"post_tag","embeddable":true,"href":"https:\/\/www.europesays.com\/fr\/wp-json\/wp\/v2\/tags?post=222143"}],"curies":[{"name":"wp","href":"https:\/\/api.w.org\/{rel}","templated":true}]}}