{"id":222159,"date":"2025-07-03T03:03:18","date_gmt":"2025-07-03T03:03:18","guid":{"rendered":"https:\/\/www.europesays.com\/fr\/222159\/"},"modified":"2025-07-03T03:03:18","modified_gmt":"2025-07-03T03:03:18","slug":"les-bains-municipaux-de-strasbourg-rouvrent-ce-jeudi-3-juillet-2025","status":"publish","type":"post","link":"https:\/\/www.europesays.com\/fr\/222159\/","title":{"rendered":"Les Bains municipaux de Strasbourg rouvrent ce jeudi 3 juillet 2025"},"content":{"rendered":"<p>            Par<br \/>\n        <strong><br \/>\n            <a href=\"https:\/\/actu.fr\/auteur\/ivan-capecchi\" title=\"Consulter tous les articles de Ivan CAPECCHI\" rel=\"nofollow noopener\" target=\"_blank\">Ivan CAPECCHI<\/a><br \/>\n        <\/strong><\/p>\n<p>        Publi\u00e9 le<\/p>\n<p>            2 juil. 2025 \u00e0 15h00        <\/p>\n<p>Les <a href=\"https:\/\/actu.fr\/grand-est\/strasbourg_67482\/bains-municipaux-de-strasbourg-la-direction-decide-de-supprimer-les-creneaux-naturistes-reserves-aux-femmes_62248967.html\" rel=\"nofollow noopener\" target=\"_blank\">Bains municipaux de Strasbourg<\/a> vont rouvrir ce jeudi 3 juillet 2025.<\/p>\n<p class=\" wall-content\">L\u2019\u00e9tablissement avait d\u00fb <a href=\"https:\/\/actu.fr\/grand-est\/strasbourg_67482\/strasbourg-pour-cause-de-vidange-annuelle-les-bains-municipaux-vont-devoir-fermer-le-mois-prochain_62661198.html\" rel=\"nofollow noopener\" target=\"_blank\">fermer pour vidange annuelle<\/a>.<\/p>\n<p class=\" wall-content\">De quoi se rafraichir un peu apr\u00e8s cette s\u00e9quence de <a href=\"https:\/\/actu.fr\/meteo\/meteo-canicule-jusqu-a-42-c-en-temperature-ressentie-cette-semaine-pas-loin-du-seuil-dangereux_62843842.html\" rel=\"nofollow noopener\" target=\"_blank\">canicule<\/a>.<\/p>\n<p>Bien-\u00eatre et massages au rendez-vous<\/p>\n<p class=\" wall-content\">\u00ab\u00a0Espace <a href=\"https:\/\/actu.fr\/tag\/bien-etre\" rel=\"nofollow noopener\" target=\"_blank\">bien-\u00eatre<\/a>, bassins, salles de massage, cuisine, <a href=\"https:\/\/actu.fr\/grand-est\/strasbourg_67482\/c-est-enorme-les-bains-municipaux-de-strasbourg-augmentent-de-100-l-abonnement-fitness-annuel_62080286.html\" rel=\"nofollow noopener\" target=\"_blank\">fitness<\/a>\u2026 tout est en place pour vous accueillir !\u00a0\u00bb, annoncent les Bains municipaux de Strasbourg sur leur page Facebook.<\/p>\n<p class=\" wall-content\">L\u2019\u00e9tablissement invite aussi \u00e0 venir \u00ab\u00a0profiter des <a href=\"https:\/\/actu.fr\/tag\/animations\" rel=\"nofollow noopener\" target=\"_blank\">animations<\/a> de l\u2019\u00e9t\u00e9 (d\u00e9gustations de vins, escape game, etc.)\u00a0\u00bb.<\/p>\n<p>Vid\u00e9os : en ce moment sur Actu<\/p>\n<p class=\" wall-content\">Suivez toute l\u2019actualit\u00e9 de vos villes et m\u00e9dias favoris en vous inscrivant \u00e0 <a href=\"https:\/\/moncompte.actu.fr\" title=\"D\u00e9couvez Mon Actu\" rel=\"nofollow noopener\" data-trk=\"{&quot;cta&quot;:{&quot;action&quot;:&quot;https:\\\/\\\/moncompte.actu.fr&quot;,&quot;category&quot;:&quot;mon compte&quot;,&quot;from&quot;:&quot;article footer&quot;,&quot;name&quot;:&quot;Mon actu&quot;,&quot;type&quot;:&quot;cta&quot;}}\" target=\"_blank\">Mon Actu<\/a>.<\/p>\n","protected":false},"excerpt":{"rendered":"Par Ivan CAPECCHI Publi\u00e9 le 2 juil. 2025 \u00e0 15h00 Les Bains municipaux de Strasbourg vont rouvrir ce&hellip;\n","protected":false},"author":2,"featured_media":222160,"comment_status":"","ping_status":"","sticky":false,"template":"","format":"standard","meta":{"footnotes":""},"categories":[2820],"tags":[1111,11,1063,4983,1777,674,1011,27,775,1652,12,25,640],"class_list":{"0":"post-222159","1":"post","2":"type-post","3":"status-publish","4":"format-standard","5":"has-post-thumbnail","7":"category-strasbourg","8":"tag-actu","9":"tag-actualites","10":"tag-animations","11":"tag-bien-etre","12":"tag-eu","13":"tag-europe","14":"tag-fr","15":"tag-france","16":"tag-grand-est","17":"tag-loisirs-culture","18":"tag-news","19":"tag-republique-francaise","20":"tag-strasbourg"},"share_on_mastodon":{"url":"https:\/\/pubeurope.com\/@fr\/114787084144424215","error":""},"_links":{"self":[{"href":"https:\/\/www.europesays.com\/fr\/wp-json\/wp\/v2\/posts\/222159","targetHints":{"allow":["GET"]}}],"collection":[{"href":"https:\/\/www.europesays.com\/fr\/wp-json\/wp\/v2\/posts"}],"about":[{"href":"https:\/\/www.europesays.com\/fr\/wp-json\/wp\/v2\/types\/post"}],"author":[{"embeddable":true,"href":"https:\/\/www.europesays.com\/fr\/wp-json\/wp\/v2\/users\/2"}],"replies":[{"embeddable":true,"href":"https:\/\/www.europesays.com\/fr\/wp-json\/wp\/v2\/comments?post=222159"}],"version-history":[{"count":0,"href":"https:\/\/www.europesays.com\/fr\/wp-json\/wp\/v2\/posts\/222159\/revisions"}],"wp:featuredmedia":[{"embeddable":true,"href":"https:\/\/www.europesays.com\/fr\/wp-json\/wp\/v2\/media\/222160"}],"wp:attachment":[{"href":"https:\/\/www.europesays.com\/fr\/wp-json\/wp\/v2\/media?parent=222159"}],"wp:term":[{"taxonomy":"category","embeddable":true,"href":"https:\/\/www.europesays.com\/fr\/wp-json\/wp\/v2\/categories?post=222159"},{"taxonomy":"post_tag","embeddable":true,"href":"https:\/\/www.europesays.com\/fr\/wp-json\/wp\/v2\/tags?post=222159"}],"curies":[{"name":"wp","href":"https:\/\/api.w.org\/{rel}","templated":true}]}}