{"id":222167,"date":"2025-07-03T03:09:10","date_gmt":"2025-07-03T03:09:10","guid":{"rendered":"https:\/\/www.europesays.com\/fr\/222167\/"},"modified":"2025-07-03T03:09:10","modified_gmt":"2025-07-03T03:09:10","slug":"les-ecolos-sont-preoccupes-par-le-vent-reactionnaire","status":"publish","type":"post","link":"https:\/\/www.europesays.com\/fr\/222167\/","title":{"rendered":"les \u00e9colos sont pr\u00e9occup\u00e9s par le \u00ab vent r\u00e9actionnaire \u00bb"},"content":{"rendered":"<p style=\"text-align: justify;\">l faut d\u2019abord planter le d\u00e9cor. Et commencer par les \u00e9lections municipales de mars 2014. Au premier tour, la \u00ab liste \u00e9cologiste et citoyenne \u00bb conduite par Pascale Chiron arrive en troisi\u00e8me position (13 996 voix, 14,55\u00a0 %), alors que celle dirig\u00e9e par la socialiste Johanna Rolland (\u00ab Nantes a de l\u2019avenir \u00bb) occupe la premi\u00e8re place (33 201 voix, 34,51 %). Une fusion s\u2019impose pour le second tour et \u00ab Nantes a de l\u2019avenir \u00bb (Johanna Rolland) l\u2019emporte facilement (51 990 voix, 56,22 %). Bien s\u00fbr, le niveau de l\u2019abstention est \u00e9lev\u00e9 (46,18 %) mais les \u00e9colos entrent dans le conseil municipal (Pascale Chiron figurait en troisi\u00e8me position) ; ce qui est le plus important pour eux.<\/p>\n<p style=\"text-align: justify;\">Aux \u00e9lections municipales de mars 2020, les \u00e9colos rejouent le coup de la liste autonome au premier tour. Leur liste \u00ab\u00a0Nantes ensemble\u00a0\u00bb conduite par Julie Laernoes occupe encore la troisi\u00e8me place (14\u00a0181 voix, 19,58 %), tandis que celle de Johanna Rolland (\u00ab\u00a0Nantes en confiance\u00a0\u00bb) fait une nouvelle fois la course en t\u00eate (22\u00a0713 voix, 31,36 %). Dans ces conditions, la fusion appara\u00eet obligatoire. La\u00a0 liste emmen\u00e9e par Johanna Rolland (\u00ab\u00a0Ensemble Nantes en confiance\u00a0\u00bb) l\u2019emporte facilement (34\u00a0107 voix, 59,67 %). L\u2019abstention progresse (69,04 %) mais les \u00e9colos (Ronan Dantec, Julie Laernoes, Florian Le Teuff\u2026) font figure de partenaires \u201cstrat\u00e9giques\u201c.<\/p>\n<p style=\"text-align: justify;\">Aujourd\u2019hui, les \u00e9colos pensent \u00e0 mars 2026. Et la question se repose\u00a0: au premier tour, liste autonome ou bien alliance avec Johanna Rolland\u00a0? Pour l\u2019instant, les \u00e9colos bottent en touche. \u00ab\u00a0L\u2019adversaire politique, c\u2019est la droite r\u00e9actionnaire\u00a0\u00bb, souligne Simon Citeau, adjoint en charge des d\u00e9placements doux (Presse Oc\u00e9an, jeudi 19 juin 2025). Marie Vitoux, adjointe en charge de l\u2019\u00e9conomie sociale et solidaire, de la mixit\u00e9, et de la diversit\u00e9 dans l\u2019emploi, fait \u00e9galement dans le flou\u00a0: elle rappelle que le Nouveau front populaire a \u00ab\u00a0soulev\u00e9 une vague d\u2019espoir qui a marqu\u00e9 les esprits \u00e0 gauche. L\u2019attente est \u00e0 ce que la gauche r\u00e9ussisse \u00e0 se mettre d\u2019accord pour faire face au vent r\u00e9actionnaire. \u00bb Et d\u2019ajouter\u00a0: \u00ab\u00a0Vous pouvez compter sur nous pour mettre le temps et l\u2019\u00e9nergie n\u00e9cessaires afin que les forces politiques de gauche se mettent autour de la table.\u00a0\u00bb (Presse Oc\u00e9an, jeudi 19 juin 2025). Voil\u00e0 un parfait exercice de langue de bois. En r\u00e9alit\u00e9, les \u00e9colos lancent les ench\u00e8res\u00a0: qui leur fera la meilleure offre\u00a0? Johanna Rolland ou bien les insoumis\u00a0? N\u2019oublions pas qu\u2019ils ont des jobs \u2013 c\u2019est-\u00e0-dire des indemnit\u00e9s \u2013 \u00e0 sauver\u00a0: adjoints \u00e0 la Ville de Nantes et vice-pr\u00e9sidents \u00e0 Nantes m\u00e9tropole. Comme il est pr\u00e9f\u00e9rable de jouer gagnant, ils attendent de voir ce que donneront les premiers sondages portant sur les intentions de vote. Mais rien n\u2019interdit, en attendant, de se mettre\u00a0 \u00ab\u00a0autour de la table\u00a0\u00bb\u00a0; \u00e7a occupe et \u00e7a permet de montrer aux troupes qu\u2019on fait \u201cquelque chose\u201c\u2026<\/p>\n<p>Bernard Morvan<\/p>\n<p>Illustration : DR<br \/>[cc] Breizh-info.com, 2025, d\u00e9p\u00eaches libres de copie et de diffusion sous r\u00e9serve de mention et de lien vers la source d\u2019origine<\/p>\n","protected":false},"excerpt":{"rendered":"l faut d\u2019abord planter le d\u00e9cor. Et commencer par les \u00e9lections municipales de mars 2014. Au premier tour,&hellip;\n","protected":false},"author":2,"featured_media":222168,"comment_status":"","ping_status":"","sticky":false,"template":"","format":"standard","meta":{"footnotes":""},"categories":[2818],"tags":[1111,11,35352,1777,674,1011,27,6945,36134,766,12,2636,25],"class_list":{"0":"post-222167","1":"post","2":"type-post","3":"status-publish","4":"format-standard","5":"has-post-thumbnail","7":"category-nantes","8":"tag-actu","9":"tag-actualites","10":"tag-ecolos","11":"tag-eu","12":"tag-europe","13":"tag-fr","14":"tag-france","15":"tag-johanna-rolland","16":"tag-julie-laernoes","17":"tag-nantes","18":"tag-news","19":"tag-pays-de-la-loire","20":"tag-republique-francaise"},"share_on_mastodon":{"url":"https:\/\/pubeurope.com\/@fr\/114787107747870569","error":""},"_links":{"self":[{"href":"https:\/\/www.europesays.com\/fr\/wp-json\/wp\/v2\/posts\/222167","targetHints":{"allow":["GET"]}}],"collection":[{"href":"https:\/\/www.europesays.com\/fr\/wp-json\/wp\/v2\/posts"}],"about":[{"href":"https:\/\/www.europesays.com\/fr\/wp-json\/wp\/v2\/types\/post"}],"author":[{"embeddable":true,"href":"https:\/\/www.europesays.com\/fr\/wp-json\/wp\/v2\/users\/2"}],"replies":[{"embeddable":true,"href":"https:\/\/www.europesays.com\/fr\/wp-json\/wp\/v2\/comments?post=222167"}],"version-history":[{"count":0,"href":"https:\/\/www.europesays.com\/fr\/wp-json\/wp\/v2\/posts\/222167\/revisions"}],"wp:featuredmedia":[{"embeddable":true,"href":"https:\/\/www.europesays.com\/fr\/wp-json\/wp\/v2\/media\/222168"}],"wp:attachment":[{"href":"https:\/\/www.europesays.com\/fr\/wp-json\/wp\/v2\/media?parent=222167"}],"wp:term":[{"taxonomy":"category","embeddable":true,"href":"https:\/\/www.europesays.com\/fr\/wp-json\/wp\/v2\/categories?post=222167"},{"taxonomy":"post_tag","embeddable":true,"href":"https:\/\/www.europesays.com\/fr\/wp-json\/wp\/v2\/tags?post=222167"}],"curies":[{"name":"wp","href":"https:\/\/api.w.org\/{rel}","templated":true}]}}