{"id":222175,"date":"2025-07-03T03:13:12","date_gmt":"2025-07-03T03:13:12","guid":{"rendered":"https:\/\/www.europesays.com\/fr\/222175\/"},"modified":"2025-07-03T03:13:12","modified_gmt":"2025-07-03T03:13:12","slug":"pres-de-toulouse-valcopia-devient-le-plus-grand-centre-francais-de-tri-de-dechets","status":"publish","type":"post","link":"https:\/\/www.europesays.com\/fr\/222175\/","title":{"rendered":"Pr\u00e8s de Toulouse, Valcopia devient le plus grand centre fran\u00e7ais de tri de d\u00e9chets"},"content":{"rendered":"<p>&#13;<br \/>\n\tValcopia, c\u2019est le nom de <a href=\"https:\/\/www.usinenouvelle.com\/article\/paprec-retenu-pour-le-nouveau-centre-de-tri-des-dechets-menagers-de-toulouse.N2155442\" target=\"_blank\" rel=\"noopener\">la nouvelle usine bas\u00e9e \u00e0 Bessi\u00e8res<\/a> (Haute-Garonne), qui est d\u00e9sormais le plus grand centre fran\u00e7ais de tri des d\u00e9chets m\u00e9nagers et recyclables, avec une capacit\u00e9 de traitement de 68000 tonnes par an.<\/p>\n<p>&#13;<br \/>\n\t53 millions d\u2019euros d\u2019investissement<\/p>\n<p>&#13;<br \/>\n\tInaugur\u00e9e par Paprec et le syndicat mixte de la Haute-Garonne Decoset, le 2 juillet 2025, Valcopia, qui comprend un b\u00e2timent industriel de 11900 m\u00b2 &#13;<br \/>\n\t&#13;<br \/>\n\tet un b\u00e2timent administratif de 1300 m\u00b2, repr\u00e9sente un investissement de 53 millions d\u2019euros de la collectivit\u00e9. Situ\u00e9e \u00e0 une trentaine de kilom\u00e8tres au nord-est de Toulouse, Valcopia remplace, \u00e0 elle seule, \u00abdeux centres de tri devenus obsol\u00e8tes, \u00e0 Toulouse et Bessi\u00e8res\u00bb, comme le souligne le communiqu\u00e9. L\u2019objectif est de pouvoir traiter les d\u00e9chets d\u2019un million d\u2019habitants, \u00abdont ceux de Toulouse M\u00e9tropole et des huit collectivit\u00e9s du nord de la Haute-Garonne, regroup\u00e9es au sein de Decoset (153 communes, au total)\u00bb, toujours selon le communiqu\u00e9 officiel.<\/p>\n<p>&#13;<br \/>\n\tAssurer une captation optimale des mati\u00e8res<\/p>\n<p>&#13;<br \/>\n\tEn termes de performance et de technologie, cette infrastructure proposera \u00abdes taux de recyclage sup\u00e9rieurs \u00e0 92%\u00bb, et aura recours \u00e0 l\u2019intelligence artificielle, afin de garantir \u00abune captation optimale des mati\u00e8res, gr\u00e2ce \u00e0 ses 21 trieurs optiques et 14 \u00e9quipements\u00bb, souligne le communiqu\u00e9. Dans la r\u00e9gion Occitanie, Paprec dispose d\u00e9sormais de 21 agences et traite 17 millions de tonnes de d\u00e9chets par an. Au total, le groupe exploite 33 centres de tri en France, et traite pr\u00e8s d\u2019un million de tonnes de d\u00e9chets m\u00e9nagers par an, ce qui \u00e9quivaut \u00e0 la poubelle jaune d\u2019un Fran\u00e7ais sur trois.<\/p>\n<p class=\"editoTitleType1 editoTitleType1--lagoon is-uppercase\">S\u00e9lectionn\u00e9 <b>pour vous<\/b><\/p>\n<p>                                                                            <a class=\"editoCardType21__link editoCardType21__containerImage\" href=\"https:\/\/www.usinenouvelle.com\/article\/la-start-up-hyliko-inaugure-sa-ligne-pilote-de-poids-lourds-hydrogene-pres-de-lyon.N2234545\" data-xiti-name=\"2234545\" target=\"_blank\" rel=\"noopener\"><\/p>\n<p>                                                                                                                                                    <img decoding=\"async\" src=\"data:image\/gif;base64,R0lGODdhAQABAPAAAMPDwwAAACwAAAAAAQABAAACAkQBADs=\" data-original=\"\/mediatheque\/9\/0\/9\/001528909_256x170_c.jpg\" alt=\"La start-up Hyliko inaugure une ligne pilote de r\u00e9trofit de poids lourds hydrog\u00e8ne, pr\u00e8s de Lyon\"\/><\/p>\n<p>                            <\/a><\/p>\n","protected":false},"excerpt":{"rendered":"&#13; Valcopia, c\u2019est le nom de la nouvelle usine bas\u00e9e \u00e0 Bessi\u00e8res (Haute-Garonne), qui est d\u00e9sormais le plus&hellip;\n","protected":false},"author":2,"featured_media":222176,"comment_status":"","ping_status":"","sticky":false,"template":"","format":"standard","meta":{"footnotes":""},"categories":[2816],"tags":[1111,11,1777,674,1011,27,2722,7938,14883,12,2680,18854,4969,4970,25,2312],"class_list":{"0":"post-222175","1":"post","2":"type-post","3":"status-publish","4":"format-standard","5":"has-post-thumbnail","7":"category-toulouse","8":"tag-actu","9":"tag-actualites","10":"tag-eu","11":"tag-europe","12":"tag-fr","13":"tag-france","14":"tag-haute-garonne","15":"tag-inauguration","16":"tag-made-in-france","17":"tag-news","18":"tag-occitanie","19":"tag-quotidien-des-usines","20":"tag-recyclage-dechets","21":"tag-recyclage-et-services","22":"tag-republique-francaise","23":"tag-toulouse"},"share_on_mastodon":{"url":"https:\/\/pubeurope.com\/@fr\/114787123451602482","error":""},"_links":{"self":[{"href":"https:\/\/www.europesays.com\/fr\/wp-json\/wp\/v2\/posts\/222175","targetHints":{"allow":["GET"]}}],"collection":[{"href":"https:\/\/www.europesays.com\/fr\/wp-json\/wp\/v2\/posts"}],"about":[{"href":"https:\/\/www.europesays.com\/fr\/wp-json\/wp\/v2\/types\/post"}],"author":[{"embeddable":true,"href":"https:\/\/www.europesays.com\/fr\/wp-json\/wp\/v2\/users\/2"}],"replies":[{"embeddable":true,"href":"https:\/\/www.europesays.com\/fr\/wp-json\/wp\/v2\/comments?post=222175"}],"version-history":[{"count":0,"href":"https:\/\/www.europesays.com\/fr\/wp-json\/wp\/v2\/posts\/222175\/revisions"}],"wp:featuredmedia":[{"embeddable":true,"href":"https:\/\/www.europesays.com\/fr\/wp-json\/wp\/v2\/media\/222176"}],"wp:attachment":[{"href":"https:\/\/www.europesays.com\/fr\/wp-json\/wp\/v2\/media?parent=222175"}],"wp:term":[{"taxonomy":"category","embeddable":true,"href":"https:\/\/www.europesays.com\/fr\/wp-json\/wp\/v2\/categories?post=222175"},{"taxonomy":"post_tag","embeddable":true,"href":"https:\/\/www.europesays.com\/fr\/wp-json\/wp\/v2\/tags?post=222175"}],"curies":[{"name":"wp","href":"https:\/\/api.w.org\/{rel}","templated":true}]}}