{"id":222177,"date":"2025-07-03T03:14:30","date_gmt":"2025-07-03T03:14:30","guid":{"rendered":"https:\/\/www.europesays.com\/fr\/222177\/"},"modified":"2025-07-03T03:14:30","modified_gmt":"2025-07-03T03:14:30","slug":"la-circulation-du-tramway-sera-interrompue-du-07-juillet-au-31-aout-2025","status":"publish","type":"post","link":"https:\/\/www.europesays.com\/fr\/222177\/","title":{"rendered":"La circulation du tramway sera interrompue du 07 juillet au 31 ao\u00fbt 2025"},"content":{"rendered":"<p style=\"text-align: justify;\">Des <strong>travaux de mise en conformit\u00e9<\/strong> et de <strong>r\u00e9novation des quais<\/strong> et <strong>infrastructures du tramway<\/strong> auront lieu <strong>cet \u00e9t\u00e9, <\/strong>du <strong>07 juillet au 31 ao\u00fbt 2025.<\/strong> <strong>Pendant toute la dur\u00e9e du chantier,<\/strong> <strong>la circulation du tramway sera interrompue sur l\u2019ensemble du r\u00e9seau. <\/strong>Des <strong>bus relais<\/strong> assureront la <strong>continuit\u00e9 du service<\/strong> aux <strong>m\u00eames amplitudes que le tramway. <\/strong>Le <strong>trafic reprendra normalement<\/strong> \u00e0 partir du<strong> lundi 01 septembre 2025.<\/strong><\/p>\n<p><strong>Une \u00e9tape d\u00e9cisive pour moderniser le r\u00e9seau avant l\u2019arriv\u00e9e du nouveau tramway en 2026<\/strong><\/p>\n<p style=\"text-align: justify;\"><strong>Durant l\u2019\u00e9t\u00e9 2025, <\/strong>le <strong>r\u00e9seau tramway de la m\u00e9tropole lilloise conna\u00eetra une interruption compl\u00e8te de son service, du 7 juillet au 31 ao\u00fbt 2025,<\/strong> afin de permettre la <strong>r\u00e9alisation d\u2019un chantier exceptionnel.<\/strong> <strong>Cette phase<\/strong> constitue <strong>une \u00e9tape majeure du programme de modernisation<\/strong> engag\u00e9 par <strong>Il\u00e9via<\/strong> <strong>depuis 2023, en pr\u00e9paration de l\u2019arriv\u00e9e du nouveau mat\u00e9riel roulant<\/strong> pr\u00e9vue pour <strong>2026.<\/strong><\/p>\n<p style=\"text-align: justify;\"><strong>Pendant huit semaines,<\/strong> <strong>l\u2019ensemble du r\u00e9seau<\/strong> sera <strong>transform\u00e9 \u00e0 travers des interventions coordonn\u00e9es <\/strong>qui visent \u00e0 <strong>rendre le tramway plus moderne, plus s\u00fbr <\/strong>et<strong> plus accessible \u00e0 toutes et tous.<\/strong> Les quais seront<strong> enti\u00e8rement r\u00e9nov\u00e9s<\/strong> pour <strong>accueillir les futures rames,<\/strong> <strong>plus longues<\/strong> et <strong>plus capacitaires,<\/strong> tout en <strong>garantissant un meilleur confort<\/strong> et <strong>une accessibilit\u00e9 renforc\u00e9e pour l\u2019ensemble des voyageurs.<\/strong> En parall\u00e8le, <strong>un vaste chantier de renouvellement de voie sera men\u00e9,<\/strong> avec le <strong>remplacement de 4 000 m\u00e8tres lin\u00e9aires de rails <\/strong>et de <strong>12 000 traverses <\/strong>sur <strong>7 kilom\u00e8tres de voies ballast\u00e9es, <\/strong>notamment sur la <strong>branche Roubaix.<\/strong><\/p>\n<p style=\"text-align: justify;\">La <strong>s\u00e9curit\u00e9 <\/strong>et la <strong>performance du r\u00e9seau<\/strong> seront \u00e9galement <strong>renforc\u00e9es gr\u00e2ce \u00e0 la modernisation de l\u2019alimentation \u00e9lectrique : dix pyl\u00f4nes<\/strong> seron<strong>t d\u00e9plac\u00e9s<\/strong> et <strong>plus de 500 consoles de cat\u00e9naires<\/strong> seront r<strong>enouvel\u00e9es<\/strong> afin <strong>d\u2019anticiper les besoins des futures rames.<\/strong><\/p>\n<p style=\"text-align: justify;\">Enfin, cette op\u00e9ration s\u2019accompagnera <strong>d\u2019interventions compl\u00e9mentaires<\/strong> qui participeront \u00e0 <strong>am\u00e9liorer l\u2019environnement<\/strong> et <strong>l\u2019exp\u00e9rience voyageurs, <\/strong>avec la <strong>v\u00e9g\u00e9talisation de quatre stations<\/strong> et<strong> l\u2019adaptation de la signalisation aux terminus du tramway.<\/strong><\/p>\n<p><strong>Une offre de substitution pour limiter l\u2019impact sur les d\u00e9placements des voyageurs<\/strong><\/p>\n<p style=\"text-align: justify;\"><strong>Afin de limiter au maximum l\u2019impact de l\u2019interruption du tramway sur les d\u00e9placements,<\/strong> <strong>Il\u00e9via <\/strong>met en place <strong>une offre de substitution compl\u00e8te,<\/strong> pens\u00e9e pour<strong> assurer la continuit\u00e9 du service<\/strong> et <strong>accompagner les voyageurs au quotidien.<\/strong><\/p>\n<p style=\"text-align: justify;\">Des <strong>bus relais circuleront sur l\u2019ensemble du trac\u00e9,<\/strong> <strong>du 07 juillet au 31 ao\u00fbt 2025,<\/strong> avec <strong>une fr\u00e9quence \u00e9quivalente \u00e0 celle du tramway.<\/strong> <strong>Ces bus<\/strong> <strong>emprunteront un itin\u00e9raire parall\u00e8le aux voies du tramway,<\/strong> <strong>desservant toutes les stations,<\/strong> <strong>\u00e0 l\u2019exception<\/strong> des<strong> stations Gare Lille Europe<\/strong> et<strong> Jean Moulin, <\/strong>pour des <strong>raisons de s\u00e9curit\u00e9.<\/strong> <strong>Certains arr\u00eats<\/strong> seront <strong>l\u00e9g\u00e8rement d\u00e9plac\u00e9s,<\/strong> comme <strong>Faidherbe<\/strong> (en direction de Lille), <strong>la Marque <\/strong>et <strong>Planche \u00c9pinoy<\/strong> (en direction de Roubaix).<\/p>\n<p style=\"text-align: justify;\">Il est important de noter que, <strong>malgr\u00e9 des amplitudes horaires identiques \u00e0 celles du tramway,<\/strong> la <strong>dur\u00e9e des trajets pourra \u00eatre allong\u00e9e <\/strong>en fonction des <strong>conditions de circulation.<\/strong> Les <strong>voyageurs <\/strong>sont donc <strong>invit\u00e9s \u00e0 anticiper leurs d\u00e9placements.<\/strong><\/p>\n<p style=\"text-align: justify;\">En compl\u00e9ment, la <strong>r\u00e9gulation du service V\u2019lille<\/strong> sera <strong>renforc\u00e9e pour am\u00e9liorer la disponibilit\u00e9 des V\u2019lille<\/strong><br \/>afin de<strong> faciliter les d\u00e9placements des voyageurs.<\/strong> Le <strong>r\u00e9seau m\u00e9tro,<\/strong> notamment la<strong> ligne 2<\/strong> <strong>accessible depuis Tourcoing Centre, Roubaix Eurot\u00e9l\u00e9port<\/strong> et<strong> Wasquehal Pav\u00e9 de Lille,<\/strong> offre \u00e9galement <strong>une solution pour rejoindre le centre de Lille<\/strong> (Gare Lille Flandres).<\/p>\n<p style=\"text-align: justify;\">Les <strong>usagers d\u00e9tenteurs d\u2019une carte Pass Pass<\/strong> peuvent \u00e9galement<strong> voyager en<\/strong><strong> TE<\/strong><strong>R sur le territoire de la MEL,<\/strong> via leur <strong>abonnement il\u00e9via<\/strong> ou <strong>en chargeant un trajet unitaire \u00e0 1,80\u20ac sur leur carte,<\/strong> et en <strong>correspondance <\/strong>avec le<strong> tram,<\/strong> le <strong>bus <\/strong>et le<strong> m\u00e9tro.<\/strong> Le <strong>r\u00e9seau bus d\u2019il\u00e9via fonctionnera normalement pendant la p\u00e9riode des travaux.<\/strong><\/p>\n<p style=\"text-align: justify;\">Par ailleurs, <strong>un dispositif d\u2019accompagnement renforc\u00e9 sera d\u00e9ploy\u00e9 sur le terrain : <\/strong>des <strong>agents Il\u00e9via <\/strong>seront <strong>mobilis\u00e9s tout l\u2019\u00e9t\u00e9<\/strong> pour<strong> informer<\/strong> et <strong>orienter les usagers,<\/strong> et un <strong>affichage sp\u00e9cifique<\/strong> sera <strong>mis en place aux arr\u00eats<\/strong> (plans, itin\u00e9raires recommand\u00e9s, jalonnement pi\u00e9ton\u2026).<\/p>\n<p style=\"text-align: justify;\">Enfin, les<strong> voyageurs en situation de handicap <\/strong>sont invit\u00e9s <strong>\u00e0 pr\u00e9parer leurs trajets avec le service Handipole,<\/strong> <strong>certains arr\u00eats provisoires <\/strong>des<strong> bus relais n\u2019\u00e9tant pas accessibles aux fauteuils roulants ou aux personnes \u00e0 mobilit\u00e9 r\u00e9duite.<\/strong><\/p>\n<p><strong>La reprise normale du service est pr\u00e9vue le 01 septembre 2025.<\/strong><\/p>\n<p style=\"text-align: justify;\">Durant la <strong>p\u00e9riode des travaux,<\/strong> <strong>du 07 juillet au 31 ao\u00fbt 2025,<\/strong> <strong>il\u00e9via <\/strong>invite les <strong>voyageurs \u00e0 consulter l\u2019info trafic en temps r\u00e9el,<\/strong> sur<strong> l\u2019application \u00ab il\u00e9via \u00bb<\/strong> ou sur le<strong> <a href=\"https:\/\/www.ilevia.fr\/\" target=\"_blank\" rel=\"noreferrer noopener nofollow\">site ilevia.fr.<\/a><\/strong><\/p>\n<p class=\"has-text-align-right\">Source : Il\u00e9via \u2013 Photo : \u00a9 Zoom Sur Lille<\/p>\n","protected":false},"excerpt":{"rendered":"Des travaux de mise en conformit\u00e9 et de r\u00e9novation des quais et infrastructures du tramway auront lieu cet&hellip;\n","protected":false},"author":2,"featured_media":222178,"comment_status":"","ping_status":"","sticky":false,"template":"","format":"standard","meta":{"footnotes":""},"categories":[2815],"tags":[1111,11,17545,1777,674,1011,27,811,33953,1307,12,25,7940,11719,4109,2086],"class_list":{"0":"post-222177","1":"post","2":"type-post","3":"status-publish","4":"format-standard","5":"has-post-thumbnail","7":"category-lille","8":"tag-actu","9":"tag-actualites","10":"tag-ete-2025","11":"tag-eu","12":"tag-europe","13":"tag-fr","14":"tag-france","15":"tag-hauts-de-france","16":"tag-interruption","17":"tag-lille","18":"tag-news","19":"tag-republique-francaise","20":"tag-roubaix","21":"tag-tourcoing","22":"tag-tramway","23":"tag-travaux"},"share_on_mastodon":{"url":"https:\/\/pubeurope.com\/@fr\/114787127554212165","error":""},"_links":{"self":[{"href":"https:\/\/www.europesays.com\/fr\/wp-json\/wp\/v2\/posts\/222177","targetHints":{"allow":["GET"]}}],"collection":[{"href":"https:\/\/www.europesays.com\/fr\/wp-json\/wp\/v2\/posts"}],"about":[{"href":"https:\/\/www.europesays.com\/fr\/wp-json\/wp\/v2\/types\/post"}],"author":[{"embeddable":true,"href":"https:\/\/www.europesays.com\/fr\/wp-json\/wp\/v2\/users\/2"}],"replies":[{"embeddable":true,"href":"https:\/\/www.europesays.com\/fr\/wp-json\/wp\/v2\/comments?post=222177"}],"version-history":[{"count":0,"href":"https:\/\/www.europesays.com\/fr\/wp-json\/wp\/v2\/posts\/222177\/revisions"}],"wp:featuredmedia":[{"embeddable":true,"href":"https:\/\/www.europesays.com\/fr\/wp-json\/wp\/v2\/media\/222178"}],"wp:attachment":[{"href":"https:\/\/www.europesays.com\/fr\/wp-json\/wp\/v2\/media?parent=222177"}],"wp:term":[{"taxonomy":"category","embeddable":true,"href":"https:\/\/www.europesays.com\/fr\/wp-json\/wp\/v2\/categories?post=222177"},{"taxonomy":"post_tag","embeddable":true,"href":"https:\/\/www.europesays.com\/fr\/wp-json\/wp\/v2\/tags?post=222177"}],"curies":[{"name":"wp","href":"https:\/\/api.w.org\/{rel}","templated":true}]}}