{"id":222184,"date":"2025-07-03T03:18:15","date_gmt":"2025-07-03T03:18:15","guid":{"rendered":"https:\/\/www.europesays.com\/fr\/222184\/"},"modified":"2025-07-03T03:18:15","modified_gmt":"2025-07-03T03:18:15","slug":"la-presence-dun-pesticide-interdit-en-france-sur-un-site-basf-confirmee-lors-dune-inspection","status":"publish","type":"post","link":"https:\/\/www.europesays.com\/fr\/222184\/","title":{"rendered":"La pr\u00e9sence d&rsquo;un pesticide interdit en France sur un site BASF confirm\u00e9e lors d&rsquo;une inspection"},"content":{"rendered":"<p class=\"rev-margin-0 rev-text-xs-normal\">Un insecticide interdit en France a \u00e9t\u00e9 retrouv\u00e9 sur le site du g\u00e9ant allemand de la chimie BASF \u00e0 Genay, pr\u00e8s de Lyon<\/p>\n<p class=\"rev-margin-0 rev-text-xs-bold\">PHOTO AFP \/ DANIEL ROLAND, &#8211;<\/p>\n<p>\u00ab\u00a0L&rsquo;inspection proposera tr\u00e8s prochainement \u00e0 la Pr\u00e9f\u00e8te du Rh\u00f4ne les suites administratives \u00e0 cette inspection\u00a0\u00bb, ajoutent les services de l&rsquo;Etat.<\/p>\n<p>Le collectif de militants \u00e9cologistes des \u00ab\u00a0Faucheuses et faucheurs volontaires d&rsquo;OGM\u00a0\u00bb avait affirm\u00e9 avoir d\u00e9couvert le 23 juin dans les locaux de BASF \u00ab\u00a0un stock du pesticide Fastac, interdit en France, ainsi que sa substance active, l&rsquo;alpha-cyperm\u00e9thrine, interdite dans toute l&rsquo;Union Europ\u00e9enne\u00a0\u00bb.<\/p>\n<p>BASF avait assur\u00e9 agir \u00ab\u00a0toujours en conformit\u00e9 avec les r\u00e9glementations europ\u00e9ennes et nationales ainsi qu&rsquo;avec les lois sur l&rsquo;exportation\u00a0\u00bb, notamment dans son site de Genay.<\/p>\n<p>Le minist\u00e8re de la Transition \u00e9cologique avait demand\u00e9 une inspection du site pour v\u00e9rifier les affirmations des \u00e9cologistes. Le contr\u00f4le a \u00e9t\u00e9 r\u00e9alis\u00e9 le 30 juin par l&rsquo;inspection des installations class\u00e9es de la Direction r\u00e9gionale de l&rsquo;environnement, de l&rsquo;am\u00e9nagement et du logement (DREAL). <\/p>\n<p>\u00ab\u00a0Cette inspection a permis de confirmer la production et la pr\u00e9sence de stocks de produit phyto-pharmaceutique +Fastac+ contenant de l&rsquo;alpha-cyperm\u00e9thrine, destin\u00e9 \u00e0 l&rsquo;export, ce qui est interdit par la loi EGALIM\u00a0\u00bb, indique la pr\u00e9fecture du Rh\u00f4ne.<\/p>\n<p>Selon le minist\u00e8re, cette loi interdit depuis 2022 \u00ab\u00a0la production, le stockage et la circulation en France\u00a0\u00bb de ce produit. Mais la fabrication ou l&rsquo;importation de l&rsquo;alpha-cyperm\u00e9thrine seule \u00ab\u00a0\u00e0 des fins non phytosanitaires (par exemple biocides ou produits v\u00e9t\u00e9rinaires), reste possible, sous r\u00e9serve du respect des r\u00e9glementations applicables\u00a0\u00bb.<\/p>\n","protected":false},"excerpt":{"rendered":"Un insecticide interdit en France a \u00e9t\u00e9 retrouv\u00e9 sur le site du g\u00e9ant allemand de la chimie BASF&hellip;\n","protected":false},"author":2,"featured_media":222185,"comment_status":"","ping_status":"","sticky":false,"template":"","format":"standard","meta":{"footnotes":""},"categories":[1889],"tags":[17,1111,11,2430,2837,1777,674,1011,27,329,11648,2428,12,36135,15492,25,13269,3356],"class_list":{"0":"post-222184","1":"post","2":"type-post","3":"status-publish","4":"format-standard","5":"has-post-thumbnail","7":"category-lyon","8":"tag-17","9":"tag-actu","10":"tag-actualites","11":"tag-auvergne-rhone-alpes","12":"tag-dun","13":"tag-eu","14":"tag-europe","15":"tag-fr","16":"tag-france","17":"tag-france-monde","18":"tag-interdit","19":"tag-lyon","20":"tag-news","21":"tag-pesticide","22":"tag-presence","23":"tag-republique-francaise","24":"tag-site","25":"tag-sur"},"share_on_mastodon":{"url":"https:\/\/pubeurope.com\/@fr\/114787143114389188","error":""},"_links":{"self":[{"href":"https:\/\/www.europesays.com\/fr\/wp-json\/wp\/v2\/posts\/222184","targetHints":{"allow":["GET"]}}],"collection":[{"href":"https:\/\/www.europesays.com\/fr\/wp-json\/wp\/v2\/posts"}],"about":[{"href":"https:\/\/www.europesays.com\/fr\/wp-json\/wp\/v2\/types\/post"}],"author":[{"embeddable":true,"href":"https:\/\/www.europesays.com\/fr\/wp-json\/wp\/v2\/users\/2"}],"replies":[{"embeddable":true,"href":"https:\/\/www.europesays.com\/fr\/wp-json\/wp\/v2\/comments?post=222184"}],"version-history":[{"count":0,"href":"https:\/\/www.europesays.com\/fr\/wp-json\/wp\/v2\/posts\/222184\/revisions"}],"wp:featuredmedia":[{"embeddable":true,"href":"https:\/\/www.europesays.com\/fr\/wp-json\/wp\/v2\/media\/222185"}],"wp:attachment":[{"href":"https:\/\/www.europesays.com\/fr\/wp-json\/wp\/v2\/media?parent=222184"}],"wp:term":[{"taxonomy":"category","embeddable":true,"href":"https:\/\/www.europesays.com\/fr\/wp-json\/wp\/v2\/categories?post=222184"},{"taxonomy":"post_tag","embeddable":true,"href":"https:\/\/www.europesays.com\/fr\/wp-json\/wp\/v2\/tags?post=222184"}],"curies":[{"name":"wp","href":"https:\/\/api.w.org\/{rel}","templated":true}]}}