{"id":222188,"date":"2025-07-03T03:21:24","date_gmt":"2025-07-03T03:21:24","guid":{"rendered":"https:\/\/www.europesays.com\/fr\/222188\/"},"modified":"2025-07-03T03:21:24","modified_gmt":"2025-07-03T03:21:24","slug":"canicule-et-pollution-forfait-transports-380-euros-et-covoiturage-offert","status":"publish","type":"post","link":"https:\/\/www.europesays.com\/fr\/222188\/","title":{"rendered":"Canicule et pollution : forfait transports 3,80 euros et covoiturage offert"},"content":{"rendered":"<p><img loading=\"lazy\" decoding=\"async\" alt=\"\u00a9 Shutterstock - \u00cele-de-France Mobilit\u00e9s active son forfait antipollution et rend le covoiturage gratuit mardi, en r\u00e9ponse \u00e0 la vigilance rouge et aux pics d\u2019ozone.\" data-zoom-src=\"https:\/\/www.europesays.com\/fr\/wp-content\/uploads\/2025\/07\/initial-metro-paris.jpg\" data-zoomable=\"\" height=\"702\" src=\"https:\/\/www.europesays.com\/fr\/wp-content\/uploads\/2025\/07\/initial-metro-paris.jpg\" width=\"1248\"\/>  <\/p>\n<p class=\"article-desc\">\u00a9 Shutterstock &#8211; \u00cele-de-France Mobilit\u00e9s active son forfait antipollution et rend le covoiturage gratuit mardi, en r\u00e9ponse \u00e0 la vigilance rouge et aux pics d\u2019ozone. <\/p>\n<p>Face \u00e0 la <a href=\"https:\/\/mesinfos.fr\/canicule-vigilance-rouge-dans-16-departements-ce-que-ca-change-225568.html\" rel=\"noopener\" target=\"_blank\">canicule exceptionnelle<\/a> qui touche l\u2019\u00cele-de-France et \u00e0 l\u2019\u00e9pisode de<a href=\"https:\/\/mesinfos.fr\/ile-de-france\/pollution-en-ile-de-france-8-000-morts-evitables-chaque-annee-220265.html\" rel=\"noopener\" target=\"_blank\"> pollution \u00e0 l\u2019ozone<\/a> qui s\u2019y ajoute, <strong>\u00cele-de-France Mobilit\u00e9s<\/strong> d\u00e9clenche le <strong>forfait antipollution<\/strong> pour la journ\u00e9e du mardi 1er juillet. Ce titre sp\u00e9cial permet aux usagers de voyager de mani\u00e8re illimit\u00e9e sur l\u2019ensemble du r\u00e9seau de transports en commun francilien (m\u00e9tro, RER, bus, tram) pour un <strong>tarif unique de 3,80\u202f\u20ac<\/strong>, de 5h du matin \u00e0 3h le lendemain. <\/p>\n<p>Ce forfait est disponible en vente le jour m\u00eame aux guichets, automates, et via l\u2019application \u00cele-de-France Mobilit\u00e9s, ainsi que sur les passes Navigo. Il exclut cependant certaines lignes touristiques et dessertes a\u00e9roportuaires priv\u00e9es (comme Orlyval ou les navettes VEA Disney), tout en maintenant un acc\u00e8s aux a\u00e9roports via le RER B, Roissybus, Fil\u00e9o, Orlybus ou Orlyrail. <\/p>\n<p>Covoiturage gratuit et aide renforc\u00e9e aux conducteurs <\/p>\n<p>\u00cele-de-France Mobilit\u00e9s \u00e9tend \u00e9galement \u00e0 tous les Franciliens, sans conditions de ressources, la <strong>gratuit\u00e9 du covoiturage<\/strong> \u00e0 hauteur de <strong>deux trajets par jour <\/strong>pour des distances de moins de 30 km. Cette offre est accessible sur le <strong>site et l\u2019application \u00cele-de-France Mobilit\u00e9s<\/strong>.<\/p>\n<p>En parall\u00e8le, l\u2019<strong>aide financi\u00e8re accord\u00e9e aux conducteurs pratiquant le covoiturage est augment\u00e9e de 50 %<\/strong> pendant toute la dur\u00e9e de l\u2019\u00e9pisode de pollution. Une mani\u00e8re d\u2019encourager des pratiques plus durables tout en r\u00e9duisant la circulation automobile dans les zones les plus touch\u00e9es. <\/p>\n<p>Circulation diff\u00e9renci\u00e9e et restrictions renforc\u00e9es <\/p>\n<p>Le<strong> pr\u00e9fet de police<\/strong> a par ailleurs annonc\u00e9 une circulation diff\u00e9renci\u00e9e mardi sur le p\u00e9rim\u00e8tre d\u00e9limit\u00e9 par l\u2019A86. Seuls les v\u00e9hicules munis de vignettes Crit\u2019Air 0, 1 et 2 pourront y circuler. Les poids lourds de plus de 3,5 tonnes devront contourner la r\u00e9gion par la rocade francilienne. <\/p>\n<p>Les <strong>vitesses maximales sont r\u00e9duites de 20 km\/h<\/strong> sur les grands axes, et plusieurs activit\u00e9s \u00e9mettrices de compos\u00e9s organiques volatils (peintures, solvants, groupes \u00e9lectrog\u00e8nes) sont \u00e9galement interdites. Ces mesures s\u2019ajoutent aux appels r\u00e9p\u00e9t\u00e9s \u00e0 privil\u00e9gier le t\u00e9l\u00e9travail, les mobilit\u00e9s douces et \u00e0 adopter les bons r\u00e9flexes en p\u00e9riode de forte chaleur.<\/p>\n","protected":false},"excerpt":{"rendered":"\u00a9 Shutterstock &#8211; \u00cele-de-France Mobilit\u00e9s active son forfait antipollution et rend le covoiturage gratuit mardi, en r\u00e9ponse \u00e0&hellip;\n","protected":false},"author":2,"featured_media":222189,"comment_status":"","ping_status":"","sticky":false,"template":"","format":"standard","meta":{"footnotes":""},"categories":[1592],"tags":[1111,11,6698,1777,674,1011,27,662,12,626,1800,25],"class_list":{"0":"post-222188","1":"post","2":"type-post","3":"status-publish","4":"format-standard","5":"has-post-thumbnail","7":"category-ile-de-france","8":"tag-actu","9":"tag-actualites","10":"tag-canicule","11":"tag-eu","12":"tag-europe","13":"tag-fr","14":"tag-france","15":"tag-ile-de-france","16":"tag-news","17":"tag-paris","18":"tag-pollution","19":"tag-republique-francaise"},"share_on_mastodon":{"url":"https:\/\/pubeurope.com\/@fr\/114787154926444772","error":""},"_links":{"self":[{"href":"https:\/\/www.europesays.com\/fr\/wp-json\/wp\/v2\/posts\/222188","targetHints":{"allow":["GET"]}}],"collection":[{"href":"https:\/\/www.europesays.com\/fr\/wp-json\/wp\/v2\/posts"}],"about":[{"href":"https:\/\/www.europesays.com\/fr\/wp-json\/wp\/v2\/types\/post"}],"author":[{"embeddable":true,"href":"https:\/\/www.europesays.com\/fr\/wp-json\/wp\/v2\/users\/2"}],"replies":[{"embeddable":true,"href":"https:\/\/www.europesays.com\/fr\/wp-json\/wp\/v2\/comments?post=222188"}],"version-history":[{"count":0,"href":"https:\/\/www.europesays.com\/fr\/wp-json\/wp\/v2\/posts\/222188\/revisions"}],"wp:featuredmedia":[{"embeddable":true,"href":"https:\/\/www.europesays.com\/fr\/wp-json\/wp\/v2\/media\/222189"}],"wp:attachment":[{"href":"https:\/\/www.europesays.com\/fr\/wp-json\/wp\/v2\/media?parent=222188"}],"wp:term":[{"taxonomy":"category","embeddable":true,"href":"https:\/\/www.europesays.com\/fr\/wp-json\/wp\/v2\/categories?post=222188"},{"taxonomy":"post_tag","embeddable":true,"href":"https:\/\/www.europesays.com\/fr\/wp-json\/wp\/v2\/tags?post=222188"}],"curies":[{"name":"wp","href":"https:\/\/api.w.org\/{rel}","templated":true}]}}