{"id":222198,"date":"2025-07-03T03:26:11","date_gmt":"2025-07-03T03:26:11","guid":{"rendered":"https:\/\/www.europesays.com\/fr\/222198\/"},"modified":"2025-07-03T03:26:11","modified_gmt":"2025-07-03T03:26:11","slug":"sur-fond-de-menace-russe-le-danemark-etend-la-conscription-obligatoire-aux-femmes","status":"publish","type":"post","link":"https:\/\/www.europesays.com\/fr\/222198\/","title":{"rendered":"Sur fond de menace russe, le Danemark \u00e9tend la conscription obligatoire aux femmes"},"content":{"rendered":"<p>Depuis le 1er juillet, les Danoises qui atteignent l&rsquo;\u00e2ge de 18 ans sont automatiquement int\u00e9gr\u00e9es au syst\u00e8me de tirage au sort qui d\u00e9signe ceux et celles qui devront effectuer leur service militaire dont la dur\u00e9e va par ailleurs \u00eatre allong\u00e9e de quatre \u00e0 onze mois en 2026.<\/p>\n<p>Avec notre correspondante r\u00e9gionale, <strong>Ottilia Ferey<\/strong><\/p>\n<p>Au <strong><a href=\"https:\/\/www.rfi.fr\/fr\/tag\/danemark\/\" rel=\"nofollow noopener\" target=\"_blank\" data-ylk=\"slk:Danemark;elm:context_link;itc:0;sec:content-canvas\" class=\"link \">Danemark<\/a><\/strong>, il y a ce qu&rsquo;on appelle le \u00ab Forsvarets Dag \u00bb que l&rsquo;on peut traduire par \u00ab Jour de la D\u00e9fense \u00bb. Tous les jeunes de plus de 18 ans y sont convoqu\u00e9s. Et les femmes devront d\u00e9sormais, elles aussi, y participer.<\/p>\n<p>Comme les hommes, elles passeront alors ce jour-l\u00e0 des tests m\u00e9dicaux, des tests psychotechniques et des tests de motivation en vue de leur participation au tirage au sort qui d\u00e9signe ceux &#8211; et donc d\u00e9sormais celles &#8211; qui devront effectivement faire leur service militaire dont la dur\u00e9e va par ailleurs \u00eatre allong\u00e9e de quatre \u00e0 onze mois en 2026. Le royaume danois vise aussi \u00e0 recruter davantage, esp\u00e9rant passer \u00e0 40 % de recrues suppl\u00e9mentaires d&rsquo;ici \u00e0 2033.<\/p>\n<p>\u00c0 l&rsquo;origine de ces changements, il y a \u00e9videmment les inqui\u00e9tudes suscit\u00e9es par la Russie. En enr\u00f4lant des femmes, le Danemark veut renforcer ses capacit\u00e9s de dissuasion.<\/p>\n<p>Les Danoises, qui pouvaient jusqu&rsquo;alors int\u00e9grer les forces arm\u00e9es sur la base du volontariat, repr\u00e9sentaient l&rsquo;an dernier pas moins de 24 % des recrues, soit le plus haut taux en Europe avec la Norv\u00e8ge. Si, \u00e0 la suite de cette r\u00e9forme, une partie de la classe politique danoise salue une avanc\u00e9e en mati\u00e8re d&rsquo;\u00e9galit\u00e9, une autre d\u00e9nonce une militarisation croissante de la jeunesse.<\/p>\n<p><a href=\"https:\/\/www.rfi.fr\/fr\/europe\/20250703-sur-fond-de-menace-russe-le-danemark-%C3%A9tend-la-conscription-obligatoire-aux-femmes\" rel=\"nofollow noopener\" target=\"_blank\" data-ylk=\"slk:Lire la suite sur RFI;elm:context_link;itc:0;sec:content-canvas\" class=\"link \">Lire la suite sur RFI<\/a><\/p>\n","protected":false},"excerpt":{"rendered":"Depuis le 1er juillet, les Danoises qui atteignent l&rsquo;\u00e2ge de 18 ans sont automatiquement int\u00e9gr\u00e9es au syst\u00e8me de&hellip;\n","protected":false},"author":2,"featured_media":222199,"comment_status":"","ping_status":"","sticky":false,"template":"","format":"standard","meta":{"footnotes":""},"categories":[1591],"tags":[11,23848,145,36136,1887,12,1885,1886,132,29810,36137,16207],"class_list":{"0":"post-222198","1":"post","2":"type-post","3":"status-publish","4":"format-standard","5":"has-post-thumbnail","7":"category-russie","8":"tag-actualites","9":"tag-correspondante-regionale","10":"tag-danemark","11":"tag-danoises","12":"tag-federation-de-russie","13":"tag-news","14":"tag-russia","15":"tag-russian-federation","16":"tag-russie","17":"tag-service-militaire","18":"tag-tests-medicaux","19":"tag-tirage-au-sort"},"share_on_mastodon":{"url":"https:\/\/pubeurope.com\/@fr\/114787174691413154","error":""},"_links":{"self":[{"href":"https:\/\/www.europesays.com\/fr\/wp-json\/wp\/v2\/posts\/222198","targetHints":{"allow":["GET"]}}],"collection":[{"href":"https:\/\/www.europesays.com\/fr\/wp-json\/wp\/v2\/posts"}],"about":[{"href":"https:\/\/www.europesays.com\/fr\/wp-json\/wp\/v2\/types\/post"}],"author":[{"embeddable":true,"href":"https:\/\/www.europesays.com\/fr\/wp-json\/wp\/v2\/users\/2"}],"replies":[{"embeddable":true,"href":"https:\/\/www.europesays.com\/fr\/wp-json\/wp\/v2\/comments?post=222198"}],"version-history":[{"count":0,"href":"https:\/\/www.europesays.com\/fr\/wp-json\/wp\/v2\/posts\/222198\/revisions"}],"wp:featuredmedia":[{"embeddable":true,"href":"https:\/\/www.europesays.com\/fr\/wp-json\/wp\/v2\/media\/222199"}],"wp:attachment":[{"href":"https:\/\/www.europesays.com\/fr\/wp-json\/wp\/v2\/media?parent=222198"}],"wp:term":[{"taxonomy":"category","embeddable":true,"href":"https:\/\/www.europesays.com\/fr\/wp-json\/wp\/v2\/categories?post=222198"},{"taxonomy":"post_tag","embeddable":true,"href":"https:\/\/www.europesays.com\/fr\/wp-json\/wp\/v2\/tags?post=222198"}],"curies":[{"name":"wp","href":"https:\/\/api.w.org\/{rel}","templated":true}]}}