{"id":222200,"date":"2025-07-03T03:27:19","date_gmt":"2025-07-03T03:27:19","guid":{"rendered":"https:\/\/www.europesays.com\/fr\/222200\/"},"modified":"2025-07-03T03:27:19","modified_gmt":"2025-07-03T03:27:19","slug":"ne-rien-faire-cest-laisser-poutine-lemporter-liberation","status":"publish","type":"post","link":"https:\/\/www.europesays.com\/fr\/222200\/","title":{"rendered":"ne rien faire, c\u2019est laisser Poutine l\u2019emporter \u2013 Lib\u00e9ration"},"content":{"rendered":"<p class=\"sc-ksZaOG ehjQrN text-element\">Comment finissent les guerres ? Dans le cas de <a href=\"https:\/\/www.liberation.fr\/tags\/ukraine\/\" target=\"_blank\" rel=\"nofollow noopener\" title=\"https:\/\/www.liberation.fr\/tags\/ukraine\/\">l\u2019Ukraine<\/a>, la r\u00e9ponse est au mieux incertaine, au pire inqui\u00e9tante. Les Etats-Unis, qui avaient laiss\u00e9 penser qu\u2019ils enverraient davantage d\u2019armes, <a href=\"https:\/\/www.liberation.fr\/international\/amerique\/gel-de-livraisons-darmes-a-lukraine-les-etats-unis-preservent-leur-stock-exposant-leur-allie-au-feu-russe-20250702_Z3LJ3RTGCZF3FL4DZN3UO3XVMU\/\" target=\"_blank\" rel=\"nofollow noopener\" title=\"https:\/\/www.liberation.fr\/international\/amerique\/gel-de-livraisons-darmes-a-lukraine-les-etats-unis-preservent-leur-stock-exposant-leur-allie-au-feu-russe-20250702_Z3LJ3RTGCZF3FL4DZN3UO3XVMU\/\">ont annonc\u00e9 retenir certains armements<\/a> pour \u00abpr\u00e9server leur stock\u00bb. Pourtant, sur le terrain, <a href=\"https:\/\/www.liberation.fr\/dossier\/ukraine-la-crise\/\" target=\"_blank\" rel=\"nofollow noopener\" title=\"https:\/\/www.liberation.fr\/dossier\/ukraine-la-crise\/\">les Ukrainiens<\/a> ont plus que jamais besoin de l\u2019appui ext\u00e9rieur. Moins d\u2019armes, cela pourrait s\u2019entendre, si au moins la diplomatie \u00e9tait tr\u00e8s active. <\/p>\n<p class=\"sc-ksZaOG ehjQrN text-element\">Mais alors que la guerre d\u2019Isra\u00ebl contre l\u2019Iran a d\u00e9tourn\u00e9 l\u2019attention pendant plusieurs jours et que la <a href=\"https:\/\/www.liberation.fr\/international\/moyen-orient\/gaza-donald-trump-assure-quisrael-est-pret-a-finaliser-un-cessez-le-feu-de-deux-mois-20250702_E34DOA3T35BRVPLHCLBEA65FCY\/\" target=\"_blank\" rel=\"nofollow noopener\" title=\"https:\/\/www.liberation.fr\/international\/moyen-orient\/gaza-donald-trump-assure-quisrael-est-pret-a-finaliser-un-cessez-le-feu-de-deux-mois-20250702_E34DOA3T35BRVPLHCLBEA65FCY\/\">tr\u00eave \u00e0 Gaza<\/a> semble \u00eatre maintenant la seule \u00e0 l\u2019agenda de l\u2019administration am\u00e9ricaine, le front ukrainien p\u00e2tit du d\u00e9sint\u00e9r\u00eat g\u00e9n\u00e9ral. Apr\u00e8s trois ans de bouderie, <a href=\"https:\/\/www.liberation.fr\/international\/ukraine-pour-la-premiere-fois-depuis-2022-macron-sest-entretenu-avec-poutine-et-appelle-a-un-cessez-le-feu-20250701_STGSZBZVJBCDJK6S2WAAZU4NZA\/\" target=\"_blank\" rel=\"nofollow noopener\" title=\"https:\/\/www.liberation.fr\/international\/ukraine-pour-la-premiere-fois-depuis-2022-macron-sest-entretenu-avec-poutine-et-appelle-a-un-cessez-le-feu-20250701_STGSZBZVJBCDJK6S2WAAZU4NZA\/\">Emmanuel Macron a d\u00e9croch\u00e9 son t\u00e9l\u00e9phone<\/a> pour parler directement \u00e0 Vladimir Poutine. Au centre des pr\u00e9occupations, le nucl\u00e9aire iranien. Et l\u2019Ukraine dans tout \u00e7a ? Le constat a \u00e9t\u00e9 dress\u00e9 d\u2019une situation bloqu\u00e9e. Mais ne rien faire, c\u2019est laisser Vladimir Poutine l\u2019emporter. Le dirigeant russe sait que la guerre d\u2019usure lui sera favorable.<\/p>\n<p class=\"sc-ksZaOG ehjQrN text-element\">A la faveur de l\u2019indiff\u00e9rence de Trump, il a lanc\u00e9 sa plus importante offensive contre les Ukrainiens. Les chiffres font froid dans le dos : en une nuit, la Russie a cibl\u00e9 le pays, et surtout la capitale, avec 440 drones et 32 missiles. Des missiles qui tombent souvent sur des b\u00e2timents civils, alourdissant le bilan humain du conflit. Un outil de plus dans la guerre psychologique que m\u00e8ne le pouvoir russe. Il s\u2019agit de faire comprendre \u00e0 Volodymyr Zelensky qu\u2019il se trouve dans une impasse et qu\u2019il sacrifie son peuple sans la perspective d\u2019obtenir quoi que ce soit. <\/p>\n<p class=\"sc-ksZaOG ehjQrN text-element\">Le dirigeant ukrainien a besoin d\u2019un soutien occidental franc. De l\u2019occupant du Bureau ovale on ne peut attendre grand-chose. C\u2019est aux Europ\u00e9ens de savoir faire rempart, et d\u2019afficher leur volont\u00e9 d\u2019en finir avec ce conflit, et dans des conditions acceptables pour les Ukrainiens. Le climat international laisse h\u00e9las penser que rares sont les sc\u00e9narios qui peuvent tourner en faveur de Kyiv. Il faut savoir finir une guerre. Mais pas n\u2019importe comment, pas dans l\u2019indiff\u00e9rence, au d\u00e9triment de ceux qui ne doivent pas \u00eatre vaincus.<\/p>\n","protected":false},"excerpt":{"rendered":"Comment finissent les guerres ? Dans le cas de l\u2019Ukraine, la r\u00e9ponse est au mieux incertaine, au pire&hellip;\n","protected":false},"author":2,"featured_media":222201,"comment_status":"","ping_status":"","sticky":false,"template":"","format":"standard","meta":{"footnotes":""},"categories":[1590],"tags":[11,1777,674,12,132,220,297],"class_list":{"0":"post-222200","1":"post","2":"type-post","3":"status-publish","4":"format-standard","5":"has-post-thumbnail","7":"category-ukraine","8":"tag-actualites","9":"tag-eu","10":"tag-europe","11":"tag-news","12":"tag-russie","13":"tag-ukraine","14":"tag-ukraine-la-crise"},"share_on_mastodon":{"url":"https:\/\/pubeurope.com\/@fr\/114787178456628904","error":""},"_links":{"self":[{"href":"https:\/\/www.europesays.com\/fr\/wp-json\/wp\/v2\/posts\/222200","targetHints":{"allow":["GET"]}}],"collection":[{"href":"https:\/\/www.europesays.com\/fr\/wp-json\/wp\/v2\/posts"}],"about":[{"href":"https:\/\/www.europesays.com\/fr\/wp-json\/wp\/v2\/types\/post"}],"author":[{"embeddable":true,"href":"https:\/\/www.europesays.com\/fr\/wp-json\/wp\/v2\/users\/2"}],"replies":[{"embeddable":true,"href":"https:\/\/www.europesays.com\/fr\/wp-json\/wp\/v2\/comments?post=222200"}],"version-history":[{"count":0,"href":"https:\/\/www.europesays.com\/fr\/wp-json\/wp\/v2\/posts\/222200\/revisions"}],"wp:featuredmedia":[{"embeddable":true,"href":"https:\/\/www.europesays.com\/fr\/wp-json\/wp\/v2\/media\/222201"}],"wp:attachment":[{"href":"https:\/\/www.europesays.com\/fr\/wp-json\/wp\/v2\/media?parent=222200"}],"wp:term":[{"taxonomy":"category","embeddable":true,"href":"https:\/\/www.europesays.com\/fr\/wp-json\/wp\/v2\/categories?post=222200"},{"taxonomy":"post_tag","embeddable":true,"href":"https:\/\/www.europesays.com\/fr\/wp-json\/wp\/v2\/tags?post=222200"}],"curies":[{"name":"wp","href":"https:\/\/api.w.org\/{rel}","templated":true}]}}