{"id":222204,"date":"2025-07-03T03:29:14","date_gmt":"2025-07-03T03:29:14","guid":{"rendered":"https:\/\/www.europesays.com\/fr\/222204\/"},"modified":"2025-07-03T03:29:14","modified_gmt":"2025-07-03T03:29:14","slug":"sur-la-sellette-la-ministre-des-finances-en-larmes-au-parlement-2","status":"publish","type":"post","link":"https:\/\/www.europesays.com\/fr\/222204\/","title":{"rendered":"Sur la sellette, la ministre des Finances en larmes au Parlement"},"content":{"rendered":"<p><strong>sanglots &#8211; Premier ministre en difficult\u00e9, Keir Starmer a affirm\u00e9 son soutien \u00e0 Rachel Reeves face aux rumeurs d\u2019une \u00e9viction du gouvernement<\/strong><\/p>\n<p>La tension est \u00e0 son comble au sein du gouvernement <a href=\"https:\/\/www.20minutes.fr\/monde\/royaume-uni\/?at_medium=RSS%20feed&amp;at_campaign=ynews&amp;utm_source=yahoo&amp;utm_medium=rss&amp;utm_campaign=news_feed&amp;utm_content=in_article_link\" rel=\"nofollow noopener\" target=\"_blank\" data-ylk=\"slk:britannique;elm:context_link;itc:0;sec:content-canvas\" class=\"link \">britannique<\/a>, contraignant m\u00eame <a href=\"https:\/\/www.20minutes.fr\/monde\/keir-starmer\/?at_medium=RSS%20feed&amp;at_campaign=ynews&amp;utm_source=yahoo&amp;utm_medium=rss&amp;utm_campaign=news_feed&amp;utm_content=in_article_link\" rel=\"nofollow noopener\" target=\"_blank\" data-ylk=\"slk:Keir Starmer;elm:context_link;itc:0;sec:content-canvas\" class=\"link \">Keir Starmer<\/a> \u00e0 r\u00e9agir. Le Premier ministre britannique a ainsi assur\u00e9 mercredi que la ministre des Finances Rachel Reeves resterait en poste \u00ab\u00a0pour tr\u00e8s longtemps encore\u00a0\u00bb, apr\u00e8s les larmes de celle-ci au Parlement, qui ont aliment\u00e9 les rumeurs sur son possible d\u00e9part.<\/p>\n<p>Interrog\u00e9 par les d\u00e9put\u00e9s britanniques, Keir Starmer, dans la tourmente face \u00e0 son propre camp en raison de sa r\u00e9forme contest\u00e9e des <a href=\"https:\/\/www.20minutes.fr\/dossier\/prestations_sociales?at_medium=RSS%20feed&amp;at_campaign=ynews&amp;utm_source=yahoo&amp;utm_medium=rss&amp;utm_campaign=news_feed&amp;utm_content=in_article_link\" rel=\"nofollow noopener\" target=\"_blank\" data-ylk=\"slk:prestations sociales;elm:context_link;itc:0;sec:content-canvas\" class=\"link \">prestations sociales<\/a>, avait d\u2019abord manqu\u00e9 d\u2019apporter son soutien \u00e0 Rachel Reeves lors des questions hebdomadaires au Parlement britannique. Des larmes ont ensuite coul\u00e9 sur les joues de l\u2019int\u00e9ress\u00e9e.<\/p>\n<p>Les larmes seraient pour \u00ab\u00a0une affaire personnelle\u00a0\u00bb<\/p>\n<p>La cheffe de file de l\u2019opposition conservatrice, Kemi Badenoch, avait qualifi\u00e9 la ministre de \u00ab\u00a0bouclier humain\u00a0\u00bb payant pour l&rsquo;\u00ab\u00a0incomp\u00e9tence\u00a0\u00bb du Premier ministre. Mais un porte-parole de Keir Starmer a ensuite assur\u00e9 que la ministre \u00ab\u00a0ne partira pas\u00a0\u00bb, et qu\u2019elle avait son \u00ab\u00a0plein soutien\u00a0\u00bb. \u00ab\u00a0Il l\u2019a dit maintes fois, il n\u2019a pas besoin de le r\u00e9p\u00e9ter \u00e0 chaque fois que la cheffe de l\u2019opposition sp\u00e9cule sur les dirigeants travaillistes.\u00a0\u00bb<\/p>\n<p>Un porte-parole de la chanceli\u00e8re de l\u2019Echiquier \u2013 le titre officiel de Rachel Reeves \u2013 a pour sa part assur\u00e9 que ces larmes s\u2019expliquaient par \u00ab\u00a0une affaire personnelle\u00a0\u00bb.<\/p>\n<p>Keir Starmer a ensuite d\u00e9clar\u00e9 plus tard \u00e0 la BBC qu\u2019elle avait fait \u00ab\u00a0un excellent travail en tant que chanceli\u00e8re\u00a0\u00bb et qu\u2019elle resterait \u00e0 c(&#8230;)<\/p>\n<p><a href=\"https:\/\/www.20minutes.fr\/monde\/royaume-uni\/4161636-20250703-royaume-uni-sellette-ministre-finances-larmes-parlement?at_medium=RSS%20feed&amp;at_campaign=ynews&amp;utm_source=yahoo&amp;utm_medium=rss&amp;utm_campaign=news_feed&amp;utm_content=read_more_link&quot;\" rel=\"nofollow noopener\" target=\"_blank\" data-ylk=\"slk:Lire la suite sur 20minutes;elm:context_link;itc:0;sec:content-canvas\" class=\"link \">Lire la suite sur 20minutes<\/a><\/p>\n<p>\u00c0 lire aussi :<br \/><a href=\"https:\/\/www.20minutes.fr\/monde\/royaume-uni\/4159366-20250622-royaume-uni-parlement-autorise-avortement-jusqu-naissance-faux?at_medium=RSS%20feed&amp;at_campaign=ynews&amp;utm_source=yahoo&amp;utm_medium=rss&amp;utm_campaign=news_feed&amp;utm_content=related_content_link\" rel=\"nofollow noopener\" target=\"_blank\" data-ylk=\"slk:Royaume-Uni\u00a0: Le parlement aurait autoris\u00e9 l\u2019avortement jusqu\u2019\u00e0 la naissance\u00a0? C\u2019est faux;elm:context_link;itc:0;sec:content-canvas\" class=\"link \">Royaume-Uni\u00a0: Le parlement aurait autoris\u00e9 l\u2019avortement jusqu\u2019\u00e0 la naissance\u00a0? C\u2019est faux<\/a><br \/><a href=\"https:\/\/www.20minutes.fr\/monde\/royaume-uni\/4157644-20250609-quoi-scandale-postiers-plus-grandes-erreurs-judiciaires-britannique?at_medium=RSS%20feed&amp;at_campaign=ynews&amp;utm_source=yahoo&amp;utm_medium=rss&amp;utm_campaign=news_feed&amp;utm_content=related_content_link\" rel=\"nofollow noopener\" target=\"_blank\" data-ylk=\"slk:Royaume-Uni\u00a0: C\u2019est quoi le scandale des postiers, l\u2019une des \u00ab\u00a0plus grandes erreurs judiciaires\u00a0\u00bb britannique\u00a0?;elm:context_link;itc:0;sec:content-canvas\" class=\"link \">Royaume-Uni\u00a0: C\u2019est quoi le scandale des postiers, l\u2019une des \u00ab\u00a0plus grandes erreurs judiciaires\u00a0\u00bb britannique\u00a0?<\/a><\/p>\n","protected":false},"excerpt":{"rendered":"sanglots &#8211; Premier ministre en difficult\u00e9, Keir Starmer a affirm\u00e9 son soutien \u00e0 Rachel Reeves face aux rumeurs&hellip;\n","protected":false},"author":2,"featured_media":222205,"comment_status":"","ping_status":"","sticky":false,"template":"","format":"standard","meta":{"footnotes":""},"categories":[1588],"tags":[11,1777,674,2581,19024,12,7354,3363,21761,11113,473,1853,1851,1850,1852],"class_list":{"0":"post-222204","1":"post","2":"type-post","3":"status-publish","4":"format-standard","5":"has-post-thumbnail","7":"category-royaume-uni","8":"tag-actualites","9":"tag-eu","10":"tag-europe","11":"tag-keir-starmer","12":"tag-larmes","13":"tag-news","14":"tag-parlement-britannique","15":"tag-premier-ministre","16":"tag-premier-ministre-britannique","17":"tag-rachel-reeves","18":"tag-royaume-uni","19":"tag-royaume-uni-de-grande-bretagne-et-dirlande-du-nord","20":"tag-uk","21":"tag-united-kingdom","22":"tag-united-kingdom-of-great-britain-and-northern-ireland"},"share_on_mastodon":{"url":"https:\/\/pubeurope.com\/@fr\/114787186480573741","error":""},"_links":{"self":[{"href":"https:\/\/www.europesays.com\/fr\/wp-json\/wp\/v2\/posts\/222204","targetHints":{"allow":["GET"]}}],"collection":[{"href":"https:\/\/www.europesays.com\/fr\/wp-json\/wp\/v2\/posts"}],"about":[{"href":"https:\/\/www.europesays.com\/fr\/wp-json\/wp\/v2\/types\/post"}],"author":[{"embeddable":true,"href":"https:\/\/www.europesays.com\/fr\/wp-json\/wp\/v2\/users\/2"}],"replies":[{"embeddable":true,"href":"https:\/\/www.europesays.com\/fr\/wp-json\/wp\/v2\/comments?post=222204"}],"version-history":[{"count":0,"href":"https:\/\/www.europesays.com\/fr\/wp-json\/wp\/v2\/posts\/222204\/revisions"}],"wp:featuredmedia":[{"embeddable":true,"href":"https:\/\/www.europesays.com\/fr\/wp-json\/wp\/v2\/media\/222205"}],"wp:attachment":[{"href":"https:\/\/www.europesays.com\/fr\/wp-json\/wp\/v2\/media?parent=222204"}],"wp:term":[{"taxonomy":"category","embeddable":true,"href":"https:\/\/www.europesays.com\/fr\/wp-json\/wp\/v2\/categories?post=222204"},{"taxonomy":"post_tag","embeddable":true,"href":"https:\/\/www.europesays.com\/fr\/wp-json\/wp\/v2\/tags?post=222204"}],"curies":[{"name":"wp","href":"https:\/\/api.w.org\/{rel}","templated":true}]}}