{"id":222208,"date":"2025-07-03T03:31:10","date_gmt":"2025-07-03T03:31:10","guid":{"rendered":"https:\/\/www.europesays.com\/fr\/222208\/"},"modified":"2025-07-03T03:31:10","modified_gmt":"2025-07-03T03:31:10","slug":"comment-la-reorganisation-du-commerce-entre-les-etats-unis-et-la-chine-pourrait-elle-affecter-leurope","status":"publish","type":"post","link":"https:\/\/www.europesays.com\/fr\/222208\/","title":{"rendered":"Comment la r\u00e9organisation du commerce entre les \u00c9tats-Unis et la Chine pourrait-elle affecter l&rsquo;Europe ?"},"content":{"rendered":"<p>Depuis son investiture, le pr\u00e9sident des \u00c9tats-Unis <strong>Donald Trump<\/strong> a annonc\u00e9 une cinquantaine de tarifs douaniers nouveaux ou r\u00e9vis\u00e9s, y compris des pauses, des retours en arri\u00e8re, des escalades et des d\u00e9sescalades.<\/p>\n<p>L&rsquo;\u00e9tat des relations commerciales entre les \u00c9tats-Unis et la Chine restant incertain, de nombreuses entreprises am\u00e9ricaines envisagent d&rsquo;autres sources d&rsquo;approvisionnement.<\/p>\n<p>En l&rsquo;absence de changement de sources, les prix risquent d&rsquo;augmenter et les entreprises et les consommateurs am\u00e9ricains pourraient \u00eatre amen\u00e9s \u00e0 r\u00e9duire ou \u00e0 remplacer un produit par un autre, pratiquement similaire.<\/p>\n<p>Dans ce sc\u00e9nario, l&rsquo;Europe pourrait jouer un r\u00f4le cl\u00e9, \u00e0 la fois en tant qu&rsquo;exportateur et en tant qu&rsquo;importateur.<\/p>\n<p>\u00ab\u00a0L&rsquo;Europe est confront\u00e9e \u00e0 un d\u00e9fi de plus en plus difficile \u00e0 relever : comment passer du statut de b\u00e9n\u00e9ficiaire des d\u00e9cisions prises par la Chine et les \u00c9tats-Unis \u00e0 celui de fa\u00e7onneur actif de son propre avenir\u00a0\u00bb, a d\u00e9clar\u00e9 <strong>Francesca Ghiretti<\/strong>, directrice de l&rsquo;initiative RAND Europe-Chine, dans un <a href=\"https:\/\/www.rand.org\/pubs\/commentary\/2025\/06\/as-us-china-trade-talks-continue-europe-needs-a-plan.html\" rel=\"nofollow noopener\" target=\"_blank\" data-ylk=\"slk:commentaire;elm:context_link;itc:0;sec:content-canvas\" class=\"link \"><strong>commentaire<\/strong><\/a>.<\/p>\n<p>En moyenne, l&rsquo;Europe fournit d\u00e9j\u00e0 55 % du march\u00e9 d&rsquo;exportation mondial disponible pour les produits que les \u00c9tats-Unis importent de Chine.<\/p>\n<p>Selon neuf simulations diff\u00e9rentes r\u00e9alis\u00e9es par le cabinet de conseil en gestion internationale <a href=\"https:\/\/www.mckinsey.com\/mgi\/our-research\/the-great-trade-rearrangement\" rel=\"nofollow noopener\" target=\"_blank\" data-ylk=\"slk:McKinsey &amp; Company;elm:context_link;itc:0;sec:content-canvas\" class=\"link \"><strong>McKinsey &amp; Company<\/strong><\/a>, l&rsquo;Union europ\u00e9enne, ainsi que la Norv\u00e8ge, la Suisse et le Royaume-Uni, pourraient potentiellement remplacer entre 30 % et 65 % des importations am\u00e9ricaines en provenance de Chine par leurs exportations, m\u00eame si les \u00c9tats-Unis imposent des droits de douane \u00e9lev\u00e9s sur les produits europ\u00e9ens.<\/p>\n<p>Dans chaque simulation, on suppose que la valeur des importations am\u00e9ricaines en provenance de Chine pour chaque produit tombe \u00e0 z\u00e9ro et que les \u00c9tats-Unis s&rsquo;approvisionnent aupr\u00e8s d&rsquo;autres exportateurs pour chaque produit.<\/p>\n<p><b class=\"c-widget-related__title__text\">Related<\/b><\/p>\n<p><strong>Commerce de produits<\/strong><\/p>\n<p>Le r\u00f4le de l&rsquo;Europe dans ce sc\u00e9nario est le plus prononc\u00e9 en ce qui concerne l&rsquo;\u00e9lectronique, les autres produits manufactur\u00e9s et les textiles. Les \u00c9tats-Unis ont respectivement 191, 52 et 45 milliards de dollars \u00e0 r\u00e9organiser dans chacun de ces secteurs.<\/p>\n<p>Il s&rsquo;agit des m\u00eames secteurs que ceux pour lesquels les \u00c9tats-Unis importent actuellement principalement de Chine.<\/p>\n<p>Dans le domaine de <strong>l&rsquo;\u00e9lectronique<\/strong>, en particulier, l&rsquo;Europe pourrait \u00eatre le principal fournisseur de substitution sur le march\u00e9 am\u00e9ricain.<\/p>\n<p>Un autre exemple est celui <strong>des jouets<\/strong>. L&rsquo;Europe pourrait approvisionner le march\u00e9 am\u00e9ricain en jouets tch\u00e8ques et allemands, en remplacement de ceux fabriqu\u00e9s en Chine. Les consommateurs europ\u00e9ens pourraient ainsi acheter de plus en plus de jouets fabriqu\u00e9s en Chine.<\/p>\n<p>En augmentant ses exportations vers les \u00c9tats-Unis, l&rsquo;Europe est \u00e9galement devenue une destination importante pour les exportations chinoises, absorbant jusqu&rsquo;\u00e0 55 % des exp\u00e9ditions actuelles de la Chine vers les \u00c9tats-Unis.<\/p>\n<p>Cette \u00e9volution pourrait renforcer l&rsquo;interd\u00e9pendance commerciale entre l&rsquo;Europe et la Chine, ainsi que les tensions g\u00e9opolitiques.<\/p>\n<p>\u00ab\u00a0Les mois et les ann\u00e9es \u00e0 venir nous diront si l&rsquo;Europe peut maintenir le cap ou si elle se perdra en essayant de r\u00e9pondre aux d\u00e9fis actuels\u00a0\u00bb, a d\u00e9clar\u00e9 Francesca Ghiretti.<\/p>\n","protected":false},"excerpt":{"rendered":"Depuis son investiture, le pr\u00e9sident des \u00c9tats-Unis Donald Trump a annonc\u00e9 une cinquantaine de tarifs douaniers nouveaux ou&hellip;\n","protected":false},"author":2,"featured_media":222209,"comment_status":"","ping_status":"","sticky":false,"template":"","format":"standard","meta":{"footnotes":""},"categories":[1586],"tags":[11,309,75,36141,73,1777,674,1011,27,1808,12,1325,25],"class_list":{"0":"post-222208","1":"post","2":"type-post","3":"status-publish","4":"format-standard","5":"has-post-thumbnail","7":"category-europe","8":"tag-actualites","9":"tag-chine","10":"tag-donald-trump","11":"tag-entreprises-americaines","12":"tag-etats-unis","13":"tag-eu","14":"tag-europe","15":"tag-fr","16":"tag-france","17":"tag-leurope","18":"tag-news","19":"tag-president-des-etats-unis","20":"tag-republique-francaise"},"share_on_mastodon":{"url":"https:\/\/pubeurope.com\/@fr\/114787194228210915","error":""},"_links":{"self":[{"href":"https:\/\/www.europesays.com\/fr\/wp-json\/wp\/v2\/posts\/222208","targetHints":{"allow":["GET"]}}],"collection":[{"href":"https:\/\/www.europesays.com\/fr\/wp-json\/wp\/v2\/posts"}],"about":[{"href":"https:\/\/www.europesays.com\/fr\/wp-json\/wp\/v2\/types\/post"}],"author":[{"embeddable":true,"href":"https:\/\/www.europesays.com\/fr\/wp-json\/wp\/v2\/users\/2"}],"replies":[{"embeddable":true,"href":"https:\/\/www.europesays.com\/fr\/wp-json\/wp\/v2\/comments?post=222208"}],"version-history":[{"count":0,"href":"https:\/\/www.europesays.com\/fr\/wp-json\/wp\/v2\/posts\/222208\/revisions"}],"wp:featuredmedia":[{"embeddable":true,"href":"https:\/\/www.europesays.com\/fr\/wp-json\/wp\/v2\/media\/222209"}],"wp:attachment":[{"href":"https:\/\/www.europesays.com\/fr\/wp-json\/wp\/v2\/media?parent=222208"}],"wp:term":[{"taxonomy":"category","embeddable":true,"href":"https:\/\/www.europesays.com\/fr\/wp-json\/wp\/v2\/categories?post=222208"},{"taxonomy":"post_tag","embeddable":true,"href":"https:\/\/www.europesays.com\/fr\/wp-json\/wp\/v2\/tags?post=222208"}],"curies":[{"name":"wp","href":"https:\/\/api.w.org\/{rel}","templated":true}]}}