{"id":222210,"date":"2025-07-03T03:32:15","date_gmt":"2025-07-03T03:32:15","guid":{"rendered":"https:\/\/www.europesays.com\/fr\/222210\/"},"modified":"2025-07-03T03:32:15","modified_gmt":"2025-07-03T03:32:15","slug":"plus-que-quelques-jours-avant-le-retour-des-droits-de-douane-punitifs-de-donald-trump-que-risque-lunion-europeenne","status":"publish","type":"post","link":"https:\/\/www.europesays.com\/fr\/222210\/","title":{"rendered":"Plus que quelques jours avant le retour des droits de douane punitifs de Donald Trump\u00a0: que risque l\u2019Union europ\u00e9enne ?"},"content":{"rendered":"<p>  \tLes droits de douanes impos\u00e9s par Donald Trump doivent faire leur retour le 9 juillet. Les partenaires des Am\u00e9ricains sont en pleines n\u00e9gociations afin d\u2019\u00e9viter le retour de ces taxes. Voici les diff\u00e9rents sc\u00e9narios possibles.<\/p>\n<p>&#13;<br \/>\n&#13;<\/p>\n<p>Les partenaires commerciaux des \u00c9tats-Unis tentent de sceller un accord avec l\u2019impr\u00e9visible gouvernement Trump \u00e0 une semaine du retour annonc\u00e9 de ses droits de douane punitifs. Tour d\u2019horizon des sc\u00e9narios possibles.<\/p>\n<p>Le pr\u00e9sident am\u00e9ricain Donald Trump avait provoqu\u00e9 une onde de choc d\u00e9but avril en annon\u00e7ant des droits de douane \u00ab\u00a0r\u00e9ciproques\u00a0\u00bb \u00e0 l\u2019encontre du reste du monde\u00a0: une surtaxe minimale de 10\u00a0%, pouvant aller jusqu\u2019\u00e0 50\u00a0% pour les pays consid\u00e9r\u00e9s comme des mauvais \u00e9l\u00e8ves, parce qu\u2019ils exportent plus vers les \u00c9tats-Unis qu\u2019ils n\u2019importent de produits am\u00e9ricains.<\/p>\n<p>&#13;<br \/>\n&#13;<\/p>\n<p>&#13;<br \/>\n&#13;<\/p>\n<p>Donald Trump, qui ex\u00e8cre les d\u00e9ficits commerciaux, avait fini par suspendre les droits de douane les plus punitifs pendant 90 jours. Ils risquent donc de revenir le 9 juillet.<\/p>\n<p>Trois cas de figure se pr\u00e9sentent aux cibles du pr\u00e9sident am\u00e9ricain, selon les experts\u00a0: parvenir \u00e0 un accord avec Washington, obtenir un d\u00e9lai suppl\u00e9mentaire, ou affronter des droits de douane sup\u00e9rieurs.<\/p>\n<p>Les \u00ab\u00a0accords-cadres\u00a0\u00bb<\/p>\n<p>\u00ab\u00a0Il y aura un ensemble d\u2019accords que nous conclurons avant le 9 juillet\u00a0\u00bb, a d\u00e9clar\u00e9 la semaine derni\u00e8re le secr\u00e9taire au Tr\u00e9sor, Scott Bessent, l\u2019un des responsables am\u00e9ricains au c\u0153ur des n\u00e9gociations commerciales.<\/p>\n<p>&#13;<br \/>\n&#13;<\/p>\n<p>&#13;<br \/>\n&#13;<\/p>\n<p>M. Bessent r\u00e9p\u00e8te depuis des semaines que le gouvernement s\u2019attache en priorit\u00e9 \u00e0 trouver un accord avec \u00ab\u00a015 \u00e0 18\u00a0\u00bb partenaires commerciaux de premier plan.<\/p>\n<p>\u00ab\u00a0Le Vietnam, l\u2019Inde et Ta\u00efwan ont de bonnes chances de trouver un accord\u00a0\u00bb avec les \u00c9tats-Unis, estime aupr\u00e8s de l\u2019AFP la vice-pr\u00e9sidente de l\u2019Asia Society Policy Institute (ASPI), Wendy Cutler.<\/p>\n<p>Sans accord, le Vietnam risque de voir ses produits frapp\u00e9s par une surtaxe de 46\u00a0%. C\u2019est potentiellement 26\u00a0% pour l\u2019Inde et 32\u00a0% pour Ta\u00efwan.<\/p>\n<p>    \u00c0 lire aussi<\/p>\n<p>  <img decoding=\"async\" data-copyright=\"AFP\" class=\"r-img\"  typeof=\"foaf:Image\" src=\"https:\/\/www.europesays.com\/fr\/wp-content\/uploads\/2025\/07\/44290227.jpeg\" alt=\"Belgaimage-128158699.jpg\"\/><br \/>\n      <a href=\"https:\/\/www.rtl.be\/actu\/monde\/international\/je-serai-tres-ferme-donald-trump-met-la-pression-sur-benjamin-netanyahu\/2025-07-01\/article\/755086\" class=\"r-stories--link\" rel=\"nofollow noopener\" target=\"_blank\">\u00ab Je serai tr\u00e8s ferme \u00bb : Donald Trump met la pression sur Benjamin Netanyahu<\/a><\/p>\n<p>\u00ab\u00a0Le Japon \u00e9tait dans cette cat\u00e9gorie\u00a0\u00bb des pays proches d\u2019un accord, pr\u00e9cise Josh Lipsky, chercheur au centre d\u2019analyse Atlantic Council, \u00ab\u00a0mais les choses se sont un peu d\u00e9grad\u00e9es\u00a0\u00bb.<\/p>\n<p>Il fait r\u00e9f\u00e9rence aux critiques formul\u00e9es par Donald Trump, qui a reproch\u00e9 lundi au Japon de ne pas acheter assez de riz am\u00e9ricain.<\/p>\n<p>M\u00eame si des \u00ab\u00a0deals\u00a0\u00bb sont annonc\u00e9s, ce ne seront probablement pas des accords commerciaux \u00e0 part enti\u00e8re, ceux-ci mettant plusieurs ann\u00e9es \u00e0 \u00eatre couch\u00e9s sur le papier, pr\u00e9viennent les experts.<\/p>\n<p>Depuis avril, Washington a uniquement annonc\u00e9, avec force trompettes, un accord-cadre avec le Royaume-Uni. Il a aussi n\u00e9goci\u00e9 un pacte avec P\u00e9kin pour r\u00e9duire les droits de douane exorbitants qu\u2019ils s\u2019imposaient mutuellement.<\/p>\n<p>D\u00e9lai suppl\u00e9mentaire<\/p>\n<p>Selon M. Bessent, les pays \u00ab\u00a0n\u00e9gociant de bonne foi\u00a0\u00bb pourront \u00e9viter de d\u00e9passer la surtaxe plancher de 10\u00a0%.<\/p>\n<p>La d\u00e9cision reviendra \u00e0 Donald Trump, a-t-il sp\u00e9cifi\u00e9.<\/p>\n<p>La Cor\u00e9e du Sud \u00ab\u00a0semble bien plac\u00e9e pour obtenir un d\u00e9lai\u00a0\u00bb en raison de la transition politique en cours, souligne la chercheuse Wendy Cutler.<\/p>\n<p>    \u00c0 lire aussi<\/p>\n<p>  <img decoding=\"async\" data-copyright=\"\u00a9 Belga Images\" class=\"r-img\"  typeof=\"foaf:Image\" src=\"https:\/\/www.europesays.com\/fr\/wp-content\/uploads\/2025\/07\/44284048.jpeg\" alt=\"DTJ.jpg\"\/><br \/>\n      <a href=\"https:\/\/www.rtl.be\/actu\/monde\/international\/donald-trump-va-t-il-expulser-elon-musk-des-etats-unis-le-president-va-examiner\/2025-07-01\/article\/755076\" class=\"r-stories--link\" rel=\"nofollow noopener\" target=\"_blank\">Donald Trump va-t-il expulser Elon Musk des \u00c9tats-Unis\u00a0? Le pr\u00e9sident va \u00ab\u00a0examiner\u00a0\u00bb la possibilit\u00e9<\/a><\/p>\n<p>Josh Lipsky pense que de nombreux pays \u00e9chapperont aussi aux droits de douane punitifs pour une p\u00e9riode prolong\u00e9e.<\/p>\n<p>Le ministre Bessent a d\u00e9clar\u00e9 que le gouvernement pourrait avoir conclu tous les accords souhait\u00e9s d\u2019ici \u00e0 la f\u00eate du travail, qui tombe le 1er septembre aux \u00c9tats-Unis. Cela a \u00e9t\u00e9 interpr\u00e9t\u00e9 comme une fa\u00e7on de dire que nombre de n\u00e9gociations allaient se poursuivre apr\u00e8s le 9 juillet.<\/p>\n<p>Droits de douane relev\u00e9s<\/p>\n<p>Les pays jug\u00e9s \u00ab\u00a0r\u00e9calcitrants\u00a0\u00bb pourraient voir leurs exportations frapp\u00e9es par la surtaxe \u00ab\u00a0r\u00e9ciproque\u00a0\u00bb pr\u00e9vue initialement, a par ailleurs pr\u00e9venu M. Bessent.<\/p>\n<p>Selon Mme Cutler, \u00ab\u00a0le refus du Japon d\u2019ouvrir davantage son march\u00e9 au riz am\u00e9ricain ainsi que la r\u00e9ticence des \u00c9tats-Unis \u00e0 abaisser les droits de douane sur les voitures pourrait aboutir au retour\u00a0\u00bb de la surtaxe de 24\u00a0% promise aux Japonais en avril.<\/p>\n<p>    \u00c0 lire aussi<\/p>\n<p>  <img decoding=\"async\" data-copyright=\"\u00a9AFP\" class=\"r-img\"  typeof=\"foaf:Image\" src=\"https:\/\/www.europesays.com\/fr\/wp-content\/uploads\/2025\/07\/44282850.jpeg\" alt=\"Donald Trump, Willem-Alexander et Maxima\"\/><br \/>\n      <a href=\"https:\/\/www.rtl.be\/people\/royaute\/grimace-ou-malentendu-la-reine-maxima-des-pays-bas-revient-sur-la-video-devenue\/2025-07-01\/article\/755075\" class=\"r-stories--link\" rel=\"nofollow noopener\" target=\"_blank\">Grimace ou malentendu\u00a0? La reine M\u00e1xima des Pays-Bas revient sur la vid\u00e9o devenue virale avec Donald Trump<\/a><\/p>\n<p>Donald Trump n\u2019a pas exclu d\u2019aller au-del\u00e0 mardi, affirmant que le Japon pourrait subir des droits de douane de \u00ab\u00a030\u00a0%, 35\u00a0%, ou tout autre nombre que nous d\u00e9ciderons\u00a0\u00bb.<\/p>\n<p>Josh Lipsky pense que l\u2019Union europ\u00e9enne risque aussi de voir ses produits davantage tax\u00e9s \u00e0 l\u2019entr\u00e9e sur le sol am\u00e9ricain. Le pr\u00e9sident Trump a \u00e9voqu\u00e9 jusqu\u2019\u00e0 50\u00a0% de surtaxe.<\/p>\n<p>Le n\u00e9gociateur du bloc de 27 pays, le commissaire europ\u00e9en Maros Sefcovic, est \u00e0 Washington cette semaine pour \u00e9viter ce sort.<\/p>\n<p>&#13;<br \/>\n&#13;<\/p>\n<p>&#13;<br \/>\n&#13;<\/p>\n","protected":false},"excerpt":{"rendered":"Les droits de douanes impos\u00e9s par Donald Trump doivent faire leur retour le 9 juillet. Les partenaires des&hellip;\n","protected":false},"author":2,"featured_media":222211,"comment_status":"","ping_status":"","sticky":false,"template":"","format":"standard","meta":{"footnotes":""},"categories":[1586],"tags":[29950,11,1777,674,1779,1011,27,12,25,1778,364],"class_list":{"0":"post-222210","1":"post","2":"type-post","3":"status-publish","4":"format-standard","5":"has-post-thumbnail","7":"category-europe","8":"tag-nodefield_freetags","9":"tag-actualites","10":"tag-eu","11":"tag-europe","12":"tag-european-union","13":"tag-fr","14":"tag-france","15":"tag-news","16":"tag-republique-francaise","17":"tag-ue","18":"tag-union-europeenne"},"share_on_mastodon":{"url":"https:\/\/pubeurope.com\/@fr\/114787198286522910","error":""},"_links":{"self":[{"href":"https:\/\/www.europesays.com\/fr\/wp-json\/wp\/v2\/posts\/222210","targetHints":{"allow":["GET"]}}],"collection":[{"href":"https:\/\/www.europesays.com\/fr\/wp-json\/wp\/v2\/posts"}],"about":[{"href":"https:\/\/www.europesays.com\/fr\/wp-json\/wp\/v2\/types\/post"}],"author":[{"embeddable":true,"href":"https:\/\/www.europesays.com\/fr\/wp-json\/wp\/v2\/users\/2"}],"replies":[{"embeddable":true,"href":"https:\/\/www.europesays.com\/fr\/wp-json\/wp\/v2\/comments?post=222210"}],"version-history":[{"count":0,"href":"https:\/\/www.europesays.com\/fr\/wp-json\/wp\/v2\/posts\/222210\/revisions"}],"wp:featuredmedia":[{"embeddable":true,"href":"https:\/\/www.europesays.com\/fr\/wp-json\/wp\/v2\/media\/222211"}],"wp:attachment":[{"href":"https:\/\/www.europesays.com\/fr\/wp-json\/wp\/v2\/media?parent=222210"}],"wp:term":[{"taxonomy":"category","embeddable":true,"href":"https:\/\/www.europesays.com\/fr\/wp-json\/wp\/v2\/categories?post=222210"},{"taxonomy":"post_tag","embeddable":true,"href":"https:\/\/www.europesays.com\/fr\/wp-json\/wp\/v2\/tags?post=222210"}],"curies":[{"name":"wp","href":"https:\/\/api.w.org\/{rel}","templated":true}]}}