{"id":222219,"date":"2025-07-03T03:38:17","date_gmt":"2025-07-03T03:38:17","guid":{"rendered":"https:\/\/www.europesays.com\/fr\/222219\/"},"modified":"2025-07-03T03:38:17","modified_gmt":"2025-07-03T03:38:17","slug":"bru-rend-hommage-a-deux-joueurs-sur-le-depart-et-expliquent-quils-ont-transforme-le-club","status":"publish","type":"post","link":"https:\/\/www.europesays.com\/fr\/222219\/","title":{"rendered":"Bru rend hommage \u00e0 deux joueurs sur le d\u00e9part et expliquent qu\u2019ils ont transform\u00e9 le club"},"content":{"rendered":"<p>Yannick Bru r\u00eavait d\u2019autres adieux pour ces \u00ab\u00a0deux grands messieurs\u00a0\u00bb. Ce samedi soir, l\u2019Union Bordeaux-B\u00e8gles s\u2019est inclin\u00e9 de justesse en finale de Top 14. S\u2019ils ont pouss\u00e9 le Stade Toulousain en prolongations, les champions d\u2019Europe ont fini par craquer et ne r\u00e9aliseront pas un doubl\u00e9 historique.<\/p>\n<p>Ce match \u00e9tait \u00e9galement les adieux de Guido Petti et Pete Samu. Pour des raisons diff\u00e9rentes, les deux cadres du vestiaire bordelais quittent le club et changent d\u2019air. Le premier, sous la contrainte du salary cap, file en Angleterre chez les Harlequins, tandis que le second retrouve son pays en esp\u00e9rant pouvoir disputer la Coupe du monde avec l\u2019Australie.<\/p>\n<p>Bru \u00e9voque le \u00ab\u00a0privil\u00e8ge\u00a0\u00bb de travailler avec Petti et Samu<\/p>\n<p>A l\u2019issue du coup de sifflet final, Yannick Bru a tenu \u00e0 souligner leur importance dans la conqu\u00eate du premier titre de l\u2019UBB, comme le rapporte <a href=\"https:\/\/actu.fr\/nouvelle-aquitaine\/bordeaux_33063\/ce-sont-2-grands-messieurs-yannick-bru-rend-un-vibrant-hommage-a-2-joueurs-qui-quittent-bordeaux_62852074.html\" rel=\"nofollow noopener\" target=\"_blank\">Actu Rugby<\/a>. Il a commenc\u00e9 par encenser l\u2019Australien\u00a0: \u00ab Je n\u2019ai pas de superlatifs pour parler de son professionnalisme, de sa classe, et de ce qu\u2019il nous a apport\u00e9 sur les 3 derniers mois. Cela a \u00e9t\u00e9 incroyable\u00a0\u00bb, avant de conclure sur une note plus g\u00e9n\u00e9rale.<\/p>\n<blockquote>\n<p>\u00ab\u00a0Eux deux, ce qu\u2019ils nous ont apport\u00e9 cette ann\u00e9e, j\u2019ai envie de leur rendre un grand hommage. Ce sont deux grands messieurs. Bravo, je leur souhaite vraiment le meilleur. J\u2019esp\u00e8re notamment que Pete fera la Coupe du monde 2027 avec l\u2019Australie. Si nous lui avons permis au moins de r\u00e9int\u00e9grer les Wallabies, c\u2019est un juste retour des choses, car il nous a tant apport\u00e9. Cela a \u00e9t\u00e9 un privil\u00e8ge de travailler avec ces joueurs\u00a0\u00bb<\/p>\n<\/blockquote>\n<p>Partagez cette info avec vos amis et vos proches en cliquant ici<br \/>Pour r\u00e9sumer<\/p>\n<p>Yannick Bru a souhait\u00e9 rendre hommage \u00e0 deux cadres de l\u2019Union Bordeaux-B\u00e8gles, qui ont disput\u00e9 leur dernier match avec le club face au Stade Toulousain en finale du Top 14. Pete Samu et Guido Petti vont prendre un nouveau d\u00e9part.<\/p>\n<p> <img decoding=\"async\" width=\"76\" height=\"76\" loading=\"lazy\" src=\"https:\/\/www.europesays.com\/fr\/wp-content\/uploads\/2025\/04\/avatar-quinze.png\" alt=\"Arnaud D\u00e9chelotte\"\/><\/p>\n","protected":false},"excerpt":{"rendered":"Yannick Bru r\u00eavait d\u2019autres adieux pour ces \u00ab\u00a0deux grands messieurs\u00a0\u00bb. Ce samedi soir, l\u2019Union Bordeaux-B\u00e8gles s\u2019est inclin\u00e9 de&hellip;\n","protected":false},"author":2,"featured_media":222220,"comment_status":"","ping_status":"","sticky":false,"template":"","format":"standard","meta":{"footnotes":""},"categories":[1416],"tags":[1011,27,479,1468,60],"class_list":{"0":"post-222219","1":"post","2":"type-post","3":"status-publish","4":"format-standard","5":"has-post-thumbnail","7":"category-rugby","8":"tag-fr","9":"tag-france","10":"tag-rugby","11":"tag-rugby-football","12":"tag-sports"},"share_on_mastodon":{"url":"https:\/\/pubeurope.com\/@fr\/114787221819461411","error":""},"_links":{"self":[{"href":"https:\/\/www.europesays.com\/fr\/wp-json\/wp\/v2\/posts\/222219","targetHints":{"allow":["GET"]}}],"collection":[{"href":"https:\/\/www.europesays.com\/fr\/wp-json\/wp\/v2\/posts"}],"about":[{"href":"https:\/\/www.europesays.com\/fr\/wp-json\/wp\/v2\/types\/post"}],"author":[{"embeddable":true,"href":"https:\/\/www.europesays.com\/fr\/wp-json\/wp\/v2\/users\/2"}],"replies":[{"embeddable":true,"href":"https:\/\/www.europesays.com\/fr\/wp-json\/wp\/v2\/comments?post=222219"}],"version-history":[{"count":0,"href":"https:\/\/www.europesays.com\/fr\/wp-json\/wp\/v2\/posts\/222219\/revisions"}],"wp:featuredmedia":[{"embeddable":true,"href":"https:\/\/www.europesays.com\/fr\/wp-json\/wp\/v2\/media\/222220"}],"wp:attachment":[{"href":"https:\/\/www.europesays.com\/fr\/wp-json\/wp\/v2\/media?parent=222219"}],"wp:term":[{"taxonomy":"category","embeddable":true,"href":"https:\/\/www.europesays.com\/fr\/wp-json\/wp\/v2\/categories?post=222219"},{"taxonomy":"post_tag","embeddable":true,"href":"https:\/\/www.europesays.com\/fr\/wp-json\/wp\/v2\/tags?post=222219"}],"curies":[{"name":"wp","href":"https:\/\/api.w.org\/{rel}","templated":true}]}}