{"id":222221,"date":"2025-07-03T03:39:12","date_gmt":"2025-07-03T03:39:12","guid":{"rendered":"https:\/\/www.europesays.com\/fr\/222221\/"},"modified":"2025-07-03T03:39:12","modified_gmt":"2025-07-03T03:39:12","slug":"tombeuse-de-la-15e-mondiale-parry-ne-senflamme-pas-cette-victoire-je-ne-vais-pas-la-placer-en-numero-1","status":"publish","type":"post","link":"https:\/\/www.europesays.com\/fr\/222221\/","title":{"rendered":"tombeuse de la 15e mondiale, Parry ne s\u2019enflamme pas, \u00abcette victoire, je ne vais pas la placer en num\u00e9ro 1\u00bb"},"content":{"rendered":"<p>Issue des qualifications, Diane Parry (118e) a surclass\u00e9 Diana Shnaider, 15e mondiale (6-4, 6-1) et aura un bon coup \u00e0 jouer au 3e tour. Mais la Boulonnaise garde la t\u00eate froide.<\/p>\n<p class=\"fig-paragraph\">La Fran\u00e7aise de 22 ans s\u2019offre\u00a0<a href=\"http:\/\/www.lefigaro.fr\/sports\/tennis\/wimbledon\/wimbledon-qualifiee-pour-le-3e-tour-parry-egale-sa-meilleure-performance-a-londres-20250702\" data-fig-type=\"NewsFlash\" data-gtm-custom-categorie=\"navigation\" data-gtm-custom-action=\"crossclick\" data-gtm-custom-label=\"Contextuel\" data-gtm-event=\"customEventSPE\" data-fig-domain=\"LEFIGARO\" target=\"_blank\" rel=\"noopener\">Diana Shnaider, t\u00eate de s\u00e9rie 12.\u00a0<\/a>Une belle surprise suppl\u00e9mentaire pour les Tricolores. L\u2019int\u00e9ress\u00e9e \u00e9gale son meilleur r\u00e9sultat sur le gazon londonien (2022, d\u00e9faite contre Ons Jabeur).\u00a0<a href=\"http:\/\/www.lefigaro.fr\/sports\/tennis\/wimbledon\/wimbledon-j-ai-un-jeu-qui-s-adapte-plutot-bien-au-gazon-savoure-parry-20250630\" data-fig-type=\"NewsFlash\" data-gtm-custom-categorie=\"navigation\" data-gtm-custom-action=\"crossclick\" data-gtm-custom-label=\"Contextuel\" data-gtm-event=\"customEventSPE\" data-fig-domain=\"LEFIGARO\" target=\"_blank\" rel=\"noopener\">Parry<\/a>\u00a0a pourtant mal d\u00e9but\u00e9. Elle s\u2019est retrouv\u00e9e men\u00e9e 4-2 dans le premier set. Mais ensuite, elle a tout renvers\u00e9 en encha\u00eenant les jeux\u00a0: \u00ab Il fallait faire un match tr\u00e8s s\u00e9rieux et tr\u00e8s solide et je suis contente d\u2019avoir r\u00e9ussi \u00e0 le faire. C\u2019est un petit peu bizarre car j\u2019avais l\u2019impression qu\u2019elle n\u2019\u00e9tait pas trop dedans. J\u2019ai utilis\u00e9 mon slice au maximum et \u00e0 bon escient.\u00bb Ce n\u2019est que la deuxi\u00e8me fois dans sa jeune carri\u00e8re qu\u2019elle domine une top 20, il est vrai pas dans son assiette ce mercredi. A-t-elle sign\u00e9 l\u2019une des plus belles victoires de sa carri\u00e8re\u00a0? \u00abJe ne vais pas la placer en num\u00e9ro un. Elle va \u00eatre dure \u00e0 classer puisque je n\u2019ai pas l\u2019impression non plus d\u2019avoir fait un match exceptionnel et mon adversaire n\u2019a pas \u00e9t\u00e9 non plus exceptionnelle.\u00bb<\/p>\n<p class=\"fig-paragraph\">Ce succ\u00e8s a en tout cas une saveur particuli\u00e8re\u00a0: \u00abC\u2019est le fait de revenir apr\u00e8s des mois difficiles (une blessure au genou), d\u2019encha\u00eener cinq bons matchs, d\u2019\u00eatre au troisi\u00e8me tour. Je vais revenir vers le top 100 (elle \u00e9tait 48e il y a encore quelques mois, NDLR). Je ne suis pas s\u00fbre d\u2019\u00eatre non plus tr\u00e8s bien class\u00e9e dans les 100, donc il va falloir que je bouge un peu les fesses.\u00bb Et une pr\u00e9sence en 8e de finale en Grand Chelem, ce qui serait une premi\u00e8re pour elle, l\u2019aiderait particuli\u00e8rement. Contre la Britannique Sonay Kartal (51e), Parry aura un r\u00e9el coup \u00e0 jouer vendredi\u00a0: \u00abJe ne la connais pas du tout. Je la vois depuis un an un peu sur le circuit, mais il va falloir que je regarde un petit peu sa fa\u00e7on de jouer et les matchs qu\u2019elle a pu faire sur gazon.\u00bb<\/p>\n","protected":false},"excerpt":{"rendered":"Issue des qualifications, Diane Parry (118e) a surclass\u00e9 Diana Shnaider, 15e mondiale (6-4, 6-1) et aura un bon&hellip;\n","protected":false},"author":2,"featured_media":222222,"comment_status":"","ping_status":"","sticky":false,"template":"","format":"standard","meta":{"footnotes":""},"categories":[1415],"tags":[1011,27,60,1467,4173],"class_list":{"0":"post-222221","1":"post","2":"type-post","3":"status-publish","4":"format-standard","5":"has-post-thumbnail","7":"category-tennis","8":"tag-fr","9":"tag-france","10":"tag-sports","11":"tag-tennis","12":"tag-wimbledon"},"share_on_mastodon":{"url":"https:\/\/pubeurope.com\/@fr\/114787225658441035","error":""},"_links":{"self":[{"href":"https:\/\/www.europesays.com\/fr\/wp-json\/wp\/v2\/posts\/222221","targetHints":{"allow":["GET"]}}],"collection":[{"href":"https:\/\/www.europesays.com\/fr\/wp-json\/wp\/v2\/posts"}],"about":[{"href":"https:\/\/www.europesays.com\/fr\/wp-json\/wp\/v2\/types\/post"}],"author":[{"embeddable":true,"href":"https:\/\/www.europesays.com\/fr\/wp-json\/wp\/v2\/users\/2"}],"replies":[{"embeddable":true,"href":"https:\/\/www.europesays.com\/fr\/wp-json\/wp\/v2\/comments?post=222221"}],"version-history":[{"count":0,"href":"https:\/\/www.europesays.com\/fr\/wp-json\/wp\/v2\/posts\/222221\/revisions"}],"wp:featuredmedia":[{"embeddable":true,"href":"https:\/\/www.europesays.com\/fr\/wp-json\/wp\/v2\/media\/222222"}],"wp:attachment":[{"href":"https:\/\/www.europesays.com\/fr\/wp-json\/wp\/v2\/media?parent=222221"}],"wp:term":[{"taxonomy":"category","embeddable":true,"href":"https:\/\/www.europesays.com\/fr\/wp-json\/wp\/v2\/categories?post=222221"},{"taxonomy":"post_tag","embeddable":true,"href":"https:\/\/www.europesays.com\/fr\/wp-json\/wp\/v2\/tags?post=222221"}],"curies":[{"name":"wp","href":"https:\/\/api.w.org\/{rel}","templated":true}]}}