{"id":222223,"date":"2025-07-03T03:41:16","date_gmt":"2025-07-03T03:41:16","guid":{"rendered":"https:\/\/www.europesays.com\/fr\/222223\/"},"modified":"2025-07-03T03:41:16","modified_gmt":"2025-07-03T03:41:16","slug":"motogp-la-sentence-implacable-sabat-sur-johann-zarco-expulse-du-top-six-au-classement-pilotes","status":"publish","type":"post","link":"https:\/\/www.europesays.com\/fr\/222223\/","title":{"rendered":"MotoGP La sentence implacable s&rsquo;abat sur Johann Zarco, expuls\u00e9 du top six, au classement pilotes"},"content":{"rendered":"<p>Cela devait arriver, un jour ou l\u2019autre, dans le cas de la confirmation de la baisse de r\u00e9gime d\u2019Honda, en MotoGP. Car la marque Japonaise vient d\u2019encha\u00eener un troisi\u00e8me mauvais Grand-Prix, dans la cat\u00e9gorie reine. Et la faute ne peut clairement pas \u00eatre mise sur les \u00e9paules de Johann Zarco, \u00e0 en juger par les performances de Johan Mir, en baisse \u00e9galement. La preuve que la moto nippone est dans le dur, en ce moment et m\u00eame, qu\u2019elle a retrouv\u00e9 son statut de machine la moins v\u00e9loce du plateau\u2026<\/p>\n<p>MotoGP : Honda et Yamaha, m\u00eame combat ?<\/p>\n<p>Ainsi, Johann Zarco, apr\u00e8s le Grand-Prix des Pays-Bas de MotoGP 2025, ne fait plus partie du top six du classement g\u00e9n\u00e9ral, c\u00f4t\u00e9 pilotes. Avec 121 points, suivant sa deuxi\u00e8me place \u00e0 Assen, c\u2019est Marco Bezzecchi qui jouit d\u00e9sormais du statut de meilleur pilote non-Ducati, au championnat. JZ5 reste toutefois septi\u00e8me, avec 101 unit\u00e9s mais voit le menace Pedro Acosta grossir dans ses r\u00e9troviseurs. M\u00eame sanction pour Fabio Quartararo, qui perd \u00e9galement une place, sortant ainsi du top dix.<\/p>\n<blockquote class=\"twitter-tweet\">\n<p dir=\"ltr\" lang=\"en\">Cold down lap incident \ud83d\ude02, lack of pace \ud83d\ude2e\u200d\ud83d\udca8 and positive vibes \ud83d\udcaa<\/p>\n<p>Read what the <a href=\"https:\/\/twitter.com\/hashtag\/MotoGP?src=hash&amp;ref_src=twsrc%5Etfw\" target=\"_blank\" rel=\"noopener nofollow\">#MotoGP<\/a> riders had to say after an eventful weekend at the Cathedral of Speed \ud83d\udde3\ufe0f<a href=\"https:\/\/twitter.com\/hashtag\/DutchGP?src=hash&amp;ref_src=twsrc%5Etfw\" target=\"_blank\" rel=\"noopener nofollow\">#DutchGP<\/a> \ud83c\uddf3\ud83c\uddf1 <a href=\"https:\/\/t.co\/SiVDGH7TTJ\" target=\"_blank\" rel=\"nofollow\">https:\/\/t.co\/SiVDGH7TTJ<\/a><\/p>\n<p>\u2014 MotoGP\u2122\ud83c\udfc1 (@MotoGP) <a href=\"https:\/\/twitter.com\/MotoGP\/status\/1939666479277863273?ref_src=twsrc%5Etfw\" target=\"_blank\" rel=\"noopener nofollow\">June 30, 2025<\/a><\/p>\n<\/blockquote>\n<p>C\u2019est Maverick Vinal\u00e8s, avec 69 unit\u00e9s, qui l\u2019en sort. Le pilote Tech3 KTM est lui aussi sur une belle s\u00e9rie. Voil\u00e0 qui confirme une tendance, celle d\u2019une p\u00e9riode moins favorable aux marques Japonaises, face \u00e0 Aprilia et KTM. La chaleur y a probablement contribu\u00e9 mais pas uniquement, du moins concernant Honda, qui semble avoir manqu\u00e9 le coche des \u00e9volutions, face \u00e0 ses concurrentes. Aussi, le Sachsenring puis Brno permettront peut-\u00eatre aux deux marques de r\u00e9agir, dans leurs domaines respectifs. O\u00f9 alors, de confirmer leur retard, en attendant la pause estivale\u2026<\/p>\n<p>\u00ab Nous sommes tr\u00e8s satisfaits !\u201c, s\u2019exclamait Maverick Vinal\u00e8s, apr\u00e8s son solide Grand-Prix des Pays-Bas de MotoGP 2025. \u201cCe fut une fois de plus un week-end tr\u00e8s positif, nous avions un gros potentiel. Je me sentais bien pendant la course, j\u2019avais un tr\u00e8s bon feeling avec l\u2019avant, mais je n\u2019ai pas r\u00e9ussi \u00e0 mener l\u2019arri\u00e8re au bout. \u00c0 dix tours de l\u2019arriv\u00e9e, j\u2019ai senti une \u00e9norme chute \u00e0 l\u2019arri\u00e8re et je n\u2019ai pas r\u00e9ussi \u00e0 r\u00e9aliser les bons chronos pour rattraper les pilotes de t\u00eate\u201d. <\/p>\n<p>\u201cCependant, il faut rester optimistes, nous sommes arriv\u00e9s au Parc Ferm\u00e9 et un top 5 est une belle r\u00e9compense. Nous avons vu aujourd\u2019hui que nous avions le rythme des pilotes de t\u00eate, mais une dixi\u00e8me place sur la grille ne suffit pas pour se battre avec eux. Notre objectif pour la prochaine manche sera donc de placer la moto sur les deux premi\u00e8res lignes. Continuons \u00e0 travailler, restons concentr\u00e9s sur l\u2019objectif, et l\u2019Allemagne sera un tr\u00e8s beau d\u00e9fi pour nous ! \u00bb, concluait le pilote espagnol, qui vise donc de meilleures qualifications, afin d\u2019avoir l\u2019opportunit\u00e9 de batailler pplus pr\u00e8s du podium.<\/p>\n<p>Place au classement int\u00e9gral des pilotes, apr\u00e8s Assen et avant le Grand-Prix d\u2019Allemagne de MotoGP 2025.<\/p>\n<p>1. Marc Marquez (ESP\/Ducati) 307 points<\/p>\n<p>2. Alex Marquez (ESP\/Ducati-Gresini) 239 points<\/p>\n<p>3. Francesco Bagnaia (ITA\/Ducati) 181 points<\/p>\n<p>4. Franco Morbidelli (ITA\/Ducati-VR46) 139 points<\/p>\n<p>5. Fabio Di Giannantonio (ITA\/Ducati-VR46) 136 points<\/p>\n<p>6. Marco Bezzecchi (ITA\/Aprilia) 121 points<\/p>\n<p>7. Johann Zarco (FRA\/Honda-LCR) 101 points<\/p>\n<p>8. Pedro Acosta (ESP\/KTM) 98 points<\/p>\n<p>9. Ferm\u00edn Aldeguer (ESP\/Ducati-Gresini) 81 points<\/p>\n<p>10. Maverick Vinales (ESP\/KTM-Tech3) 69 points<\/p>\n<p>11. Fabio Quartararo (FRA\/Yamaha) 67 points<\/p>\n<p>12. Ai Ogura (JPN\/Aprilia-Trackhouse) 49 points<\/p>\n<p>13. Brad Binder (RSA\/KTM) 47 points<\/p>\n<p>14. Raul Fernandez (ESP\/Aprilia-Trackhouse) 44 points<\/p>\n<p>15. Enea Bastianini (ITA\/KTM-Tech3) 42 points<\/p>\n<p>16. Luca Marini (ITA\/Honda) 38 points<\/p>\n<p>17. Alex Rins (ESP\/Yamaha) 35 points<\/p>\n<p>18. Jack Miller (AUS\/Yamaha-Pramac) 33 points<\/p>\n<p>19. Joan Mir (ESP\/Honda) 32 points<\/p>\n<p>20. Takaaki Nakagami (JPN\/Team HRC) 10 points<\/p>\n<p>21. Lorenzo Savadori (ITA\/Aprilia) 8 points<\/p>\n<p>22. Augusto Fernandez (ESP\/Yamaha-Pramac) 6 points<\/p>\n<p>23. Miguel Oliveira (POR\/Yamaha-Pramac) 6 points<\/p>\n<p>24. Somkiat Chantra (THA\/Honda-LCR) 1 point<\/p>\n<p>Article publi\u00e9 le 01\/07\/2025 \u00e0 5h49<\/p>\n<p>                                                            <script async src=\"https:\/\/platform.twitter.com\/widgets.js\" charset=\"utf-8\"><\/script><\/p>\n","protected":false},"excerpt":{"rendered":"Cela devait arriver, un jour ou l\u2019autre, dans le cas de la confirmation de la baisse de r\u00e9gime&hellip;\n","protected":false},"author":2,"featured_media":222224,"comment_status":"","ping_status":"","sticky":false,"template":"","format":"standard","meta":{"footnotes":""},"categories":[1413],"tags":[1981,1011,27,1741,1457,1456,1458,60],"class_list":{"0":"post-222223","1":"post","2":"type-post","3":"status-publish","4":"format-standard","5":"has-post-thumbnail","7":"category-moto","8":"tag-classement","9":"tag-fr","10":"tag-france","11":"tag-johann-zarco","12":"tag-moto","13":"tag-motocycle","14":"tag-motogp","15":"tag-sports"},"share_on_mastodon":{"url":"https:\/\/pubeurope.com\/@fr\/114787233601071812","error":""},"_links":{"self":[{"href":"https:\/\/www.europesays.com\/fr\/wp-json\/wp\/v2\/posts\/222223","targetHints":{"allow":["GET"]}}],"collection":[{"href":"https:\/\/www.europesays.com\/fr\/wp-json\/wp\/v2\/posts"}],"about":[{"href":"https:\/\/www.europesays.com\/fr\/wp-json\/wp\/v2\/types\/post"}],"author":[{"embeddable":true,"href":"https:\/\/www.europesays.com\/fr\/wp-json\/wp\/v2\/users\/2"}],"replies":[{"embeddable":true,"href":"https:\/\/www.europesays.com\/fr\/wp-json\/wp\/v2\/comments?post=222223"}],"version-history":[{"count":0,"href":"https:\/\/www.europesays.com\/fr\/wp-json\/wp\/v2\/posts\/222223\/revisions"}],"wp:featuredmedia":[{"embeddable":true,"href":"https:\/\/www.europesays.com\/fr\/wp-json\/wp\/v2\/media\/222224"}],"wp:attachment":[{"href":"https:\/\/www.europesays.com\/fr\/wp-json\/wp\/v2\/media?parent=222223"}],"wp:term":[{"taxonomy":"category","embeddable":true,"href":"https:\/\/www.europesays.com\/fr\/wp-json\/wp\/v2\/categories?post=222223"},{"taxonomy":"post_tag","embeddable":true,"href":"https:\/\/www.europesays.com\/fr\/wp-json\/wp\/v2\/tags?post=222223"}],"curies":[{"name":"wp","href":"https:\/\/api.w.org\/{rel}","templated":true}]}}