{"id":222241,"date":"2025-07-03T03:51:09","date_gmt":"2025-07-03T03:51:09","guid":{"rendered":"https:\/\/www.europesays.com\/fr\/222241\/"},"modified":"2025-07-03T03:51:09","modified_gmt":"2025-07-03T03:51:09","slug":"le-nouveau-variant-nb-1-8-1-peut-il-entrainer-une-recrudescence-de-cas-cet-ete","status":"publish","type":"post","link":"https:\/\/www.europesays.com\/fr\/222241\/","title":{"rendered":"le nouveau variant NB.1.8.1 peut-il entrainer une recrudescence de cas cet \u00e9t\u00e9 ?"},"content":{"rendered":"\n<p>Depuis le d\u00e9but de l\u2019ann\u00e9e, une nouvelle version du variant Omicron a suscit\u00e9 un rebond \u00e9pid\u00e9mique important en Asie. Sa pr\u00e9valence, encore faible, augmente en Am\u00e9rique du Nord et dans plusieurs pays d\u2019Europe, laissant pr\u00e9sager qu\u2019il devienne dominant. Face au risque d\u2019une reprise \u00e9pid\u00e9mique de Covid-19 pendant les mois d\u2019\u00e9t\u00e9,\u00a0due notamment \u00e0 ce variant plus transmissible, <a href=\"https:\/\/www.academie-medecine.fr\/covid-19-il-est-encore-temps-pour-la-vaccination-des-personnes-les-plus-a-risque-protegeons-les\/\" target=\"_blank\" rel=\"nofollow noopener\">l\u2019Acad\u00e9mie nationale de m\u00e9decine<\/a> recommande de vacciner sans tarder\u00a0les personnes les plus fragiles [<a onclick=\"showToolTip(this, &#039;references&#039;, 1);\" href=\"https:\/\/francais.medscape.com\/voirarticle\/javascript:void(0);\" rel=\"nofollow noopener\" target=\"_blank\">1<\/a>].<\/p>\n<p>       <b>Variant plac\u00e9 sous surveillance<\/b>  <\/p>\n<p>Janvier 2025 a vu apparaitre en Chine un nouveau variant du SARS-CoV-2, d\u00e9nomm\u00e9 NB.1.8.1.<b>\u00a0\u00ab\u00a0<\/b>Plusieurs mutations le diff\u00e9rencient des variants Omicron circulant actuellement\u00a0: suivant leur position, ces mutations pourraient am\u00e9liorer l\u2019affinit\u00e9 de liaison au r\u00e9cepteur cellulaire ACE2 et augmenter la transmissibilit\u00e9 du virus, mais aussi faciliter son \u00e9chappement aux anticorps induits par des infections ou des vaccinations ant\u00e9rieures\u00a0\u00bb \u00e9crit l\u2019Acad\u00e9mie de m\u00e9decine<b>. <\/b>Depuis le d\u00e9but de l\u2019ann\u00e9e 2025, ce variant a d\u2019ailleurs suscit\u00e9 un rebond \u00e9pid\u00e9mique important en Asie (Hong Kong, Ta\u00efwan, Singapour). S\u2019il ne semble pas d\u00e9terminer, \u00e0 ce jour, des formes cliniques plus s\u00e9v\u00e8res que les autres variants en circulation mais, il a n\u00e9anmoins \u00e9t\u00e9 class\u00e9 <a href=\"https:\/\/cdn.who.int\/media\/docs\/default-source\/documents\/epp\/tracking-sars-cov-2\/23052025_nb.1.8.1_ire.pdf\" target=\"_blank\" rel=\"nofollow noopener\">le 23 mai 2025 par l\u2019OMS<\/a> parmi les variants plac\u00e9s sous surveillance.<\/p>\n<p>Concernant les sympt\u00f4mes de ce variant, ils semblent \u00eatre similaires aux pr\u00e9c\u00e9dents variants du virus, avec des sympt\u00f4mes tels que la fi\u00e8vre, les maux de t\u00eate, la toux, l&rsquo;\u00e9coulement nasal, la fatigue, les courbatures, les naus\u00e9es, les vomissements et la diarrh\u00e9e, a d\u00e9clar\u00e9 <b>Shirin Mazumder<\/b>, m\u00e9decin sp\u00e9cialiste des maladies infectieuses \u00e0 Memphis (Tennessee), lors d&rsquo;une interview <a href=\"https:\/\/www.medscape.com\/viewarticle\/who-eyes-emerging-covid-19-variant-2025a1000gmp?_gl=1*jk5is6*_gcl_au*MjI5ODMyMjM1LjE3NDgzNTkxMDI.\" rel=\"nofollow noopener\" target=\"_blank\"> \u00e0 nos confr\u00e8res de Medscape Medical News <\/a>.<\/p>\n<p>\u00ab Le mal de gorge est un sympt\u00f4me courant du Covid-19 qui se manifeste chez plus de 70 % des patients \u00bb, a-t-elle d\u00e9clar\u00e9. Bien que certains rapports d\u00e9crivent le mal de gorge associ\u00e9 \u00e0 NB.1.8.1 comme plus aigu et \u00e9voquant une \u00ab lame de rasoir \u00bb, il n&rsquo;est pas certain que ce sympt\u00f4me soit distinctif de ce nouveau variant, a-t-elle fait remarquer.<\/p>\n<p>Pour ce qui est de la gravit\u00e9, elle ne semble pas \u00eatre augment\u00e9e, a d\u00e9clar\u00e9 la Dre Mazumder \u00e0 Medscape Medical News. \u00ab Bien que la plupart des personnes se r\u00e9tablissent apr\u00e8s une infection par le Covid-19, certaines devront \u00eatre hospitalis\u00e9es et d&rsquo;autres d\u00e9velopperont un Covid long, comme nous l&rsquo;avons vu avec d&rsquo;autres variants \u00bb, a-t-elle pr\u00e9cis\u00e9.<\/p>\n<p>\u00c0 ce jour, aucune \u00e9tude n&rsquo;a rapport\u00e9 d&rsquo;impact du NB.1.8.1 sur les r\u00e9sultats cliniques, et aucune preuve disponible ne sugg\u00e8re une r\u00e9sistance au nirmatrelvir (Paxlovid), selon l&rsquo;OMS, qui pr\u00e9cise que les vaccins actuellement utilis\u00e9s restent efficaces contre les formes symptomatiques et graves.<\/p>\n<p>       <b>Quid de sa circulation en Europe\u00a0?<\/b>  <\/p>\n<p>Apr\u00e8s l\u2019OMS, le <a href=\"https:\/\/www.ecdc.europa.eu\/en\/news-events\/epidemiological-update-sars-cov-2-and-nb181-variant-assessment\" target=\"_blank\" rel=\"nofollow noopener\">Centre europ\u00e9en de pr\u00e9vention et de contr\u00f4le des maladies<\/a> (ECDC) a lui aussi plac\u00e9 le variant NB.1.8.1 du SARS-CoV-2 sous surveillance, c\u2019est le 5\u00e8me sur la liste [<a onclick=\"showToolTip(this, &#039;references&#039;, 3);\" href=\"https:\/\/francais.medscape.com\/voirarticle\/javascript:void(0);\" rel=\"nofollow noopener\" target=\"_blank\">3<\/a>]. \u00ab\u00a0Si l\u2019activit\u00e9 du virus ces derni\u00e8res semaines dans l\u2019Union Europ\u00e9enne\/Espace \u00e9conomique europ\u00e9en montre une l\u00e9g\u00e8re augmentation des cas, les taux de consultation en soins primaires respiratoires restent \u00e9gaux ou inf\u00e9rieurs aux niveaux g\u00e9n\u00e9ralement observ\u00e9s \u00e0 cette m\u00eame p\u00e9riode, les saisons pr\u00e9c\u00e9dentes. En outre, NB.1.8.1 n\u2019a, \u00e0 ce stade, pas d\u2019impact significatif sur les indicateurs de gravit\u00e9 comme les hospitalisations, les admissions en soins intensifs et les d\u00e9c\u00e8s\u00a0\u00bb, stipule le communiqu\u00e9 publi\u00e9 le 13\u00a0juin. <b>Edoardo Colzani<\/b>, <a href=\"https:\/\/www.ecdc.europa.eu\/en\/news-events\/slow-increases-covid-19-observed-across-eueea-new-variant-emerges\" target=\"_blank\" rel=\"nofollow noopener\">responsable des virus respiratoires \u00e0 l\u2019ECDC<\/a>, a n\u00e9anmoins pr\u00e9venu\u00a0que si \u00ab\u00a0le SARS-CoV-2 circule actuellement \u00e0 de faibles niveaux dans l\u2019UE\/EEE [\u2026] son incidence pourrait augmenter dans les semaines \u00e0 venir\u00a0\u00bb (voir encadr\u00e9 ci-dessous).<\/p>\n<p>L\u2019inqui\u00e9tude de l\u2019ECDC porte essentiellement sur la couverture vaccinale des personnes les plus fragiles\u00a0: \u00ab\u00a0Nous ne pr\u00e9voyons pas que le variant NB.1.8.1 pr\u00e9sente un risque plus important pour la sant\u00e9 publique que les autres variants issus d\u2019Omicron, et nous ne pr\u00e9voyons pas non plus d\u2019impact significatif sur l\u2019efficacit\u00e9 du vaccin contre les formes graves de la maladie, affirme Edoardo Colzani<b>.<\/b> Cependant, apr\u00e8s un hiver marqu\u00e9 par une faible circulation du SARS-CoV-2, l\u2019immunit\u00e9 de la population contre le SARS-CoV-2 pourrait avoir partiellement diminu\u00e9, en particulier chez les personnes \u00e2g\u00e9es et les autres personnes pr\u00e9sentant un risque plus \u00e9lev\u00e9 de forme grave, ce qui pourrait accro\u00eetre la vuln\u00e9rabilit\u00e9 \u00e0 mesure que l\u2019activit\u00e9 virale augmente.\u00a0\u00bb<\/p>\n<p>       <b>Vaccination des plus fragiles recommand\u00e9e<\/b>  <\/p>\n<p>En \u00e9cho \u00e0 ces avertissements des chercheurs europ\u00e9ens, l\u2019Acad\u00e9mie de M\u00e9decine a \u00e9mis un avis le 25 juin dans lequel elle \u00e9voque \u00ab\u00a0le risque d\u2019une possible prochaine reprise \u00e9pid\u00e9mique en France pendant les mois d\u2019\u00e9t\u00e9\u00a0\u00bb. Pour y faire face, elle recommande\u00a0qu\u2019une vaccination soit faite sans tarder\u00a0\u00e0\u00a0:<\/p>\n<p>\u2013 l\u2019ensemble des personnes identifi\u00e9es \u00e0 tr\u00e8s haut risque de formes graves (d\u2019\u00e2ge \u00e9gal ou sup\u00e9rieur \u00e0 80 ans, immunod\u00e9prim\u00e9s, r\u00e9sidents en \u00e9tablissement pour personnes \u00e2g\u00e9es d\u00e9pendantes ou en Unit\u00e9 de soins de longue dur\u00e9e) vaccin\u00e9es ou non \u00e0 l\u2019automne 2024;<\/p>\n<p>\u2013 l\u2019ensemble des personnes \u00e9ligibles pour une vaccination annuelle (d\u2019\u00e2ge \u00e9gal ou sup\u00e9rieur \u00e0 65 ans, femmes enceintes, avec comorbidit\u00e9s, ou en contacts r\u00e9guliers avec des personnes fragiles ou immunod\u00e9prim\u00e9es), mais n\u2019ayant pas \u00e9t\u00e9 vaccin\u00e9es \u00e0 l\u2019automne 2024.<\/p>\n<p>La campagne de vaccination de printemps, <a href=\"https:\/\/francais.medscape.com\/s\/voirarticle\/3612751\" rel=\"nofollow noopener\" target=\"_blank\">lanc\u00e9e le 15 avril 2025<\/a> et destin\u00e9e aux personnes les plus fragiles ne semble pas rencontrer une forte adh\u00e9sion dans la population cible\u00a0; elle pourrait \u00eatre prolong\u00e9e jusqu\u2019au 15 juillet, indique l\u2019Acad\u00e9mie de m\u00e9decine.<\/p>\n<p> <b>Sc\u00e9narios pour l\u2019\u00e9t\u00e9 2025 selon l\u2019ECDC<\/b> <\/p>\n<p>L&rsquo;ECDC a r\u00e9alis\u00e9 des <a href=\"https:\/\/www.ecdc.europa.eu\/en\/news-events\/epidemiological-update-sars-cov-2-and-nb181-variant-assessment\" target=\"_blank\" rel=\"nofollow noopener\">projections de sc\u00e9narios pour la dynamique<\/a> du Covid-19 dans l&rsquo;UE\/EEE entre juin et d\u00e9cembre 2025 en se basant sur les donn\u00e9es collect\u00e9es dans 6 pays. Ces projections ont permis de tirer trois conclusions essentielles. Premi\u00e8rement, le mod\u00e8le sugg\u00e8re que l&rsquo;immunit\u00e9 au niveau de la population a consid\u00e9rablement diminu\u00e9 depuis la fin de 2024, en raison des faibles niveaux de circulation du SARS-CoV-2 au cours de l&rsquo;hiver 2024\/25. \u00ab\u00a0Pour les six pays consid\u00e9r\u00e9s, l&rsquo;immunit\u00e9 de la population est l\u00e9g\u00e8rement plus faible en juin 2025 qu&rsquo;en juin 2024, c&rsquo;est-\u00e0-dire l\u00e9g\u00e8rement plus faible qu&rsquo;avant les vagues de Covid-19 en 2024\u00a0\u00bb, \u00e9crit l\u2019ECDC. Deuxi\u00e8mement, les projections du sc\u00e9nario sugg\u00e8rent que la faible immunit\u00e9 de la population, en l&rsquo;absence de toute modification de la transmissibilit\u00e9 et\/ou de la gravit\u00e9 du variant, est suffisante pour provoquer une vague de Covid-19 dans l&rsquo;UE\/EEE au cours de l&rsquo;\u00e9t\u00e9 2025. Troisi\u00e8mement, les projections des sc\u00e9narios sugg\u00e8rent un pic d&rsquo;admissions hospitali\u00e8res d&rsquo;une ampleur comparable \u00e0 celui qui s&rsquo;est produit au cours de l&rsquo;\u00e9t\u00e9 2024, bien qu&rsquo;avec des variations et une incertitude marqu\u00e9es entre les pays et les sc\u00e9narios.<\/p>\n<p>\u00a0<\/p>\n<p> Suivez\u00a0Medscape en fran\u00e7ais\u00a0sur\u00a0 <a href=\"https:\/\/bsky.app\/profile\/medscapefrancais.bsky.social\" target=\"_blank\" rel=\"nofollow noopener\"> Bluesky <\/a> , <a href=\"https:\/\/www.facebook.com\/MedscapeFrancais\" target=\"_blank\" rel=\"nofollow noopener\"> Facebook <\/a> , <a href=\"https:\/\/www.instagram.com\/medscapefrancais\/\" target=\"_blank\" rel=\"nofollow noopener\"> Instagram <\/a> , <a href=\"https:\/\/www.linkedin.com\/showcase\/medscape-%C3%A9dition-fran%C3%A7aise\" target=\"_blank\" rel=\"nofollow noopener\"> Linkedin <\/a> , <a href=\"https:\/\/www.youtube.com\/channel\/UCzLtId7FqO0SPYqQYgXU_5Q\" target=\"_blank\" rel=\"nofollow noopener\"> Youtube <\/a> . <\/p>\n<p> Inscrivez-vous aux\u00a0newsletters\u00a0de Medscape\u00a0:\u00a0 <a href=\"https:\/\/www.medscape.com\/newsletters?lang=fr&amp;client=205502&amp;scode=msp&amp;src=link_edit_site_mscpmrk_fr_nlsub_art\" target=\"_blank\" rel=\"nofollow noopener\"> s\u00e9lectionnez vos choix <\/a> <\/p>\n<p>     <script async src=\"\/\/www.instagram.com\/embed.js\"><\/script><\/p>\n","protected":false},"excerpt":{"rendered":"Depuis le d\u00e9but de l\u2019ann\u00e9e, une nouvelle version du variant Omicron a suscit\u00e9 un rebond \u00e9pid\u00e9mique important en&hellip;\n","protected":false},"author":2,"featured_media":222242,"comment_status":"","ping_status":"","sticky":false,"template":"","format":"standard","meta":{"footnotes":""},"categories":[10],"tags":[1011,27,72,71],"class_list":{"0":"post-222241","1":"post","2":"type-post","3":"status-publish","4":"format-standard","5":"has-post-thumbnail","7":"category-sante","8":"tag-fr","9":"tag-france","10":"tag-health","11":"tag-sante"},"share_on_mastodon":{"url":"https:\/\/pubeurope.com\/@fr\/114787272861553131","error":""},"_links":{"self":[{"href":"https:\/\/www.europesays.com\/fr\/wp-json\/wp\/v2\/posts\/222241","targetHints":{"allow":["GET"]}}],"collection":[{"href":"https:\/\/www.europesays.com\/fr\/wp-json\/wp\/v2\/posts"}],"about":[{"href":"https:\/\/www.europesays.com\/fr\/wp-json\/wp\/v2\/types\/post"}],"author":[{"embeddable":true,"href":"https:\/\/www.europesays.com\/fr\/wp-json\/wp\/v2\/users\/2"}],"replies":[{"embeddable":true,"href":"https:\/\/www.europesays.com\/fr\/wp-json\/wp\/v2\/comments?post=222241"}],"version-history":[{"count":0,"href":"https:\/\/www.europesays.com\/fr\/wp-json\/wp\/v2\/posts\/222241\/revisions"}],"wp:featuredmedia":[{"embeddable":true,"href":"https:\/\/www.europesays.com\/fr\/wp-json\/wp\/v2\/media\/222242"}],"wp:attachment":[{"href":"https:\/\/www.europesays.com\/fr\/wp-json\/wp\/v2\/media?parent=222241"}],"wp:term":[{"taxonomy":"category","embeddable":true,"href":"https:\/\/www.europesays.com\/fr\/wp-json\/wp\/v2\/categories?post=222241"},{"taxonomy":"post_tag","embeddable":true,"href":"https:\/\/www.europesays.com\/fr\/wp-json\/wp\/v2\/tags?post=222241"}],"curies":[{"name":"wp","href":"https:\/\/api.w.org\/{rel}","templated":true}]}}