{"id":222249,"date":"2025-07-03T03:55:10","date_gmt":"2025-07-03T03:55:10","guid":{"rendered":"https:\/\/www.europesays.com\/fr\/222249\/"},"modified":"2025-07-03T03:55:10","modified_gmt":"2025-07-03T03:55:10","slug":"amazon-se-presse-avant-le-jour-j-voici-10-pepites-de-folie-ce-mercredi-%f0%9f%94%a5","status":"publish","type":"post","link":"https:\/\/www.europesays.com\/fr\/222249\/","title":{"rendered":"Amazon se presse avant le jour J, voici 10 p\u00e9pites de FOLIE ce mercredi \ud83d\udd25"},"content":{"rendered":"<p>Cette ann\u00e9e, Amazon revient en force avec une \u00e9dition 2025 du Prime Day qui se d\u00e9roule pour la premi\u00e8re fois sur une p\u00e9riode de 4 jours (contre 2 jours lors des derni\u00e8res \u00e9ditions). Au programme, on s\u2019attend \u00e0 voir de nombreux produits propos\u00e9s \u00e0 leurs prix les plus bas de l\u2019ann\u00e9e.<\/p>\n<p>Si vous envisagez de renouveler votre \u00e9quipement TV, vous \u00e9quiper d\u2019un nouveau smartphone, tablette, PC, casque audio, aspirateur balai sans fil, ou acqu\u00e9rir un produit connect\u00e9 avec Alexa de la gamme Echo, Fire TV, Ring, Blink ou Kindle \u00e0 moindre co\u00fbt, c\u2019est le rendez-vous incontournable de l\u2019\u00e9t\u00e9.<\/p>\n<p class=\"comp-p not-prose\"><a class=\"comp-button\" href=\"https:\/\/shop.journaldugeek.com\/go\/11276\/\" target=\"_self\" rel=\"sponsored nofollow noopener\">Voir les offres en avant-premi\u00e8re Prime Day<\/a><\/p>\n<p>Vous pouvez r\u00e9aliser les meilleures affaires sur de nombreux produits high-tech, mais aussi sur toutes les autres cat\u00e9gories, et notamment maison et cuisine, jardin, mode, bricolage, mobilier, beaut\u00e9, sant\u00e9 et hygi\u00e8ne, etc.<\/p>\n<p>Comme lors des \u00e9ditions pr\u00e9c\u00e9dentes, le facteur temps joue un r\u00f4le crucial\u00a0: tout part tr\u00e8s vite, et il faut donc se d\u00e9p\u00eacher une fois que vous avez trouv\u00e9 le produit tant convoit\u00e9. On vous conseille donc de vous tenir pr\u00eat avant le jour J, et ajouter les articles qui vous int\u00e9ressent dans votre liste d\u2019envies.<\/p>\n<p>Prime Day\u00a0: les meilleures offres \u00e0 saisir en avant-premi\u00e8re<\/p>\n<p>Nous avons fait un peu le tour sur le site d\u2019Amazon, et on trouve d\u00e9j\u00e0 des promos qui valent vraiment le coup. Certaines r\u00e9serv\u00e9es uniquement aux membres Prime, d\u2019autres disponibles pour tout le monde. Vous pouvez les retrouver dans la liste (non exhaustive) que nous avons pr\u00e9par\u00e9e ci-dessous.<\/p>\n<p>Comme vous pouvez le voir, on trouve d\u00e9j\u00e0 pas mal de promotions, notamment sur les grandes marques comme Google, Apple, Samsung, Bose, ou encore Roborock, Tineco et Lenovo. Il y en a clairement pour tous les budgets, et vous pouvez vous faire plaisir tout en \u00e9conomisant un maximum sur vos achats. Notamment de tr\u00e8s belles r\u00e9ductions sur les aspirateurs-laveurs qui rencontrent un \u00e9norme succ\u00e8s aupr\u00e8s du public.<\/p>\n<p>Ainsi que sur les batteries portables EcoFlow, id\u00e9ales pour disposer d\u2019une source d\u2019alimentation partout, n\u2019importe quand. On devrait \u00e9galement voir lors du Prime Day des ristournes sur toute la gamme de produits connect\u00e9s Amazon, et notamment sur les appareils Echo, Fire Stick TV, Ring, Blink, Netatmo, etc. Aussi, le principe du Prime Day reste inchang\u00e9, et il faut \u00eatre membre Prime pour pouvoir avoir acc\u00e8s aux ventes flash mises en avant durant l\u2019op\u00e9ration.<\/p>\n<p>On rappelle que l\u2019abonnement annuel \u00e0 Prime co\u00fbte 69,90 euros, tandis que celui mensuel est propos\u00e9 \u00e0 6,99 euros. Les \u00e9tudiants et les 18-22 ans profitent d\u2019un tarif avantageux de 3,49 euros par mois. Si vous souhaitez participer sans rien payer, c\u2019est \u00e9galement possible, en prenant <a href=\"https:\/\/shop.journaldugeek.com\/go\/10793\/\" target=\"_blank\" rel=\"nofollow noopener\">l\u2019essai gratuit de 30 jours \u00e0 Prime<\/a>. Sans engagement, vous pouvez l\u2019annuler \u00e0 tout moment si vous ne souhaitez pas continuer apr\u00e8s cette p\u00e9riode.<\/p>\n<p>Gr\u00e2ce \u00e0 ce dernier, vous pourrez profiter de toutes les offres du Prime Day, mais aussi d\u00e9couvrir <a href=\"https:\/\/www.journaldugeek.com\/2025\/06\/30\/pour-les-prime-day-damazon-ces-services-sont-100-gratuits-mais-il-ny-en-aura-pas-pour-tout-le-monde\/\" target=\"_blank\" rel=\"false noopener\">tous les services inclus dans l\u2019abonnement<\/a> (Prime Video, Prime Gaming, Amazon Music Prime, etc.), sans oublier la livraison gratuite en 1 jour ouvr\u00e9 sur de nombreux produits. Avant le d\u00e9but du Prime Day, Amazon est donc d\u00e9j\u00e0 dans les starting-blocks, pr\u00eat \u00e0 nous proposer des r\u00e9ductions toujours aussi all\u00e9chantes pour sa plus grosse op\u00e9ration de l\u2019ann\u00e9e.<\/p>\n<p>Si vous n\u2019avez pas la patience d\u2019attendre jusqu\u2019\u00e0 l\u2019\u00e9dition automnale qui se tient habituellement chaque ann\u00e9e au mois d\u2019octobre, c\u2019est un \u00e9v\u00e8nement qu\u2019il ne faut manquer sous aucun pr\u00e9texte.<\/p>\n<p>Pour voir toutes les promos en cours c\u2019est par ici\u00a0:<\/p>\n<p class=\"comp-p not-prose\"><a class=\"comp-button\" href=\"https:\/\/shop.journaldugeek.com\/go\/11276\/\" target=\"_self\" rel=\"sponsored nofollow noopener\">Voir les offres en avant-premi\u00e8re Prime Day<\/a><\/p>\n<blockquote>\n<p class=\"text-base text-neutral-700 dark:text-neutral-300\">\ud83d\udfe3 Pour ne manquer aucune news sur le Journal du Geek, abonnez-vous sur <a href=\"https:\/\/news.google.com\/publications\/CAAqBwgKMNr_hAswwYyCAw?hl=fr&amp;gl=FR&amp;ceid=FR%3Afr\" target=\"_blank\" rel=\"noopener\">Google Actualit\u00e9s<\/a> et sur <a href=\"https:\/\/whatsapp.com\/channel\/0029VaClM5y4tRry12tb7D2h\" target=\"_blank\" rel=\"noopener\">notre WhatsApp<\/a>. Et si vous nous adorez, on a <a href=\"https:\/\/www.journaldugeek.com\/newsletter\/\" target=\"_blank\" rel=\"noopener\">une newsletter tous les matins<\/a>.<\/p>\n<\/blockquote>\n<p>        Ce qu&rsquo;il faut savoir sur nos bons plans<\/p>\n<p>Ce contenu vous est propos\u00e9 par les experts bons plans de JDG.<br \/>&#13;<br \/>\nLa r\u00e9daction n&rsquo;a pas particip\u00e9 \u00e0 sa r\u00e9alisation. Il est possible que cette publication contienne un lien d&rsquo;affiliation\u00a0: l&rsquo;e-commer\u00e7ant pourra alors nous reverser une commission (pour vous, rien ne change). Les prix mentionn\u00e9s dans cet article sont susceptibles d&rsquo;\u00e9voluer et les offres d&rsquo;expirer. Merci de bien regarder la date de publication.<\/p>\n","protected":false},"excerpt":{"rendered":"Cette ann\u00e9e, Amazon revient en force avec une \u00e9dition 2025 du Prime Day qui se d\u00e9roule pour la&hellip;\n","protected":false},"author":2,"featured_media":222250,"comment_status":"","ping_status":"","sticky":false,"template":"","format":"standard","meta":{"footnotes":""},"categories":[6],"tags":[4239,1134,35,33,34,1011,27,36144],"class_list":{"0":"post-222249","1":"post","2":"type-post","3":"status-publish","4":"format-standard","5":"has-post-thumbnail","7":"category-economie","8":"tag-amazon","9":"tag-bon-plan","10":"tag-business","11":"tag-economie","12":"tag-economy","13":"tag-fr","14":"tag-france","15":"tag-prime-day"},"share_on_mastodon":{"url":"https:\/\/pubeurope.com\/@fr\/114787288649720016","error":""},"_links":{"self":[{"href":"https:\/\/www.europesays.com\/fr\/wp-json\/wp\/v2\/posts\/222249","targetHints":{"allow":["GET"]}}],"collection":[{"href":"https:\/\/www.europesays.com\/fr\/wp-json\/wp\/v2\/posts"}],"about":[{"href":"https:\/\/www.europesays.com\/fr\/wp-json\/wp\/v2\/types\/post"}],"author":[{"embeddable":true,"href":"https:\/\/www.europesays.com\/fr\/wp-json\/wp\/v2\/users\/2"}],"replies":[{"embeddable":true,"href":"https:\/\/www.europesays.com\/fr\/wp-json\/wp\/v2\/comments?post=222249"}],"version-history":[{"count":0,"href":"https:\/\/www.europesays.com\/fr\/wp-json\/wp\/v2\/posts\/222249\/revisions"}],"wp:featuredmedia":[{"embeddable":true,"href":"https:\/\/www.europesays.com\/fr\/wp-json\/wp\/v2\/media\/222250"}],"wp:attachment":[{"href":"https:\/\/www.europesays.com\/fr\/wp-json\/wp\/v2\/media?parent=222249"}],"wp:term":[{"taxonomy":"category","embeddable":true,"href":"https:\/\/www.europesays.com\/fr\/wp-json\/wp\/v2\/categories?post=222249"},{"taxonomy":"post_tag","embeddable":true,"href":"https:\/\/www.europesays.com\/fr\/wp-json\/wp\/v2\/tags?post=222249"}],"curies":[{"name":"wp","href":"https:\/\/api.w.org\/{rel}","templated":true}]}}