{"id":222296,"date":"2025-07-03T04:29:12","date_gmt":"2025-07-03T04:29:12","guid":{"rendered":"https:\/\/www.europesays.com\/fr\/222296\/"},"modified":"2025-07-03T04:29:12","modified_gmt":"2025-07-03T04:29:12","slug":"rhone-quentin-le-petit-prodige-passe-par-lyon-a-gagne-top-chef-2025-et-apres-je-veux-prendre-le-temps","status":"publish","type":"post","link":"https:\/\/www.europesays.com\/fr\/222296\/","title":{"rendered":"Rh\u00f4ne. Quentin, le \u201cpetit prodige\u201d pass\u00e9 par Lyon, a gagn\u00e9 Top Chef 2025. Et apr\u00e8s\u00a0? \u00ab Je veux prendre le temps \u00bb"},"content":{"rendered":"<p>Le titre de son portrait dans l\u2019\u00e9mission \u00e9tait pr\u00e9monitoire. Pr\u00e9sent\u00e9 par la production comme \u201cle petit prodige\u201d de la saison 16 de Top Chef, Quentin Mauro, 25 ans, a brill\u00e9 tout au long du parcours. Choisi par <a href=\"https:\/\/www.leprogres.fr\/p\/glenn-viel\" target=\"_blank\" rel=\"noopener\">Glenn Viel<\/a>, avec lequel il a imm\u00e9diatement ressenti une grande proximit\u00e9, il est devenu un des chouchous du public et a trac\u00e9 son chemin jusqu\u2019en finale, qui s\u2019est jou\u00e9e sur une p\u00e9niche parisienne avec de nombreux chefs \u00e9toil\u00e9s. Une finale qu\u2019il a remport\u00e9e, et qui marque pour lui la fin d\u2019une belle aventure. Mais aussi le d\u00e9but d\u2019une autre, qui reste \u00e0 construire. <\/p>\n<p>Nous avons rencontr\u00e9, \u00e0 Lyon, en compagnie de son ancien chef Ga\u00ebtan Gentil ( Prairial *) ce jeune au talent brut, qui n\u2019oublie pas d\u2019o\u00f9 il vient. Et s\u2019il n\u2019a finalement pas gagn\u00e9 l\u2019\u00e9toile (Gwendal Poullennec et les inspecteurs ont estim\u00e9 qu\u2019il avait manqu\u00e9 de r\u00e9gularit\u00e9 sur les plats propos\u00e9s dans les \u00e9preuves, mais ont aussi assur\u00e9 qu\u2019ils allaient le suivre de pr\u00e8s), il continue sur sa lanc\u00e9e et sa belle \u00e9nergie, et&#8230;<\/p>\n","protected":false},"excerpt":{"rendered":"Le titre de son portrait dans l\u2019\u00e9mission \u00e9tait pr\u00e9monitoire. Pr\u00e9sent\u00e9 par la production comme \u201cle petit prodige\u201d de&hellip;\n","protected":false},"author":2,"featured_media":222297,"comment_status":"","ping_status":"","sticky":false,"template":"","format":"standard","meta":{"footnotes":""},"categories":[1889],"tags":[1111,11,2430,4406,130,33,2757,1777,674,1011,27,2428,2756,6016,12,25,2429,104,2205],"class_list":{"0":"post-222296","1":"post","2":"type-post","3":"status-publish","4":"format-standard","5":"has-post-thumbnail","7":"category-lyon","8":"tag-actu","9":"tag-actualites","10":"tag-auvergne-rhone-alpes","11":"tag-commerce-et-services","12":"tag-consommation","13":"tag-economie","14":"tag-edition-lyon-villeurbanne","15":"tag-eu","16":"tag-europe","17":"tag-fr","18":"tag-france","19":"tag-lyon","20":"tag-lyon-bassin","21":"tag-magazine-cuisine-et-vins","22":"tag-news","23":"tag-republique-francaise","24":"tag-rhone","25":"tag-societe","26":"tag-television-medias"},"share_on_mastodon":{"url":"https:\/\/pubeurope.com\/@fr\/114787422304603001","error":""},"_links":{"self":[{"href":"https:\/\/www.europesays.com\/fr\/wp-json\/wp\/v2\/posts\/222296","targetHints":{"allow":["GET"]}}],"collection":[{"href":"https:\/\/www.europesays.com\/fr\/wp-json\/wp\/v2\/posts"}],"about":[{"href":"https:\/\/www.europesays.com\/fr\/wp-json\/wp\/v2\/types\/post"}],"author":[{"embeddable":true,"href":"https:\/\/www.europesays.com\/fr\/wp-json\/wp\/v2\/users\/2"}],"replies":[{"embeddable":true,"href":"https:\/\/www.europesays.com\/fr\/wp-json\/wp\/v2\/comments?post=222296"}],"version-history":[{"count":0,"href":"https:\/\/www.europesays.com\/fr\/wp-json\/wp\/v2\/posts\/222296\/revisions"}],"wp:featuredmedia":[{"embeddable":true,"href":"https:\/\/www.europesays.com\/fr\/wp-json\/wp\/v2\/media\/222297"}],"wp:attachment":[{"href":"https:\/\/www.europesays.com\/fr\/wp-json\/wp\/v2\/media?parent=222296"}],"wp:term":[{"taxonomy":"category","embeddable":true,"href":"https:\/\/www.europesays.com\/fr\/wp-json\/wp\/v2\/categories?post=222296"},{"taxonomy":"post_tag","embeddable":true,"href":"https:\/\/www.europesays.com\/fr\/wp-json\/wp\/v2\/tags?post=222296"}],"curies":[{"name":"wp","href":"https:\/\/api.w.org\/{rel}","templated":true}]}}